{"id":31971,"date":"2024-04-08T12:59:16","date_gmt":"2024-04-08T09:59:16","guid":{"rendered":"http:\/\/mersinkadingazetesi.com\/?p=31971"},"modified":"2024-04-08T12:59:16","modified_gmt":"2024-04-08T09:59:16","slug":"buyuksehirden-mersinde-ilk-gulumse-alzheimer-yasam-merkezi","status":"publish","type":"post","link":"https:\/\/mersinkadingazetesi.com\/?p=31971","title":{"rendered":"B\u00dcY\u00dcK\u015eEH\u0130R&#8217;DEN MERS\u0130N&#8217;DE \u0130LK: G\u00dcL\u00dcMSE ALZHE\u0130MER YA\u015eAM MERKEZ\u0130"},"content":{"rendered":"<p>Mersin B\u00fcy\u00fck\u015fehir Belediyesi, Mersin&#8217;de yine bir ilke imza atarak, sadece Alzheimer hastalar\u0131n\u0131n ve yak\u0131nlar\u0131n\u0131n faydalanabilece\u011fi bir merkezi hayata ge\u00e7iriyor. Sa\u011fl\u0131k \u0130\u015fleri Dairesi Ba\u015fkanl\u0131\u011f\u0131 b\u00fcnyesinde &#8216;G\u00fcl\u00fcmse Alzheimer Ya\u015fam Merkezi&#8217; ismiyle hizmet verecek olan merkezde kay\u0131tlar ba\u015flad\u0131. Merkezde; Alzheimer hastalar\u0131n\u0131n sosyalle\u015fmesinin yan\u0131 s\u0131ra yap\u0131lacak zihinsel, fiziksel ve psikomotor etkinliklerle de hastal\u0131\u011f\u0131n seyrinin yava\u015flat\u0131lmas\u0131 ama\u00e7lan\u0131yor.<\/p>\n<p>Alzheimer hastalar\u0131n\u0131n ya\u015fam kalitesi artacak<\/p>\n<p>Yeni\u015fehir il\u00e7esi Piri Reis Mahallesi&#8217;nde, eski Tevfik S\u0131rr\u0131 G\u00fcr Stad\u0131&#8217;n\u0131n kar\u015f\u0131s\u0131nda bulunan merkez, 220 metrekare kapal\u0131 alana sahip. Merkezin i\u00e7 alan\u0131nda bir adet etkinlik odas\u0131, bir adet spor odas\u0131, bir adet de hasta dinlenme odas\u0131 yer al\u0131yor. D\u0131\u015far\u0131da da bah\u00e7e kullan\u0131m alan\u0131 bulunan merkez, Mersin&#8217;in merkez il\u00e7elerinde ya\u015fayan birinci evre Alzheimer hastalar\u0131na hizmet verecek.<\/p>\n<p>Merkez sayesinde hastalar, g\u00fcnl\u00fck aktivitelerden mahrum kalmadan, ya\u015f\u0131tlar\u0131yla birlikte vakit ge\u00e7irebilecek, b\u00f6ylece ya\u015fam kalitesi artacak. Hasta yak\u0131nlar\u0131n\u0131n da y\u00fck\u00fcn\u00fc hafifletecek olan merkez hem hastaya, hem de yak\u0131n\u0131na iyi gelecek.<\/p>\n<p>Tanr\u0131verdi: &#8220;Fiziksel ve zihinsel etkinlikler yaparak hastal\u0131\u011f\u0131n seyrini yava\u015flatmay\u0131 ama\u00e7l\u0131yoruz&#8221;<\/p>\n<p>Mersin B\u00fcy\u00fck\u015fehir Belediyesi Sa\u011fl\u0131k \u0130\u015fleri Daire Ba\u015fkanl\u0131\u011f\u0131&#8217;nda Gerontolog olarak g\u00f6rev yapan Cihan Tanr\u0131verdi, G\u00fcl\u00fcmse Alzheimer Ya\u015fam Merkezi&#8217;nin hizmet detaylar\u0131n\u0131 payla\u015farak, &#8220;G\u00fcl\u00fcmse Alzheimer Ya\u015fam Merkezi&#8217;nden birinci evre ba\u015flang\u0131\u00e7 evresindeki Alzheimer hastalar\u0131 faydalanabilirler. Kay\u0131t i\u00e7in hastan\u0131n 1. evre Alzheimer hastas\u0131 oldu\u011funa dair uzman hekim raporu istiyoruz. G\u00fcl\u00fcmse Alzheimer Ya\u015fam Merkezi&#8217;nde mental, fiziksel ve zihinsel etkinlikler yaparak tedavisi olmayan bir hastal\u0131\u011f\u0131n seyrini yava\u015flatmay\u0131 ve bir nebze de olsa hasta yak\u0131nlar\u0131na destek olmay\u0131 ama\u00e7l\u0131yoruz. Merkezden hizmet alacak hastalar\u0131m\u0131z\u0131n ula\u015f\u0131m\u0131 Mersin B\u00fcy\u00fck\u015fehir Belediyesi taraf\u0131ndan sa\u011flanacakt\u0131r. Hastalar\u0131m\u0131z belirtilen saatlerinde ikamet adreslerinden al\u0131n\u0131p hizmet sonland\u0131\u011f\u0131nda tekrar ikamet adreslerine taraf\u0131m\u0131zca ula\u015ft\u0131r\u0131lacakt\u0131r&#8221; dedi.<\/p>\n<p>&#8220;Mersin ili s\u0131n\u0131rlar\u0131 i\u00e7erisinde \u00fccretsiz g\u00fcnd\u00fcz hizmet veren tek Alzheimer merkezi&#8221;<\/p>\n<p>Tanr\u0131verdi, kay\u0131tlar\u0131 almaya ba\u015flad\u0131klar\u0131n\u0131 belirterek, &#8220;G\u00fcl\u00fcmse Alzheimer Ya\u015fam Merkezimizin bir di\u011fer \u00f6zelli\u011fi Mersin ili s\u0131n\u0131rlar\u0131 i\u00e7erisinde \u00fccretsiz g\u00fcnd\u00fcz hizmet veren tek Alzheimer merkez olmas\u0131d\u0131r. Merkezimizin kay\u0131tlar\u0131 ba\u015flad\u0131. Kay\u0131tlar i\u00e7in vatanda\u015flar\u0131m\u0131z\u0131n Piri Reis Mahallesi 1102  Sokak, No 5&#8217;teki merkezimize gelip \u00f6n g\u00f6r\u00fc\u015fme yapmas\u0131 gerekmektedir. Daha sonras\u0131nda talep edece\u011fimiz evraklar haz\u0131rlan\u0131r. Hasta kayd\u0131n\u0131 ba\u015flatabiliriz&#8221; ifadelerine yer verdi.<\/p>\n<p>Kerti: &#8220;Bu merkezin a\u00e7\u0131lmas\u0131 g\u00fcl\u00fcmsememizi art\u0131rd\u0131&#8221;<\/p>\n<p>U\u011fur Kerti, babas\u0131na 3 y\u0131l \u00f6nce Alzheimer te\u015fhisi kondu\u011funu ve &#8216;G\u00fcl\u00fcmse Alzheimer Ya\u015fam Merkezi&#8217;ni duyduklar\u0131nda \u00e7ok mutlu olduklar\u0131n\u0131 s\u00f6yledi. Kerti, &#8220;Belediyenin bu hizmetinden bir arkada\u015f vas\u0131tas\u0131yla haberdar olduk. \u00d6nce merkezi gezdik. T\u00fcm personel \u00e7ok ilgili davrand\u0131. Evraklar\u0131 talep ettiler. Bug\u00fcn kay\u0131t i\u015flemimizi ger\u00e7ekle\u015ftirdik. Babam i\u00e7in ger\u00e7ekten kritik derecede \u00f6neme sahip bir konuydu bu. \u00c7\u00fcnk\u00fc sosyalle\u015fmeyi, aktif olabilmeyi \u00e7ok seviyor. Malum pandemi d\u00f6neminde evlere kapanmak zorunda kald\u0131lar. O d\u00f6nem ciddi anlamda etkiledi ve ilerlemesine sebep oldu. Bu sebeple bu merkezin a\u00e7\u0131lmas\u0131 g\u00fcl\u00fcmsememizi art\u0131rd\u0131. Bu \u00e7al\u0131\u015fmalardan dolay\u0131 B\u00fcy\u00fck\u015fehir Belediyesi&#8217;ne, Vahap Se\u00e7er&#8217;e \u00e7ok te\u015fekk\u00fcr ediyoruz. \u00c7e\u015fitli oyunlar var. Sosyalle\u015fmek i\u00e7in farkl\u0131 etkinlikler d\u00fczenlenecek. Bunlar\u0131n hepsinin \u00e7ok iyi olaca\u011f\u0131na inan\u0131yorum. Bu sebeple sosyal belediyecili\u011fi ger\u00e7ekten bize ya\u015fatt\u0131\u011f\u0131 i\u00e7in bir kere daha te\u015fekk\u00fcr ediyoruz&#8221; dedi.<\/p>\n","protected":false},"excerpt":{"rendered":"<p>Mersin B\u00fcy\u00fck\u015fehir Belediyesi, Mersin&#8217;de yine bir ilke imza atarak, sadece Alzheimer hastalar\u0131n\u0131n ve yak\u0131nlar\u0131n\u0131n faydalanabilece\u011fi bir merkezi hayata ge\u00e7iriyor. Sa\u011fl\u0131k \u0130\u015fleri Dairesi Ba\u015fkanl\u0131\u011f\u0131 b\u00fcnyesinde &#8216;G\u00fcl\u00fcmse Alzheimer Ya\u015fam Merkezi&#8217; ismiyle hizmet verecek olan merkezde kay\u0131tlar ba\u015flad\u0131. Merkezde; Alzheimer hastalar\u0131n\u0131n sosyalle\u015fmesinin yan\u0131 s\u0131ra yap\u0131lacak zihinsel, fiziksel ve psikomotor etkinliklerle de hastal\u0131\u011f\u0131n seyrinin yava\u015flat\u0131lmas\u0131 ama\u00e7lan\u0131yor. Alzheimer hastalar\u0131n\u0131n ya\u015fam [&hellip;]<\/p>\n","protected":false},"author":2,"featured_media":31972,"comment_status":"open","ping_status":"open","sticky":false,"template":"","format":"standard","meta":{"footnotes":""},"categories":[3,9,10],"tags":[],"class_list":["post-31971","post","type-post","status-publish","format-standard","has-post-thumbnail","hentry","category-manset","category-saglik","category-spor"],"views":11,"_links":{"self":[{"href":"https:\/\/mersinkadingazetesi.com\/index.php?rest_route=\/wp\/v2\/posts\/31971"}],"collection":[{"href":"https:\/\/mersinkadingazetesi.com\/index.php?rest_route=\/wp\/v2\/posts"}],"about":[{"href":"https:\/\/mersinkadingazetesi.com\/index.php?rest_route=\/wp\/v2\/types\/post"}],"author":[{"embeddable":true,"href":"https:\/\/mersinkadingazetesi.com\/index.php?rest_route=\/wp\/v2\/users\/2"}],"replies":[{"embeddable":true,"href":"https:\/\/mersinkadingazetesi.com\/index.php?rest_route=%2Fwp%2Fv2%2Fcomments&post=31971"}],"version-history":[{"count":0,"href":"https:\/\/mersinkadingazetesi.com\/index.php?rest_route=\/wp\/v2\/posts\/31971\/revisions"}],"wp:featuredmedia":[{"embeddable":true,"href":"https:\/\/mersinkadingazetesi.com\/index.php?rest_route=\/wp\/v2\/media\/31972"}],"wp:attachment":[{"href":"https:\/\/mersinkadingazetesi.com\/index.php?rest_route=%2Fwp%2Fv2%2Fmedia&parent=31971"}],"wp:term":[{"taxonomy":"category","embeddable":true,"href":"https:\/\/mersinkadingazetesi.com\/index.php?rest_route=%2Fwp%2Fv2%2Fcategories&post=31971"},{"taxonomy":"post_tag","embeddable":true,"href":"https:\/\/mersinkadingazetesi.com\/index.php?rest_route=%2Fwp%2Fv2%2Ftags&post=31971"}],"curies":[{"name":"wp","href":"https:\/\/api.w.org\/{rel}","templated":true}]}}