{"id":31974,"date":"2024-04-08T13:00:20","date_gmt":"2024-04-08T10:00:20","guid":{"rendered":"http:\/\/mersinkadingazetesi.com\/?p=31974"},"modified":"2024-04-08T13:00:20","modified_gmt":"2024-04-08T10:00:20","slug":"cilek-mahallesinde-zafer-kutlamasi","status":"publish","type":"post","link":"https:\/\/mersinkadingazetesi.com\/?p=31974","title":{"rendered":"\u00c7\u0130LEK MAHALLES\u0130\u2019NDE ZAFER KUTLAMASI"},"content":{"rendered":"<p>Akdeniz Belediyesi E\u015f Ba\u015fkanlar\u0131 Nuriye Arslan ile Ho\u015fyar Sar\u0131y\u0131ld\u0131z, yerel se\u00e7im zaferinin ard\u0131ndan \u00c7ilek Mahallesi\u2019nde d\u00fczenlenen ve her ya\u015ftan y\u00fczlerce vatanda\u015f\u0131n bulu\u015ftu\u011fu g\u00f6rkemli bir kutlama t\u00f6renine kat\u0131ld\u0131.<br \/>\nCo\u015fku ve heyecan\u0131n hi\u00e7 d\u00fc\u015fmedi\u011fi kutlamaya, Mersin Milletvekili Ali Bozan\u2019\u0131n yan\u0131 s\u0131ra DEM Parti Akdeniz \u0130l\u00e7e Ba\u015fkanl\u0131\u011f\u0131 yetkilileri de kat\u0131ld\u0131. Civar mahallelerden de gelerek meydan\u0131 dolduran her ya\u015f ve kesimden vatanda\u015f, T\u00fcrk\u00e7e, K\u00fcrt\u00e7e ve Arap\u00e7a ezgiler alt\u0131nda saatlerce halay \u00e7ekti; kutlamay\u0131 organize eden \u00c7ilek Mahalleli gen\u00e7ler g\u00f6ky\u00fcz\u00fcn\u00fc havai fi\u015feklerle ayd\u0131nlatt\u0131. \u201cMersin seninle gurur duyuyor\u201d slogan\u0131 alt\u0131nda vatanda\u015flara hitap eden ve kutlamaya kat\u0131l\u0131mlar\u0131ndan dolay\u0131 vatanda\u015flara te\u015fekk\u00fcr eden Mersin Milletvekili Ali Bozan; \u201c\u00d6zellikle bug\u00fcn burada yap\u0131lan kutlama i\u00e7in haz\u0131rl\u0131k yapan, emek veren ve kutlaman\u0131n yap\u0131lmas\u0131 i\u00e7in sonuna kadar \u0131srarc\u0131 olan gen\u00e7lerimize te\u015fekk\u00fcr ediyorum. Ama ayn\u0131 zamanda bug\u00fcn bu kutlamada bizleri bir araya getirirken g\u00f6sterdikleri \u0131srar\u0131, bundan sonra partimizin \u00f6rg\u00fctlenmesi ve daha da g\u00fc\u00e7lenmesinde de g\u00f6stermelerini bekliyor ve rica ediyorum\u201d dedi.<br \/>\n\u201c31 Mart\u2019ta Akdeniz halklar\u0131n\u0131n istedi\u011fi oldu\u201d<br \/>\nEtkinlikte, se\u00e7im zaferine dair bir de\u011ferlendirme yapan Akdeniz Belediyesi E\u015f Ba\u015fkan\u0131 Nuriye Arslan; \u201cBug\u00fcn burada, halk\u0131m\u0131z\u0131n y\u0131llar\u0131n \u00f6zlemini duydu\u011fu bir zaferin kutlamas\u0131 i\u00e7in bir araya geldik. Akdeniz halk\u0131, y\u0131llar boyunca hizmetlerden mahrum b\u0131rak\u0131lan, \u00f6tekile\u015ftirilen bir halkt\u0131. Akdeniz, t\u00fcm halklar\u0131n bir arada ya\u015fad\u0131\u011f\u0131 bir b\u00f6lgedir. 31 Mart\u2019ta da halklar birle\u015fti ve y\u00f6netimi de\u011fi\u015ftirme karar\u0131 ald\u0131. Tabi istedikleri gibi de oldu. Bug\u00fcn de bu heyecan\u0131 halklar\u0131m\u0131zla birlikte ya\u015famak muazzam bir mutluluk. Akdeniz Belediyesi, b\u00fct\u00fcn Akdeniz halklar\u0131na kutlu olsun; T\u00fcrk\u2019\u00fcne, K\u00fcrt\u2019\u00fcne, Arap\u2019\u0131na, Laz\u2019\u0131na, \u00c7erkez\u2019ine; t\u00fcm yurtta\u015flar\u0131m\u0131za hay\u0131rl\u0131 olsun\u201d diye konu\u015ftu.<br \/>\nSar\u0131y\u0131ld\u0131z; \u201cHuzur ve bar\u0131\u015f i\u00e7erisinde bir kenti halk\u0131m\u0131zla birlikte in\u015fa edece\u011fiz\u201d<br \/>\nAkdeniz Belediyesi E\u015f Ba\u015fkan\u0131 Ho\u015fyar Sar\u0131y\u0131ld\u0131z da yapt\u0131\u011f\u0131 a\u00e7\u0131klamada; gen\u00e7lerin co\u015fku ve heyecan\u0131na ortak olmaktan duydu\u011fu mutlulu\u011fu dile getirdi, etkinli\u011fin d\u00fczenlenmesinde eme\u011fi ge\u00e7enlere te\u015fekk\u00fcr etti. Sar\u0131y\u0131ld\u0131z; \u201cGencinden, ya\u015fl\u0131s\u0131na, kad\u0131n\u0131ndan erke\u011fine, i\u015f\u00e7isinden emek\u00e7isinden bug\u00fcn herkes burada ve bir arada. Herkesin dilinde ayn\u0131 t\u00fcrk\u00fc, herkesin y\u00fcre\u011finde ayn\u0131 co\u015fku, heyecan ve ayn\u0131 mutluluk\u2026 Herkes, hep bir a\u011f\u0131zdan Akdeniz Belediyesi\u2019nin t\u0131pk\u0131 eskiden oldu\u011fu gibi co\u015fku ve mutlulukla an\u0131lmas\u0131n\u0131 istiyor. Akdeniz il\u00e7emiz, t\u00fcm halklar\u0131n bir arada, karde\u015f\u00e7e ve bar\u0131\u015f i\u00e7inde ya\u015fad\u0131\u011f\u0131 \u00e7ok zengin bir b\u00f6lgemiz.<br \/>\nHi\u00e7 kimsenin de kimseyle bir sorunu yok. \u0130stedi\u011fimiz de tam da bu. Hizmetlerimizle de gen\u00e7lerin mutlu olduklar\u0131, kad\u0131nlar\u0131n toplumsal cinsiyet e\u015fitsizliklerine kar\u015f\u0131 s\u0131\u011f\u0131nd\u0131klar\u0131 bir \u00e7at\u0131lar\u0131n\u0131n oldu\u011fu, \u00e7ocuklar\u0131n g\u00fcvenli alanlarda oyunlar oynad\u0131\u011f\u0131 ve insanlar\u0131n bir b\u00fct\u00fcn halinde ekonomik, sosyal, siyasal krizlere kar\u015f\u0131 g\u00fcvenip s\u0131\u011f\u0131nd\u0131klar\u0131, huzur, bar\u0131\u015f i\u00e7erisinde ya\u015fad\u0131klar\u0131 bir kenti halk\u0131m\u0131zla birlikte in\u015fa edece\u011fiz. Elbirli\u011fiyle bunu ba\u015faraca\u011f\u0131z. Akdeniz\u2019i hep birlikte lay\u0131k oldu\u011fu yere getirelim. Akdeniz\u2019i de Yeni\u015fehir\u2019i de Mezitli\u2019yi de Toroslar\u2019\u0131 da Tarsus\u2019u da bir b\u00fct\u00fcn halinde Mersin\u2019i, T\u00fcrkiye\u2019nin en g\u00fczel kenti yapal\u0131m\u201d \u015feklinde konu\u015ftu.<br \/>\nAkdeniz Belediyesi E\u015f Ba\u015fkanlar\u0131 Ho\u015fyar Sar\u0131y\u0131ld\u0131z ve Nuriye Arslan, a\u00e7\u0131klamalar\u0131n\u0131n ard\u0131ndan \u00c7ilek Mahalleli gen\u00e7ler taraf\u0131ndan organize edilen zafer kutlamas\u0131na e\u015flik ederek vatanda\u015flarla birlikte halay \u00e7ekti. Co\u015fkunun hi\u00e7 eksilmedi\u011fi kutlamada vatanda\u015flar; T\u00fcrk\u00e7e, K\u00fcrt\u00e7e ve Arap\u00e7a ezgiler e\u015fli\u011finde halaylar \u00e7ekti, g\u00f6ky\u00fcz\u00fc havai fi\u015fekler ve me\u015falelerle ayd\u0131nland\u0131.<\/p>\n","protected":false},"excerpt":{"rendered":"<p>Akdeniz Belediyesi E\u015f Ba\u015fkanlar\u0131 Nuriye Arslan ile Ho\u015fyar Sar\u0131y\u0131ld\u0131z, yerel se\u00e7im zaferinin ard\u0131ndan \u00c7ilek Mahallesi\u2019nde d\u00fczenlenen ve her ya\u015ftan y\u00fczlerce vatanda\u015f\u0131n bulu\u015ftu\u011fu g\u00f6rkemli bir kutlama t\u00f6renine kat\u0131ld\u0131. Co\u015fku ve heyecan\u0131n hi\u00e7 d\u00fc\u015fmedi\u011fi kutlamaya, Mersin Milletvekili Ali Bozan\u2019\u0131n yan\u0131 s\u0131ra DEM Parti Akdeniz \u0130l\u00e7e Ba\u015fkanl\u0131\u011f\u0131 yetkilileri de kat\u0131ld\u0131. Civar mahallelerden de gelerek meydan\u0131 dolduran her ya\u015f [&hellip;]<\/p>\n","protected":false},"author":2,"featured_media":31975,"comment_status":"open","ping_status":"open","sticky":false,"template":"","format":"standard","meta":{"footnotes":""},"categories":[2,3,5],"tags":[],"class_list":["post-31974","post","type-post","status-publish","format-standard","has-post-thumbnail","hentry","category-gundem","category-manset","category-mersin"],"views":4,"_links":{"self":[{"href":"https:\/\/mersinkadingazetesi.com\/index.php?rest_route=\/wp\/v2\/posts\/31974"}],"collection":[{"href":"https:\/\/mersinkadingazetesi.com\/index.php?rest_route=\/wp\/v2\/posts"}],"about":[{"href":"https:\/\/mersinkadingazetesi.com\/index.php?rest_route=\/wp\/v2\/types\/post"}],"author":[{"embeddable":true,"href":"https:\/\/mersinkadingazetesi.com\/index.php?rest_route=\/wp\/v2\/users\/2"}],"replies":[{"embeddable":true,"href":"https:\/\/mersinkadingazetesi.com\/index.php?rest_route=%2Fwp%2Fv2%2Fcomments&post=31974"}],"version-history":[{"count":0,"href":"https:\/\/mersinkadingazetesi.com\/index.php?rest_route=\/wp\/v2\/posts\/31974\/revisions"}],"wp:featuredmedia":[{"embeddable":true,"href":"https:\/\/mersinkadingazetesi.com\/index.php?rest_route=\/wp\/v2\/media\/31975"}],"wp:attachment":[{"href":"https:\/\/mersinkadingazetesi.com\/index.php?rest_route=%2Fwp%2Fv2%2Fmedia&parent=31974"}],"wp:term":[{"taxonomy":"category","embeddable":true,"href":"https:\/\/mersinkadingazetesi.com\/index.php?rest_route=%2Fwp%2Fv2%2Fcategories&post=31974"},{"taxonomy":"post_tag","embeddable":true,"href":"https:\/\/mersinkadingazetesi.com\/index.php?rest_route=%2Fwp%2Fv2%2Ftags&post=31974"}],"curies":[{"name":"wp","href":"https:\/\/api.w.org\/{rel}","templated":true}]}}