{"id":31978,"date":"2024-04-08T13:07:33","date_gmt":"2024-04-08T10:07:33","guid":{"rendered":"http:\/\/mersinkadingazetesi.com\/?p=31978"},"modified":"2024-04-08T13:07:33","modified_gmt":"2024-04-08T10:07:33","slug":"24-saat-isimizin-basinda-olacagiz","status":"publish","type":"post","link":"https:\/\/mersinkadingazetesi.com\/?p=31978","title":{"rendered":"&#8220;24 SAAT \u0130\u015e\u0130M\u0130Z\u0130N BA\u015eINDA OLACA\u011eIZ&#8221;"},"content":{"rendered":"<p>Mazbatas\u0131n\u0131 alarak g\u00f6reve ba\u015flayan Toroslar Belediye Ba\u015fkan\u0131 Abdurrahman Y\u0131ld\u0131z, Alada\u011f ve Ayvagedi\u011fi Mahalleleri&#8217;nde d\u00fczenlenen iftar yeme\u011finde, vatanda\u015flarla bir araya geldi.<\/p>\n<p>\u0130ftar program\u0131n\u0131n ard\u0131ndan vatanda\u015flarla sohbet eden Ba\u015fkan Y\u0131ld\u0131z, herkese e\u015fit hizmet vereceklerini s\u00f6yledi.<\/p>\n<p>Mahallelerde yo\u011fun ilgi ve sevgiyle kar\u015f\u0131lanan Ba\u015fkan Y\u0131ld\u0131z, ilk olarak Alada\u011f Mahallesi&#8217;nde d\u00fczenlenen iftar yeme\u011fine kat\u0131ld\u0131. Ba\u015fkan Y\u0131ld\u0131z&#8217;a, belediye meclis \u00fcyeleri de e\u015flik etti.<\/p>\n<p>&#8220;24 SAAT \u0130\u015e\u0130M\u0130Z\u0130N BA\u015eINDA OLACA\u011eIZ&#8221;<\/p>\n<p>\u00c7ocuk, gen\u00e7, ya\u015fl\u0131 t\u00fcm mahalle sakinleriyle tokala\u015farak sohbet eden Ba\u015fkan Y\u0131ld\u0131z, iftar yeme\u011finin ard\u0131ndan k\u0131sa bir konu\u015fma yapt\u0131.<\/p>\n<p>Ba\u015fkan Y\u0131ld\u0131z; &#8220;Se\u00e7imleri yapt\u0131k. Toroslar halk\u0131 bir tercih yapt\u0131 ve \u00f6n\u00fcm\u00fczdeki 5 y\u0131l\u0131n belediye ba\u015fkanl\u0131\u011f\u0131 g\u00f6revini verdi. \u0130n\u015fallah 5 y\u0131l boyunca Toroslar&#8217;\u0131n t\u00fcm mahallelerine hizmet edece\u011fiz. Bug\u00fcne kadar alamad\u0131\u011f\u0131n\u0131z hizmetleri, daha h\u0131zl\u0131, daha rasyonel ve adil bir \u015fekilde sunmaya \u00e7al\u0131\u015faca\u011f\u0131z. Elimizden gelen her\u015feyi yapaca\u011f\u0131z. Bundan emin olabilirsiniz. Bize verdi\u011finiz g\u00f6revi bo\u015fa \u00e7\u0131karmayaca\u011f\u0131z. 24 saat i\u015fimizin ba\u015f\u0131nda olaca\u011f\u0131z&#8221; dedi.<\/p>\n<p>&#8220;ABDURRAHMAN YILDIZ, HERKES\u0130N BELED\u0130YE BA\u015eKANI&#8221;<\/p>\n<p>Bir sonraki iftar program\u0131 ise Ayvagedi\u011fi Mahallesi&#8217;nde, Ayvagedi\u011fi K\u00fclt\u00fcr ve Yard\u0131mla\u015fma Derne\u011fi&#8217;nin (AYDER) ev sahipli\u011finde ger\u00e7ekle\u015fti.<\/p>\n<p>Ayvagedi\u011fi K\u00fclt\u00fcr ve Yard\u0131mla\u015fma Derne\u011fi Ba\u015fkan\u0131 Mehmet Y\u00fcksel, Toroslar Belediye Ba\u015fkan\u0131 Abdurrahman Y\u0131ld\u0131z&#8217;a iftar program\u0131na kat\u0131l\u0131m\u0131ndan dolay\u0131 te\u015fekk\u00fcr ederek, birlik ve beraberlik i\u00e7inde daha nice iftar programlar\u0131 yapmay\u0131 temenni etti.<\/p>\n<p>Ba\u015fkan Y\u0131ld\u0131z da t\u00fcm vatanda\u015flar\u0131n Ramazan Bayram\u0131&#8217;n\u0131 kutlayarak; &#8220;Ramazan ay\u0131n\u0131n son g\u00fcnlerine geldik. Ramazan Bayram\u0131m\u0131z\u0131 idrak edece\u011fiz. \u00d6ncelikle herkesin \u00e7ocuklar\u0131yla, ailesiyle mutlu bir bayram ge\u00e7irmelerini diliyorum. Art\u0131k se\u00e7im s\u00fcreci sona erdi. Ve bundan sonra Abdurrahman Y\u0131ld\u0131z, her birinizin belediye ba\u015fkan\u0131. Ve Belediyemiz, k\u0131rsal ve merkez olmak \u00fczere 67 mahallemizde 7\/24 hizmetinizde, emrinizde. Bundan sonra da mahalle muhtarlar\u0131m\u0131zla, buradaki kanaat \u00f6nderleri ile, derne\u011fimizle i\u015fbirli\u011fi yapmaya devam edece\u011fiz. Yaz\u0131n yaylalar\u0131m\u0131zda n\u00fcfus yo\u011funla\u015facak. B\u00fct\u00fcn sorunlar\u0131 s\u0131ras\u0131yla tek tek \u00e7\u00f6zece\u011fiz. Bizleri buraya davet eden Dernek Ba\u015fkan\u0131m\u0131za, y\u00f6netim kurulu \u00fcyelerine ve hepinize te\u015fekk\u00fcr ediyorum&#8221; diye konu\u015ftu.<\/p>\n<p>Ba\u015fkan Y\u0131ld\u0131z daha sonra, vatanda\u015flarla tek tek hat\u0131ra foto\u011fraf\u0131 \u00e7ektirdi.<\/p>\n","protected":false},"excerpt":{"rendered":"<p>Mazbatas\u0131n\u0131 alarak g\u00f6reve ba\u015flayan Toroslar Belediye Ba\u015fkan\u0131 Abdurrahman Y\u0131ld\u0131z, Alada\u011f ve Ayvagedi\u011fi Mahalleleri&#8217;nde d\u00fczenlenen iftar yeme\u011finde, vatanda\u015flarla bir araya geldi. \u0130ftar program\u0131n\u0131n ard\u0131ndan vatanda\u015flarla sohbet eden Ba\u015fkan Y\u0131ld\u0131z, herkese e\u015fit hizmet vereceklerini s\u00f6yledi. Mahallelerde yo\u011fun ilgi ve sevgiyle kar\u015f\u0131lanan Ba\u015fkan Y\u0131ld\u0131z, ilk olarak Alada\u011f Mahallesi&#8217;nde d\u00fczenlenen iftar yeme\u011fine kat\u0131ld\u0131. Ba\u015fkan Y\u0131ld\u0131z&#8217;a, belediye meclis \u00fcyeleri de [&hellip;]<\/p>\n","protected":false},"author":2,"featured_media":31979,"comment_status":"open","ping_status":"open","sticky":false,"template":"","format":"standard","meta":{"footnotes":""},"categories":[2,3],"tags":[],"class_list":["post-31978","post","type-post","status-publish","format-standard","has-post-thumbnail","hentry","category-gundem","category-manset"],"views":2,"_links":{"self":[{"href":"https:\/\/mersinkadingazetesi.com\/index.php?rest_route=\/wp\/v2\/posts\/31978"}],"collection":[{"href":"https:\/\/mersinkadingazetesi.com\/index.php?rest_route=\/wp\/v2\/posts"}],"about":[{"href":"https:\/\/mersinkadingazetesi.com\/index.php?rest_route=\/wp\/v2\/types\/post"}],"author":[{"embeddable":true,"href":"https:\/\/mersinkadingazetesi.com\/index.php?rest_route=\/wp\/v2\/users\/2"}],"replies":[{"embeddable":true,"href":"https:\/\/mersinkadingazetesi.com\/index.php?rest_route=%2Fwp%2Fv2%2Fcomments&post=31978"}],"version-history":[{"count":0,"href":"https:\/\/mersinkadingazetesi.com\/index.php?rest_route=\/wp\/v2\/posts\/31978\/revisions"}],"wp:featuredmedia":[{"embeddable":true,"href":"https:\/\/mersinkadingazetesi.com\/index.php?rest_route=\/wp\/v2\/media\/31979"}],"wp:attachment":[{"href":"https:\/\/mersinkadingazetesi.com\/index.php?rest_route=%2Fwp%2Fv2%2Fmedia&parent=31978"}],"wp:term":[{"taxonomy":"category","embeddable":true,"href":"https:\/\/mersinkadingazetesi.com\/index.php?rest_route=%2Fwp%2Fv2%2Fcategories&post=31978"},{"taxonomy":"post_tag","embeddable":true,"href":"https:\/\/mersinkadingazetesi.com\/index.php?rest_route=%2Fwp%2Fv2%2Ftags&post=31978"}],"curies":[{"name":"wp","href":"https:\/\/api.w.org\/{rel}","templated":true}]}}