{"id":31987,"date":"2024-04-10T16:32:18","date_gmt":"2024-04-10T13:32:18","guid":{"rendered":"http:\/\/mersinkadingazetesi.com\/?p=31987"},"modified":"2024-04-10T16:32:18","modified_gmt":"2024-04-10T13:32:18","slug":"ahmet-serkan-tuncer-ilk-meclis-toplantisini-gerceklestirdi","status":"publish","type":"post","link":"https:\/\/mersinkadingazetesi.com\/?p=31987","title":{"rendered":"Ahmet Serkan Tuncer \u0130lk Meclis Toplant\u0131s\u0131n\u0131 Ger\u00e7ekle\u015ftirdi"},"content":{"rendered":"<p>Mezitli Belediye Ba\u015fkan\u0131 Ahmet Serkan Tuncer, g\u00f6reve ba\u015flamas\u0131n\u0131n ard\u0131ndan ilk meclis toplant\u0131s\u0131n\u0131 ger\u00e7ekle\u015ftirdi. Toplant\u0131da, Mezitli&#8217;nin gelece\u011fi ve vatanda\u015flar\u0131n ihtiya\u00e7lar\u0131na y\u00f6nelik \u00f6nemli kararlar al\u0131nd\u0131. Ba\u015fkan Tuncer; meclis \u00fcyelerine hitaben yapt\u0131\u011f\u0131 konu\u015fmada, Mezitli&#8217;nin kalk\u0131nmas\u0131 ve refah\u0131 i\u00e7in i\u015fbirli\u011fi ve uyum i\u00e7inde \u00e7al\u0131\u015fma \u00e7a\u011fr\u0131s\u0131nda bulundu.<\/p>\n<p>Ayr\u0131ca Mezitli&#8217;deki altyap\u0131, e\u011fitim, sa\u011fl\u0131k ve \u00e7evre gibi alanlarda yap\u0131lacak projeler hakk\u0131nda g\u00f6r\u00fc\u015f al\u0131\u015fveri\u015finde bulunuldu. Toplant\u0131da al\u0131nan kararlar aras\u0131nda, \u015fehrin trafik sorunlar\u0131na \u00e7\u00f6z\u00fcm getirecek yeni yollar\u0131n yap\u0131lmas\u0131, park ve ye\u015fil alanlar\u0131n artt\u0131r\u0131lmas\u0131, kad\u0131n-erkek e\u015fitli\u011fi, sosyal yard\u0131m ve hizmetlerin geli\u015ftirilmesi gibi konular yer ald\u0131. Ba\u015fkan Tuncer; meclis \u00fcyelerine ve bas\u0131n mensuplar\u0131na te\u015fekk\u00fcr ederek, \u015fehrin daha ya\u015fanabilir bir yer haline gelmesi i\u00e7in ellerinden geleni yapacaklar\u0131n\u0131 belirtti.<\/p>\n","protected":false},"excerpt":{"rendered":"<p>Mezitli Belediye Ba\u015fkan\u0131 Ahmet Serkan Tuncer, g\u00f6reve ba\u015flamas\u0131n\u0131n ard\u0131ndan ilk meclis toplant\u0131s\u0131n\u0131 ger\u00e7ekle\u015ftirdi. Toplant\u0131da, Mezitli&#8217;nin gelece\u011fi ve vatanda\u015flar\u0131n ihtiya\u00e7lar\u0131na y\u00f6nelik \u00f6nemli kararlar al\u0131nd\u0131. Ba\u015fkan Tuncer; meclis \u00fcyelerine hitaben yapt\u0131\u011f\u0131 konu\u015fmada, Mezitli&#8217;nin kalk\u0131nmas\u0131 ve refah\u0131 i\u00e7in i\u015fbirli\u011fi ve uyum i\u00e7inde \u00e7al\u0131\u015fma \u00e7a\u011fr\u0131s\u0131nda bulundu. Ayr\u0131ca Mezitli&#8217;deki altyap\u0131, e\u011fitim, sa\u011fl\u0131k ve \u00e7evre gibi alanlarda yap\u0131lacak projeler hakk\u0131nda g\u00f6r\u00fc\u015f [&hellip;]<\/p>\n","protected":false},"author":2,"featured_media":31988,"comment_status":"open","ping_status":"open","sticky":false,"template":"","format":"standard","meta":{"footnotes":""},"categories":[1],"tags":[],"class_list":["post-31987","post","type-post","status-publish","format-standard","has-post-thumbnail","hentry","category-genel"],"views":1,"_links":{"self":[{"href":"https:\/\/mersinkadingazetesi.com\/index.php?rest_route=\/wp\/v2\/posts\/31987"}],"collection":[{"href":"https:\/\/mersinkadingazetesi.com\/index.php?rest_route=\/wp\/v2\/posts"}],"about":[{"href":"https:\/\/mersinkadingazetesi.com\/index.php?rest_route=\/wp\/v2\/types\/post"}],"author":[{"embeddable":true,"href":"https:\/\/mersinkadingazetesi.com\/index.php?rest_route=\/wp\/v2\/users\/2"}],"replies":[{"embeddable":true,"href":"https:\/\/mersinkadingazetesi.com\/index.php?rest_route=%2Fwp%2Fv2%2Fcomments&post=31987"}],"version-history":[{"count":0,"href":"https:\/\/mersinkadingazetesi.com\/index.php?rest_route=\/wp\/v2\/posts\/31987\/revisions"}],"wp:featuredmedia":[{"embeddable":true,"href":"https:\/\/mersinkadingazetesi.com\/index.php?rest_route=\/wp\/v2\/media\/31988"}],"wp:attachment":[{"href":"https:\/\/mersinkadingazetesi.com\/index.php?rest_route=%2Fwp%2Fv2%2Fmedia&parent=31987"}],"wp:term":[{"taxonomy":"category","embeddable":true,"href":"https:\/\/mersinkadingazetesi.com\/index.php?rest_route=%2Fwp%2Fv2%2Fcategories&post=31987"},{"taxonomy":"post_tag","embeddable":true,"href":"https:\/\/mersinkadingazetesi.com\/index.php?rest_route=%2Fwp%2Fv2%2Ftags&post=31987"}],"curies":[{"name":"wp","href":"https:\/\/api.w.org\/{rel}","templated":true}]}}