{"id":32005,"date":"2024-04-10T16:50:03","date_gmt":"2024-04-10T13:50:03","guid":{"rendered":"http:\/\/mersinkadingazetesi.com\/?p=32005"},"modified":"2024-04-10T16:50:03","modified_gmt":"2024-04-10T13:50:03","slug":"secer-mersin-buyuksehirin-bayramda-da-gorev-basinda-oldugunu-anlatti","status":"publish","type":"post","link":"https:\/\/mersinkadingazetesi.com\/?p=32005","title":{"rendered":"SE\u00c7ER, MERS\u0130N B\u00dcY\u00dcK\u015eEH\u0130R&#8217;\u0130N BAYRAM&#8217;DA DA G\u00d6REV BA\u015eINDA OLDU\u011eUNU ANLATTI"},"content":{"rendered":"<p>Mersin B\u00fcy\u00fck\u015fehir Belediye Ba\u015fkan\u0131 Vahap Se\u00e7er, Mersin Valili\u011fi taraf\u0131ndan Ramazan Bayram\u0131 dolay\u0131s\u0131yla d\u00fczenlenen program kapsam\u0131nda Arife G\u00fcn\u00fc&#8217;nde Mersin \u015eehitli\u011fi&#8217;ni ziyaret ederek, \u015fehit aileleri ile bayramla\u015ft\u0131.<\/p>\n<p>Toroslar il\u00e7esi Akbelen Mahallesi \u015eehir Mezarl\u0131\u011f\u0131&#8217;ndaki \u015eehitlik&#8217;te d\u00fczenlenen t\u00f6rene Ba\u015fkan Se\u00e7er&#8217;in yan\u0131 s\u0131ra; Mersin Valisi Ali Hamza Pehlivan, Akdeniz B\u00f6lge ve Garnizon Komutan\u0131 Tu\u011famiral Murat F\u0131rat, milletvekilleri, \u015fehit aileleri, gaziler ve kent protokol\u00fc kat\u0131ld\u0131. \u015eehitler i\u00e7in dua okunan ziyarette Ba\u015fkan Se\u00e7er, \u015fehit mezarlar\u0131na karanfil b\u0131rakarak, \u015fehit aileleri ile bayramla\u015ft\u0131.<\/p>\n<p>Ba\u015fkan Se\u00e7er: &#8220;Bayram boyunca \u015fehrimizde olaca\u011f\u0131z&#8221;<\/p>\n<p>Program sonras\u0131 gazetecilerin sorular\u0131n\u0131 yan\u0131tlayan Ba\u015fkan Se\u00e7er, \u015eehitlik ziyaretinde, \u015fehitlerin aileleri ile bir araya gelerek, \u015fehitleri y\u00e2d ettiklerinden s\u00f6z ederek, gazilere sa\u011fl\u0131kl\u0131 bir ya\u015fam, \u015fehitlere de Allah&#8217;tan rahmet diledi. \u015eehitlik ziyaretinde \u015fehit aileleri ile de sohbet etme imkan\u0131 bulduklar\u0131ndan bahseden Se\u00e7er, &#8220;B\u00f6yle \u00f6zel g\u00fcnlerin \u00f6zelli\u011fi de bu; insanlar\u0131 bir araya getiriyor, hatta uzun s\u00fcre g\u00f6rmedi\u011finiz insanlar\u0131 g\u00f6rme imkan\u0131n\u0131z oluyor. Ben de Bayram s\u00fcresi boyunca burada olaca\u011f\u0131m. Bayram boyunca buraday\u0131z, \u015fehrimizde olaca\u011f\u0131z&#8221; dedi.<\/p>\n<p>Mersin B\u00fcy\u00fck\u015fehir, Bayram&#8217;da da g\u00f6rev ba\u015f\u0131nda<\/p>\n<p>Mersin B\u00fcy\u00fck\u015fehir Belediyesi taraf\u0131ndan, di\u011fer g\u00fcnlerde oldu\u011fu gibi Ramazan Bayram\u0131 s\u00fcresince de hizmetlerin hi\u00e7bir aksama ya\u015fanmadan devam edece\u011fini vurgulayan Se\u00e7er, &#8220;Toplu ta\u015f\u0131ma ara\u00e7lar\u0131m\u0131z \u00fccretsiz olacak. Vatanda\u015flar\u0131m\u0131z 3 g\u00fcn boyunca \u00fccret vermeden Belediye otob\u00fcslerini kullan\u0131labilecek. Mezarl\u0131klar\u0131n temizli\u011fini ve bak\u0131m\u0131n\u0131 yapt\u0131k, haz\u0131r. Mezarl\u0131klarda vatanda\u015flar\u0131m\u0131zla da ilgileniliyor, \u015feker ikram ediliyor, servis imkanlar\u0131 da var. Akbelen, \u00c7iftlikk\u00f6y ve G\u00fcneykent mezarl\u0131klar\u0131m\u0131z\u0131n servisleri var&#8221; diye belirterek, vatanda\u015flar\u0131n, B\u00fcy\u00fck\u015fehir Belediyesi&#8217;nin \u00e7al\u0131\u015fmalar\u0131n\u0131 sosyal medya hesaplar\u0131 ile Teksin&#8217;den takip edip, izlemelerini s\u00f6zlerine ekledi.<\/p>\n<p>B\u00fcy\u00fck\u015fehir bu Bayram&#8217;da da \u00e7ocuklar\u0131 unutmuyor<\/p>\n<p>Dezavantajl\u0131 mahallelerde ya\u015fayan \u00e7ocuklar\u0131 da unutmad\u0131klar\u0131n\u0131 kaydeden Se\u00e7er, &#8220;\u00c7ocuklar\u0131m\u0131za kumbaralar i\u00e7erisinde \u015feker da\u011f\u0131taca\u011f\u0131z. \u015eekerleri bitince de kumbaralar\u0131 tasarruf i\u00e7in kullanabilirler. Mercan 100. Y\u0131l \u0130klim ve \u00c7evre Bilim Merkezimiz a\u00e7\u0131k ve randevusuz ziyaret\u00e7i kabul ediyor. Buradan vatanda\u015flar\u0131m\u0131za duyuruyorum; \u00e7ocuklar\u0131n\u0131z\u0131 l\u00fctfen Mercan 100. Y\u0131l \u0130klim ve \u00c7evre Bilim Merkezimize g\u00f6t\u00fcr\u00fcn. Yine Tarsus Do\u011fa Park\u0131 ve Tarsus Gen\u00e7lik Kamp\u0131m\u0131z da randevusuz hizmet verecek. Etkinlik ve Sanat Merkezlerimiz, Okuma Salonlar\u0131m\u0131z a\u00e7\u0131k. \u00c7ocuklar\u0131m\u0131z Bayram s\u00fcresi boyunca Okuma Salonlar\u0131m\u0131zdan faydalans\u0131nlar&#8221; diye seslendi.<\/p>\n<p>&#8220;T\u00fcm birimler haz\u0131r ve g\u00f6rev ba\u015f\u0131ndalar&#8221;<\/p>\n<p>\u00c7evre illerden gelen ve hastanede hastas\u0131 bulunan yurtta\u015flara hizmet veren Refakat\u00e7i Evi hizmetinin de Ramazan Bayram\u0131&#8217;nda devam etti\u011fini, Refakat\u00e7i Evi&#8217;nin a\u00e7\u0131k oldu\u011funu ifade eden Se\u00e7er, Engelli Transfer ara\u00e7lar\u0131 ile Evde Bak\u0131m Hizmetlerinin de devam edece\u011finin alt\u0131n\u0131 \u00e7izdi. Se\u00e7er, &#8220;\u0130tfaiye, Zab\u0131ta, \u00c7evre Koruma ve Kontrol; t\u00fcm birimler haz\u0131r ve g\u00f6rev ba\u015f\u0131ndalar.  Vatanda\u015flar\u0131m\u0131z herhangi bir istek, talep, olumlu olumsuz arama ihtiyac\u0131nda Alo 185 Teksin \u00c7a\u011fr\u0131 Merkezi&#8217;ni kullans\u0131nlar, 7\/24 Mersinlilerin hizmetinde olacak&#8221; ifadelerine yer verdi.<\/p>\n<p>&#8220;Bizim temel d\u00fcsturumuz ve mottomuz birlik, beraberlik&#8221;<\/p>\n<p>Huzurlu bir Bayram temennisinde bulunarak s\u00f6zlerine son veren Se\u00e7er, &#8220;Bizim temel d\u00fcsturumuz ve mottomuz birlik, beraberlik. Gerisi teferruat. Birlik, beraberlik i\u00e7erisinde sevdiklerimizle ve dostlar\u0131m\u0131zla Bayram\u0131m\u0131z\u0131 ge\u00e7irelim. Huzurlu bir Bayram olsun, t\u00fcm d\u00fcnyaya huzur, sa\u011fl\u0131k ve mutluluk getirsin. Mersinli hem\u015fehrilerimin bayram\u0131n\u0131 kutluyorum&#8221; dedi.<\/p>\n","protected":false},"excerpt":{"rendered":"<p>Mersin B\u00fcy\u00fck\u015fehir Belediye Ba\u015fkan\u0131 Vahap Se\u00e7er, Mersin Valili\u011fi taraf\u0131ndan Ramazan Bayram\u0131 dolay\u0131s\u0131yla d\u00fczenlenen program kapsam\u0131nda Arife G\u00fcn\u00fc&#8217;nde Mersin \u015eehitli\u011fi&#8217;ni ziyaret ederek, \u015fehit aileleri ile bayramla\u015ft\u0131. Toroslar il\u00e7esi Akbelen Mahallesi \u015eehir Mezarl\u0131\u011f\u0131&#8217;ndaki \u015eehitlik&#8217;te d\u00fczenlenen t\u00f6rene Ba\u015fkan Se\u00e7er&#8217;in yan\u0131 s\u0131ra; Mersin Valisi Ali Hamza Pehlivan, Akdeniz B\u00f6lge ve Garnizon Komutan\u0131 Tu\u011famiral Murat F\u0131rat, milletvekilleri, \u015fehit aileleri, gaziler [&hellip;]<\/p>\n","protected":false},"author":2,"featured_media":32006,"comment_status":"open","ping_status":"open","sticky":false,"template":"","format":"standard","meta":{"footnotes":""},"categories":[3],"tags":[],"class_list":["post-32005","post","type-post","status-publish","format-standard","has-post-thumbnail","hentry","category-manset"],"views":4,"_links":{"self":[{"href":"https:\/\/mersinkadingazetesi.com\/index.php?rest_route=\/wp\/v2\/posts\/32005"}],"collection":[{"href":"https:\/\/mersinkadingazetesi.com\/index.php?rest_route=\/wp\/v2\/posts"}],"about":[{"href":"https:\/\/mersinkadingazetesi.com\/index.php?rest_route=\/wp\/v2\/types\/post"}],"author":[{"embeddable":true,"href":"https:\/\/mersinkadingazetesi.com\/index.php?rest_route=\/wp\/v2\/users\/2"}],"replies":[{"embeddable":true,"href":"https:\/\/mersinkadingazetesi.com\/index.php?rest_route=%2Fwp%2Fv2%2Fcomments&post=32005"}],"version-history":[{"count":0,"href":"https:\/\/mersinkadingazetesi.com\/index.php?rest_route=\/wp\/v2\/posts\/32005\/revisions"}],"wp:featuredmedia":[{"embeddable":true,"href":"https:\/\/mersinkadingazetesi.com\/index.php?rest_route=\/wp\/v2\/media\/32006"}],"wp:attachment":[{"href":"https:\/\/mersinkadingazetesi.com\/index.php?rest_route=%2Fwp%2Fv2%2Fmedia&parent=32005"}],"wp:term":[{"taxonomy":"category","embeddable":true,"href":"https:\/\/mersinkadingazetesi.com\/index.php?rest_route=%2Fwp%2Fv2%2Fcategories&post=32005"},{"taxonomy":"post_tag","embeddable":true,"href":"https:\/\/mersinkadingazetesi.com\/index.php?rest_route=%2Fwp%2Fv2%2Ftags&post=32005"}],"curies":[{"name":"wp","href":"https:\/\/api.w.org\/{rel}","templated":true}]}}