{"id":32008,"date":"2024-04-10T16:51:48","date_gmt":"2024-04-10T13:51:48","guid":{"rendered":"http:\/\/mersinkadingazetesi.com\/?p=32008"},"modified":"2024-04-10T16:51:48","modified_gmt":"2024-04-10T13:51:48","slug":"akdeniz-belediyesi-es-baskani-sariyildiz-kutuplastiran-ve-ayristiran-bir-dilin-karsisinda-duracagiz-halkimiza-esit-hizmet-goturecegiz","status":"publish","type":"post","link":"https:\/\/mersinkadingazetesi.com\/?p=32008","title":{"rendered":"Akdeniz Belediyesi E\u015f Ba\u015fkan\u0131 Sar\u0131y\u0131ld\u0131z; \u201cKutupla\u015ft\u0131ran ve ayr\u0131\u015ft\u0131ran bir dilin kar\u015f\u0131s\u0131nda duraca\u011f\u0131z. Halk\u0131m\u0131za e\u015fit hizmet g\u00f6t\u00fcrece\u011fiz.\u201d"},"content":{"rendered":"<p>Akdeniz Belediyesi E\u015f Ba\u015fkan\u0131 Arslan; \u201cT\u00fcm i\u015f\u00e7ilerimizin ve emek\u00e7ilerimizin yan\u0131nday\u0131z. Demokratik, \u015feffaf ve a\u00e7\u0131k bir belediyecilik \u00f6rne\u011fi sergileyece\u011fimizden kimsenin ku\u015fkusu olmas\u0131n.\u201d<br \/>\nAkdeniz Belediye Meclisi\u2019nin yeni d\u00f6nem ilk toplant\u0131s\u0131nda g\u00fcndem gere\u011fi yap\u0131lan oylamalar sonucunda; meclis ba\u015fkan vekilleri, k\u00e2tip ve enc\u00fcmen \u00fcyeleri ile ihtisas komisyonlar\u0131 \u00fcyeleri se\u00e7ildi. Akdeniz Belediye E\u015f Ba\u015fkanlar\u0131 Ho\u015fyar Sar\u0131y\u0131ld\u0131z ile Nuriye Arslan\u2019\u0131n k\u00e2tip \u00fcyelerle birlikte divanda yer ald\u0131\u011f\u0131 toplant\u0131da, Ba\u015fkanl\u0131k Makam\u0131n\u0131n 2023 y\u0131l\u0131 idari faaliyet raporlar\u0131 kamuoyu ile payla\u015f\u0131ld\u0131, ayr\u0131ca meclis \u00fcyeleri denetim raporu hakk\u0131nda bilgilendirildi.<br \/>\n\u201cHalk\u0131m\u0131z, demokratik se\u00e7imlerle tercihini dile getirdi\u201d<br \/>\nMeclis \u00fcyelerinin faaliyet ve denetim raporlar\u0131 hakk\u0131ndaki tart\u0131\u015fma ve ele\u015ftirileri \u00fczerine s\u00f6z alan E\u015f Ba\u015fkan Sar\u0131y\u0131ld\u0131z; \u201cBahsi ge\u00e7en raporlar herkesin ula\u015fabilece\u011fi aleni, \u015feffaf raporlard\u0131r. Denetim kurulu raporunu yazm\u0131\u015f, oy\u00e7oklu\u011fu ile sonuca varm\u0131\u015ft\u0131r. Muhalefet de \u015ferhini d\u00fc\u015fm\u00fc\u015ft\u00fcr. Kamuoyu bir kanaate varm\u0131\u015ft\u0131r. Halk da demokratik se\u00e7imlerle tercihini dile getirmi\u015ftir. Geride kalan 5 y\u0131lda, kutupla\u015ft\u0131ran ve ayr\u0131\u015ft\u0131ran dilin toplumda kar\u015f\u0131l\u0131k bulmad\u0131\u011f\u0131, halk\u0131n birle\u015fmeden yana oldu\u011fu, T\u00fcrkiye genel siyasetinin yans\u0131m\u0131\u015f oldu\u011fu, daha \u00f6nce ba\u015fak tarlas\u0131 gibi sapsar\u0131 olan haritan\u0131n, bu d\u00f6nem nas\u0131l da rengarenk bir formata b\u00fcr\u00fcnd\u00fc\u011f\u00fcn\u00fc hepimiz g\u00f6rd\u00fck\u201d dedi.<br \/>\n\u201c\u0130lk i\u015f olarak ba\u015fkanl\u0131k makam\u0131n\u0131n kap\u0131lar\u0131n\u0131 s\u00f6kt\u00fck\u201d<br \/>\nToplumun verdi\u011fi mesaja g\u00f6re siyasetin kendini revize etmek zorunda oldu\u011funu vurgulayan Sar\u0131y\u0131ld\u0131z; \u201c\u0130sim \u00f6nemli de\u011fil; \u00f6nceki d\u00f6nem yap\u0131lan bir\u00e7ok yanl\u0131\u015f uygulama oldu\u011fu gibi yap\u0131lan do\u011fru uygulamalar da vard\u0131. Biz; k\u00f6kten ret\u00e7i bir anlay\u0131\u015fla hi\u00e7bir hizmetin yap\u0131lmad\u0131\u011f\u0131n\u0131 s\u00f6ylesek haks\u0131zl\u0131k olur. Ama sizler de biliyorsunuz ki Akdeniz, Mersin\u2019in atan kalbi; ger\u00e7ekten hizmet \u00fcretmek isteyen bir y\u00f6netim, samimiyetle halka gitti\u011finde \u00e7ok ciddi projelerle, halkla bir araya gelebilecek bir alan\u2026<br \/>\nK\u00fcrt\u2019\u00fcn, T\u00fcrk\u2019\u00fcn, Arap\u2019\u0131n, Roman\u2019\u0131n, Rum\u2019un, Alevi\u2019nin, S\u00fcnni\u2019nin, H\u0131ristiyan\u2019\u0131n ya\u015fad\u0131\u011f\u0131 bir yer; T\u00fcrkiye\u2019nin bir minyat\u00fcr\u00fc Akdeniz. \u015eu an Meclisimizde de t\u00fcm halklardan, inan\u00e7lardan kesimler var. Bizim istedi\u011fimiz tam da bu. G\u00fczel projeler ve hizmet anlay\u0131\u015f\u0131yla halk\u0131m\u0131za gitti\u011fimiz zaman, halk do\u011fal olarak r\u0131za \u00fcretecektir. Belli ki baz\u0131 konularda eksiklik ya\u015fanm\u0131\u015f ki daha \u00f6nce g\u00f6r\u00fclmemi\u015f tarihi farkla se\u00e7im lehimize sonu\u00e7land\u0131. Ge\u00e7mi\u015fe kap\u0131lmak gibi bir durumumuz yok. Ge\u00e7mi\u015fin hatalar\u0131ndan ders al\u0131p yeni s\u00fcre\u00e7te daha iyisini yapmay\u0131 \u00f6n\u00fcm\u00fcze hedef koyaca\u011f\u0131z. Kutupla\u015ft\u0131ran ve ayr\u0131\u015ft\u0131ran bir dilin kar\u015f\u0131s\u0131nda duraca\u011f\u0131z. Halk\u0131m\u0131za e\u015fit hizmet g\u00f6t\u00fcrece\u011fiz. \u0130lk i\u015f olarak da belediye ba\u015fkanl\u0131k makam\u0131n\u0131n kap\u0131lar\u0131n\u0131 s\u00f6kt\u00fck. Halk\u0131m\u0131z da bundan \u00e7ok b\u00fcy\u00fck bir mutluluk duydu\u201d \u015feklinde konu\u015ftu.<br \/>\n\u201cSe\u00e7im d\u00f6neminde \u00f6l\u00e7\u00fcy\u00fc ka\u00e7\u0131ranlara kar\u015f\u0131 yasal s\u00fcre\u00e7 ba\u015flataca\u011f\u0131z\u201d<br \/>\nE\u015f Ba\u015fkan Nuriye Arslan da se\u00e7im s\u00fcrecinde inan\u0131lmaz alg\u0131larla itham edildiklerini, buna ra\u011fmen halk\u0131n vicdan\u0131na s\u0131\u011f\u0131narak s\u00fcreci atlatt\u0131klar\u0131n\u0131 ifade etti. \u201cElbette siyasetin bir \u00f6l\u00e7\u00fcs\u00fc var; Siyaset bir yar\u0131\u015ft\u0131r ama ke\u015fke birileri o \u00f6l\u00e7\u00fcy\u00fc pervas\u0131zca a\u015fmasalard\u0131\u201d diyen Arslan; \u201cTabi ki bunun hukuki boyutu da olacak. Bundan sonraki s\u00fcre\u00e7lerde bizimle ilgili iddialar hakk\u0131nda yasal s\u00fcreci de ba\u015flataca\u011f\u0131z. \u015eu da bilinmelidir ki Nuriye Arslan ve Ho\u015fyar Sar\u0131y\u0131ld\u0131z, sadece DEM Partili se\u00e7menlerin de\u011fil, Akdeniz\u2019de ya\u015fayan b\u00fct\u00fcn halklar\u0131m\u0131z\u0131n e\u015f ba\u015fkan\u0131d\u0131r. Hizmet g\u00f6t\u00fcr\u00fcrken de kesinlikle ayr\u0131m yapmayaca\u011f\u0131z. Bu bizim temel, esas g\u00f6revimizdir. Partimizin k\u00fclt\u00fcr\u00fc de bu y\u00f6nl\u00fcd\u00fcr\u201d diye konu\u015ftu.<br \/>\n\u201c\u0130\u015f\u00e7ilerimizin, emek\u00e7ilerimizin yan\u0131nday\u0131z\u201d<br \/>\nAkdeniz Belediyesi\u2019ni DEM Parti kazan\u0131nca i\u015f\u00e7i \u00e7\u0131karmalar\u0131n ba\u015flayaca\u011f\u0131 y\u00f6n\u00fcndeki iddialar\u0131 da yalanlayan Arslan; s\u00f6zlerini \u015f\u00f6yle s\u00fcrd\u00fcrd\u00fc; \u201cT\u00fcm i\u015f\u00e7ilerimizin ve emek\u00e7ilerimizin bilmesini isteriz ki \u015ferefi ve namusuyla \u00e7al\u0131\u015fan her emek\u00e7inin yan\u0131nda oldu\u011fumuzu herkes bilsin. Partimizin esas ald\u0131\u011f\u0131 yol; i\u015f\u00e7ilerin, emek\u00e7ilerin, kad\u0131nlar\u0131n, gen\u00e7lerin \u00f6n\u00fcn\u00fc a\u00e7makt\u0131r. Bizler de bu \u00e7izgide y\u00fcr\u00fcyece\u011fimizi tekrar belirtmek istiyoruz. Akdeniz\u2019imiz \u00e7ok g\u00fczel bir renktir\u2026 G\u00fczel bir ba\u015far\u0131 elde edildi. Bu ba\u015far\u0131 da Akdeniz halklar\u0131n\u0131n ba\u015far\u0131s\u0131d\u0131r. Bizler de elimizden gelen hizmeti halk\u0131m\u0131za sunmaktan geri kalmayaca\u011f\u0131z. Demokratik, \u015feffaf ve a\u00e7\u0131k bir belediyecilik \u00f6rne\u011fi sergileyece\u011fimizden kimsenin ku\u015fkusu olmas\u0131n.\u201d<br \/>\nBa\u015fkanvekilleri, k\u00e2tip \u00fcyeler, belediye enc\u00fcmeni ve komisyon \u00fcyeleri se\u00e7ildi<br \/>\nToplant\u0131da, Akdeniz Belediyesi Personel Anonim \u015eirketi ile Akdeniz \u0130mar \u0130n\u015faat K\u00fclt\u00fcr Orman \u00dcr\u00fcnleri Tar\u0131m Ticaret Anonim \u015eirketi\u2019nde, ba\u015fkanl\u0131\u011f\u0131n t\u00fcm i\u015flemlerini yapmaya Akdeniz Belediye E\u015f Ba\u015fkan\u0131 Ho\u015fyar Sar\u0131y\u0131ld\u0131z\u2019\u0131n atanmas\u0131 ve yetkilendirilmesine ili\u015fkin teklif g\u00f6r\u00fc\u015f\u00fclerek oybirli\u011fi ile kabul edildi.<br \/>\nOylamalar sonucu Akdeniz Belediye Meclisi 1\u2019inci Ba\u015fkanvekilli\u011fine Nuriye Arslan; (DEM Parti), 2\u2019nci Ba\u015fkanvekilli\u011fine de \u00d6zg\u00fcr \u00c7a\u011flar (DEM Parti) se\u00e7ildi. Ruken Savucu (DEM Parti) ve Hamit Mert Avc\u0131\u2019n\u0131n (CHP) Meclis k\u00e2tip \u00fcyeleri olarak se\u00e7ildi\u011fi Mecliste, Enc\u00fcmen \u00fcyeleri de Merih \u00d6zi\u015f (CHP), Yakup Dan\u0131\u015f (DEM Parti), Neslihan Oru\u00e7 (DEM Parti) ve Mehmet T\u00fcrkmen (AK Parti) oldu.<br \/>\nMersin ve \u00c7evresi Turizm Alan\u0131 Altyap\u0131 Hizmetleri Birli\u011fi\u2019ne (METAB) de Nuriye Arslan asil \u00fcye olarak se\u00e7ilirken, Do\u011fu Akdeniz Belediyeler Birli\u011fi \u00fcyeliklerine de Nuriye Arslan, Ahmet Tuncer, Ayd\u0131n Demirci ile Murat \u00d6zkaya se\u00e7ildi. Akdeniz Belediye Meclisi\u2019nin bir sonraki toplant\u0131s\u0131 06 May\u0131s 2024 tarihinde d\u00fczenlenecek. <\/p>\n","protected":false},"excerpt":{"rendered":"<p>Akdeniz Belediyesi E\u015f Ba\u015fkan\u0131 Arslan; \u201cT\u00fcm i\u015f\u00e7ilerimizin ve emek\u00e7ilerimizin yan\u0131nday\u0131z. Demokratik, \u015feffaf ve a\u00e7\u0131k bir belediyecilik \u00f6rne\u011fi sergileyece\u011fimizden kimsenin ku\u015fkusu olmas\u0131n.\u201d Akdeniz Belediye Meclisi\u2019nin yeni d\u00f6nem ilk toplant\u0131s\u0131nda g\u00fcndem gere\u011fi yap\u0131lan oylamalar sonucunda; meclis ba\u015fkan vekilleri, k\u00e2tip ve enc\u00fcmen \u00fcyeleri ile ihtisas komisyonlar\u0131 \u00fcyeleri se\u00e7ildi. Akdeniz Belediye E\u015f Ba\u015fkanlar\u0131 Ho\u015fyar Sar\u0131y\u0131ld\u0131z ile Nuriye Arslan\u2019\u0131n k\u00e2tip [&hellip;]<\/p>\n","protected":false},"author":2,"featured_media":32009,"comment_status":"open","ping_status":"open","sticky":false,"template":"","format":"standard","meta":{"footnotes":""},"categories":[2,3,6],"tags":[],"class_list":["post-32008","post","type-post","status-publish","format-standard","has-post-thumbnail","hentry","category-gundem","category-manset","category-siyaset-2"],"views":5,"_links":{"self":[{"href":"https:\/\/mersinkadingazetesi.com\/index.php?rest_route=\/wp\/v2\/posts\/32008"}],"collection":[{"href":"https:\/\/mersinkadingazetesi.com\/index.php?rest_route=\/wp\/v2\/posts"}],"about":[{"href":"https:\/\/mersinkadingazetesi.com\/index.php?rest_route=\/wp\/v2\/types\/post"}],"author":[{"embeddable":true,"href":"https:\/\/mersinkadingazetesi.com\/index.php?rest_route=\/wp\/v2\/users\/2"}],"replies":[{"embeddable":true,"href":"https:\/\/mersinkadingazetesi.com\/index.php?rest_route=%2Fwp%2Fv2%2Fcomments&post=32008"}],"version-history":[{"count":0,"href":"https:\/\/mersinkadingazetesi.com\/index.php?rest_route=\/wp\/v2\/posts\/32008\/revisions"}],"wp:featuredmedia":[{"embeddable":true,"href":"https:\/\/mersinkadingazetesi.com\/index.php?rest_route=\/wp\/v2\/media\/32009"}],"wp:attachment":[{"href":"https:\/\/mersinkadingazetesi.com\/index.php?rest_route=%2Fwp%2Fv2%2Fmedia&parent=32008"}],"wp:term":[{"taxonomy":"category","embeddable":true,"href":"https:\/\/mersinkadingazetesi.com\/index.php?rest_route=%2Fwp%2Fv2%2Fcategories&post=32008"},{"taxonomy":"post_tag","embeddable":true,"href":"https:\/\/mersinkadingazetesi.com\/index.php?rest_route=%2Fwp%2Fv2%2Ftags&post=32008"}],"curies":[{"name":"wp","href":"https:\/\/api.w.org\/{rel}","templated":true}]}}