{"id":32017,"date":"2024-04-10T16:57:29","date_gmt":"2024-04-10T13:57:29","guid":{"rendered":"http:\/\/mersinkadingazetesi.com\/?p=32017"},"modified":"2024-04-10T16:57:29","modified_gmt":"2024-04-10T13:57:29","slug":"buyuksehirin-antika-pazarindan-bu-kez-kadin-ezgileri-yukseldi","status":"publish","type":"post","link":"https:\/\/mersinkadingazetesi.com\/?p=32017","title":{"rendered":"B\u00dcY\u00dcK\u015eEH\u0130R&#8217;\u0130N ANT\u0130KA PAZARI&#8217;NDAN BU KEZ KADIN EZG\u0130LER\u0130 Y\u00dcKSELD\u0130"},"content":{"rendered":"<p>Kad\u0131n dostu belediyecilik anlay\u0131\u015f\u0131 ile kad\u0131n sesini ve kad\u0131n dayan\u0131\u015fmas\u0131n\u0131 kentte b\u00fcy\u00fcten Mersin B\u00fcy\u00fck\u015fehir Belediyesi, kad\u0131nlar\u0131n sosyal hayata daha \u00e7ok kat\u0131lmas\u0131n\u0131 sa\u011flamak amac\u0131yla Tarsus&#8217;a De\u011fer Katanlar Kurulu (TADEKA) b\u00fcnyesinde hayata ge\u00e7irdi\u011fi &#8216;Kad\u0131n Ritim Grubu&#8217; ile Antika Pazar\u0131&#8217;na gelen ziyaret\u00e7ilerine keyifli anlar ya\u015fatt\u0131. Tarsus&#8217;ta ya\u015fayan ve 16 kad\u0131n\u0131n bir araya gelerek olu\u015fturdu\u011fu koro, daha \u00f6nce G\u00fclnar, Mut gibi il\u00e7elerde vermi\u015f oldu\u011fu m\u00fczik ziyafetini merkeze ta\u015f\u0131yarak antika tutkunlar\u0131yla bulu\u015fturdu.<\/p>\n<p>Kad\u0131n ve Aile Hizmetleri Dairesi Ba\u015fkanl\u0131\u011f\u0131 b\u00fcnyesinde her Cumartesi, Yeni\u015fehir \u0130l\u00e7esi&#8217;nde kurulan &#8216;Antika Pazar\u0131&#8217;ndan y\u00fckselen nostaljik seslerin yerini bu kez, kad\u0131n ritimleri sard\u0131. Ziyaret\u00e7ilerin s\u0131k s\u0131k alk\u0131\u015flarla e\u015flik etti\u011fi ve hep bir a\u011f\u0131zdan s\u00f6yledi\u011fi mini dinleti, herkesten tam not ald\u0131.<\/p>\n<p>Sert: &#8220;TADEKA Kad\u0131n Ritim Grubu&#8217;muz, ziyaret\u00e7ilere g\u00fczel anlar ya\u015fatt\u0131&#8221;<\/p>\n<p>Mersin B\u00fcy\u00fck\u015fehir Belediyesi Kad\u0131n Aile Hizmetleri Daire Ba\u015fkanl\u0131\u011f\u0131 personeli Burcu Sert, Antika Pazar\u0131&#8217;nda TADEKA Kad\u0131n Ritim Grubu&#8217;na ev sahipli\u011fi yapman\u0131n mutlulu\u011funu ya\u015fad\u0131klar\u0131n\u0131 belirterek, &#8220;\u00c7ok yo\u011fun bir ilgi vard\u0131. Kad\u0131n ritim grubumuz Tarsus&#8217;tan geldiler ve Antika Pazar\u0131 ziyaret\u00e7ilerine g\u00fczel anlar ya\u015fatt\u0131lar. Hepsine \u00e7ok te\u015fekk\u00fcr ediyoruz&#8221; dedi.<\/p>\n<p>Demir: &#8220;Hem biz e\u011fleniyoruz hem bizi izleyenleri e\u011flendiriyoruz&#8221;<\/p>\n<p>TADEKA&#8217;da Kad\u0131n Ritim Grubu&#8217;ndan Serpil Demir ise, grubun ortaya \u00e7\u0131k\u0131\u015f\u0131n\u0131 ve ger\u00e7ekle\u015ftirdikleri faaliyetleri anlatarak, &#8220;Biz 16 kad\u0131n bir araya gelip darbuka \u00e7almak istedik ve Mersin B\u00fcy\u00fck\u015fehir Belediye Ba\u015fkan\u0131m\u0131z Vahap Bey bize darbuka g\u00f6nderdi. \u015eu anda 16 ki\u015fi olarak geldik ve Antika Pazar\u0131&#8217;nda bir etkinlik yapt\u0131k&#8221; dedi. Ba\u015fkan Se\u00e7er&#8217;in kendilerine ula\u015f\u0131m konusunda da yard\u0131mc\u0131 oldu\u011funu ve bu sayede kentin farkl\u0131 noktalar\u0131nda g\u00f6steriler d\u00fczenlediklerini aktaran Demir, &#8220;G\u00fclnar&#8217;a ve Mut&#8217;a gittik. Oralarda da \u00e7ald\u0131k. Mut&#8217;ta Ta\u015fhan&#8217;da da \u00e7ald\u0131k&#8221; diye konu\u015ftu. Ritim Grubu&#8217;nun \u00e7o\u011funlukla \u00e7al\u0131\u015fmayan kad\u0131nlardan olu\u015ftu\u011funu belirten Demir, &#8220;Kad\u0131nlar\u0131 evden \u00e7\u0131kart\u0131p motive etmek istedik. \u00c7ok e\u011fleniyoruz. Her tarzdan par\u00e7alar \u00e7al\u0131yoruz. O y\u00fczden hem biz e\u011fleniyoruz hem bizi izleyenleri e\u011flendiriyoruz&#8221; ifadelerine yer verdi.<\/p>\n<p>Otluo\u011flu: &#8220;Bu t\u00fcr etkinlikler pazara renk kat\u0131yor&#8221;<\/p>\n<p>Antika Pazar\u0131&#8217;ndan sorumlu Ebru Otluo\u011flu da TADEKA Kad\u0131n Ritim Grubu&#8217;nu Antika Pazar\u0131&#8217;nda a\u011f\u0131rlaman\u0131n kendilerini \u00e7ok mutlu etti\u011fini ve \u00e7ok e\u011flendiklerini s\u00f6yleyerek, &#8220;Antika Pazar\u0131 yakla\u015f\u0131k iki senedir faaliyette ve b\u00f6yle duyulmak, merak edilmek ve insanlar\u0131n gelmesi bizleri \u00e7ok mutlu ediyor. Bu t\u00fcr etkinlikler de pazara renk kat\u0131yor. Kad\u0131nlar eski ve yeni m\u00fcziklerle bizleri co\u015fturuyorlar. Bug\u00fcn bizim i\u00e7in ger\u00e7ekten keyifli bir g\u00fcn oldu&#8221; dedi.<\/p>\n<p>Aysel: &#8220;Kad\u0131nlar\u0131n hayat\u0131n her alan\u0131nda olmas\u0131 bizim i\u00e7in \u00e7ok b\u00fcy\u00fck mutluluk&#8221;<\/p>\n<p>Vatanda\u015flardan Koray Aysel ise kad\u0131nlar\u0131n hayat\u0131n her alan\u0131nda yer almas\u0131n\u0131n mutluluk verici oldu\u011funu vurgulayarak, &#8220;Burada da bizi \u015fa\u015f\u0131rtt\u0131lar ve g\u00fczel bir ba\u015far\u0131ya imza att\u0131lar. \u00c7ok te\u015fekk\u00fcr ediyoruz, iyi ki varlar&#8221; dedi. B\u00fcy\u00fck\u015fehir sayesinde son d\u00f6nemlerde kentin bir hareketlilik kazand\u0131\u011f\u0131na dikkat \u00e7eken Aysel, &#8220;Bundan sonra da B\u00fcy\u00fck\u015fehir&#8217;in bu konuda gerekeni fazlas\u0131yla yapaca\u011f\u0131na inan\u0131yorum. Bu bizim i\u00e7in \u00e7ok b\u00fcy\u00fck bir kazan\u0131m. Kad\u0131nlar\u0131n hayat\u0131n her alan\u0131nda olmas\u0131 bizim i\u00e7in \u00e7ok b\u00fcy\u00fck mutluluk. Belediye de bu konuda zaten \u00fczerine d\u00fc\u015feni fazlas\u0131yla yap\u0131yor. Onlara da te\u015fekk\u00fcr ediyoruz&#8221; diye konu\u015ftu.<\/p>\n","protected":false},"excerpt":{"rendered":"<p>Kad\u0131n dostu belediyecilik anlay\u0131\u015f\u0131 ile kad\u0131n sesini ve kad\u0131n dayan\u0131\u015fmas\u0131n\u0131 kentte b\u00fcy\u00fcten Mersin B\u00fcy\u00fck\u015fehir Belediyesi, kad\u0131nlar\u0131n sosyal hayata daha \u00e7ok kat\u0131lmas\u0131n\u0131 sa\u011flamak amac\u0131yla Tarsus&#8217;a De\u011fer Katanlar Kurulu (TADEKA) b\u00fcnyesinde hayata ge\u00e7irdi\u011fi &#8216;Kad\u0131n Ritim Grubu&#8217; ile Antika Pazar\u0131&#8217;na gelen ziyaret\u00e7ilerine keyifli anlar ya\u015fatt\u0131. Tarsus&#8217;ta ya\u015fayan ve 16 kad\u0131n\u0131n bir araya gelerek olu\u015fturdu\u011fu koro, daha \u00f6nce G\u00fclnar, [&hellip;]<\/p>\n","protected":false},"author":2,"featured_media":32018,"comment_status":"open","ping_status":"open","sticky":false,"template":"","format":"standard","meta":{"footnotes":""},"categories":[3],"tags":[],"class_list":["post-32017","post","type-post","status-publish","format-standard","has-post-thumbnail","hentry","category-manset"],"views":3,"_links":{"self":[{"href":"https:\/\/mersinkadingazetesi.com\/index.php?rest_route=\/wp\/v2\/posts\/32017"}],"collection":[{"href":"https:\/\/mersinkadingazetesi.com\/index.php?rest_route=\/wp\/v2\/posts"}],"about":[{"href":"https:\/\/mersinkadingazetesi.com\/index.php?rest_route=\/wp\/v2\/types\/post"}],"author":[{"embeddable":true,"href":"https:\/\/mersinkadingazetesi.com\/index.php?rest_route=\/wp\/v2\/users\/2"}],"replies":[{"embeddable":true,"href":"https:\/\/mersinkadingazetesi.com\/index.php?rest_route=%2Fwp%2Fv2%2Fcomments&post=32017"}],"version-history":[{"count":0,"href":"https:\/\/mersinkadingazetesi.com\/index.php?rest_route=\/wp\/v2\/posts\/32017\/revisions"}],"wp:featuredmedia":[{"embeddable":true,"href":"https:\/\/mersinkadingazetesi.com\/index.php?rest_route=\/wp\/v2\/media\/32018"}],"wp:attachment":[{"href":"https:\/\/mersinkadingazetesi.com\/index.php?rest_route=%2Fwp%2Fv2%2Fmedia&parent=32017"}],"wp:term":[{"taxonomy":"category","embeddable":true,"href":"https:\/\/mersinkadingazetesi.com\/index.php?rest_route=%2Fwp%2Fv2%2Fcategories&post=32017"},{"taxonomy":"post_tag","embeddable":true,"href":"https:\/\/mersinkadingazetesi.com\/index.php?rest_route=%2Fwp%2Fv2%2Ftags&post=32017"}],"curies":[{"name":"wp","href":"https:\/\/api.w.org\/{rel}","templated":true}]}}