{"id":32026,"date":"2024-04-10T17:03:24","date_gmt":"2024-04-10T14:03:24","guid":{"rendered":"http:\/\/mersinkadingazetesi.com\/?p=32026"},"modified":"2024-04-10T17:03:24","modified_gmt":"2024-04-10T14:03:24","slug":"iyiye-dair-ne-varsa-bayram-onlari-getirsin","status":"publish","type":"post","link":"https:\/\/mersinkadingazetesi.com\/?p=32026","title":{"rendered":"&#8220;\u0130Y\u0130YE DA\u0130R NE VARSA BAYRAM ONLARI GET\u0130RS\u0130N&#8221;"},"content":{"rendered":"<p>Mersin B\u00fcy\u00fck\u015fehir Belediye Ba\u015fkan\u0131 Vahap Se\u00e7er, Ramazan Bayram\u0131&#8217;n\u0131n birinci g\u00fcn\u00fcnde Mersin Valili\u011fi taraf\u0131ndan d\u00fczenlenen resmi programlara kat\u0131larak kent protokol\u00fc ve halkla bayramla\u015ft\u0131. Mersinlilerin bayram\u0131n\u0131 kutlayan Ba\u015fkan Se\u00e7er, bayram\u0131n, t\u00fcm d\u00fcnyaya huzur ve bar\u0131\u015f getirmesini temenni etti.<\/p>\n<p>Ramazan Bayram\u0131 program\u0131 K\u00fclt\u00fcr Merkezi&#8217;nde ba\u015flad\u0131<\/p>\n<p>Sabah saatlerinde ilk olarak Mersin K\u00fclt\u00fcr Merkezi \u015eeref Salonu&#8217;nda d\u00fczenlenen programa kat\u0131lan Ba\u015fkan Se\u00e7er, burada Ramazan Bayram\u0131 program\u0131 kapsam\u0131nda kamu g\u00f6revlileri ve halkla bayramla\u015ft\u0131. Mersin K\u00fclt\u00fcr Merkezi&#8217;nde d\u00fczenlenen t\u00f6rene Ba\u015fkan Se\u00e7er&#8217;in yan\u0131 s\u0131ra; Mersin Valisi Ali Hamza Pehlivan, Akdeniz B\u00f6lge ve Garnizon Komutan\u0131 Tu\u011famiral Murat F\u0131rat, kent protokol\u00fc, sivil toplum kurulu\u015fu ve oda temsilcileri ile vatanda\u015flar kat\u0131ld\u0131.<\/p>\n<p>&#8220;\u0130yiye dair ne varsa bayram onlar\u0131 getirsin&#8221;<\/p>\n<p>T\u00fcm vatanda\u015flar\u0131n Ramazan Bayram\u0131&#8217;n\u0131 kutlayan Ba\u015fkan Se\u00e7er, &#8220;\u0130nsanlarda pozitif bir hava ve enerji var. Umut ediyorum t\u00fcm d\u00fcnya i\u00e7in her \u015fey g\u00fczel olsun, bar\u0131\u015f olsun. Karde\u015flik, bolluk, bereket, iyiye dair ne varsa bayram onlar\u0131 getirsin&#8221; dedi.<\/p>\n<p>Mersin&#8217;de vatanda\u015flar\u0131n huzurlu bir bayram ge\u00e7irmesi i\u00e7in g\u00f6rev ba\u015f\u0131nda olduklar\u0131n\u0131 s\u00f6zlerine ekleyen Se\u00e7er, &#8220;Bayram boyunca otob\u00fcslerimiz \u00fccretsiz. \u00c7ocuklar\u0131n ho\u015f\u00e7a vakit ge\u00e7irebilece\u011fi MERCAN 100. Y\u0131l \u0130klim ve \u00c7evre Bilim Merkezimiz, okuma salonlar\u0131m\u0131z, Tarsus Do\u011fa Park\u0131m\u0131z a\u00e7\u0131k. Sahilimiz her y\u00f6n\u00fcyle haz\u0131r. \u00c7ocuklar\u0131; parklar\u0131m\u0131za, Trafik Park\u0131&#8217;na getirsinler. Bayram boyunca g\u00fczel vakit ge\u00e7irsinler. B\u00fct\u00fcn birimlerimiz i\u015flerinin ba\u015f\u0131nda. Belediye otob\u00fcslerimiz G\u00fcneykent, \u00c7iftlikk\u00f6y ve Akbelen mezarl\u0131klar\u0131m\u0131za \u00fccretsiz servis yapacak&#8221; diye konu\u015ftu. Yurtta\u015flar\u0131n herhangi bir talepte Alo 185&#8217;i arayabileceklerini kaydeden Se\u00e7er, &#8220;T\u00fcm vatanda\u015flar\u0131m\u0131z\u0131n bayram\u0131n\u0131 kutluyorum. Sadece \u00fclkemize de\u011fil, t\u00fcm d\u00fcnyaya g\u00fczel dileklerim olsun. Bayram u\u011furlu gelsin, g\u00fczellikleri, bollu\u011fu, bereketi, karde\u015fli\u011fi getirsin. Her \u015fey \u00e7ok daha g\u00fczel olsun&#8221;  diye belirtti.<\/p>\n<p>&#8220;Y\u00fczde 60 oy oran\u0131 5 y\u0131l\u0131n memnuniyetinin sonucudur&#8221;<\/p>\n<p>Y\u00fczde 60 civar\u0131nda bir oyla tekrar Belediye Ba\u015fkan\u0131 se\u00e7ilmekten duydu\u011fu mutlulu\u011fu da dile getiren Se\u00e7er, mutlulu\u011fun yan\u0131 s\u0131ra sorumlulu\u011funun da artt\u0131\u011f\u0131n\u0131n bilincinde oldu\u011funu s\u00f6yleyerek, &#8220;Vatanda\u015flar\u0131m\u0131z rahat olsunlar, bu y\u00fczde 60 oy oran\u0131 5 y\u0131l\u0131n memnuniyetinin sonucudur. T\u00fcm yurtta\u015flar\u0131m\u0131za te\u015fekk\u00fcr ediyorum. Oy vermeyen, destek olmayanlar da endi\u015fe etmesin, ben onlar\u0131n da belediye ba\u015fkan\u0131y\u0131m. Onlar\u0131n talepleri, hassasiyetleri, \u015fik\u00e2yetleri benim ba\u015f\u0131m\u0131n tac\u0131d\u0131r. Onlar\u0131 memnun etmek i\u00e7in \u00e7al\u0131\u015fmalar\u0131m\u0131z daha da s\u0131kla\u015farak devam edecek. Mersin&#8217;den yana kimsenin endi\u015fesi olmas\u0131n&#8221; dedi.<\/p>\n<p>&#8220;Mersin&#8217;de birli\u011fi ve beraberli\u011fi daim k\u0131lmak i\u00e7in \u00e7al\u0131\u015fmaya devam edece\u011fiz&#8221;<\/p>\n<p>Mersin&#8217;de birli\u011fi ve beraberli\u011fi daim k\u0131lmak i\u00e7in \u00e7al\u0131\u015fmaya devam edeceklerini vurgulayan Se\u00e7er, bir yandan rutin hizmetleri s\u00fcrd\u00fcr\u00fcrken bir yandan da vizyon projeleri hayata ge\u00e7ireceklerine dikkat \u00e7ekti. Se\u00e7er, &#8220;Ba\u015fta rayl\u0131 sistemler, \u00f6zellikle sosyal projelerin son derece \u00f6nemli oldu\u011funu biliyoruz. Ge\u00e7im s\u0131k\u0131nt\u0131s\u0131n\u0131n, hayat ba\u011fl\u0131l\u0131\u011f\u0131n oldu\u011fu bir d\u00f6nemde ki hayat pahal\u0131l\u0131\u011f\u0131 se\u00e7imde sand\u0131klar\u0131na da yans\u0131d\u0131. Her kesimin; emeklilerin, \u00e7ift\u00e7inin, i\u015f\u00e7inin, \u00f6\u011frencinin \u015fik\u00e2yetleri sand\u0131\u011fa yans\u0131d\u0131. Bunu da g\u00f6z \u00f6n\u00fcnde bulundurarak politikalar\u0131m\u0131z uygulayaca\u011f\u0131z, sosyal konutlar\u0131 hayata ge\u00e7irece\u011fiz. Daha geni\u015f park, rekreasyon alanlar\u0131, vatanda\u015flar\u0131m\u0131z\u0131n zaman ge\u00e7irece\u011fi alanlar yarataca\u011f\u0131z&#8221; diye konu\u015ftu.<\/p>\n<p>&#8220;Herkese hizmetlerimiz s\u00fcrecek&#8221;<\/p>\n<p>Kentin her noktas\u0131na ve her kesimine y\u00f6nelik hizmetlerin h\u0131z kesmeden devam edece\u011fini ifade eden Se\u00e7er, &#8220;Kentimiz daha temiz olacak. Trafik sorunumuz daha minimize olacak. Temizlikten, kentin d\u00fczeninden esteti\u011finden asla taviz vermeyece\u011fiz. Herkese hizmetlerimiz s\u00fcrecek. K\u00fclt\u00fcr-sanat, spor etkinlikleri yine devam edecek. Modern, \u00e7a\u011fda\u015f, huzurlu, g\u00fclen ve mutlu insanlar yo\u011fun oldu\u011fu bir kent olmaya dair ne varsa ben gecemi g\u00fcnd\u00fcz\u00fcme katarak her \u015feyi yapaca\u011f\u0131m. Bu konuda Mersinliler l\u00fctfen rahat olsunlar&#8221; dedi.<\/p>\n<p>Bayramla\u015fma kent protokol\u00fc ile devam etti<\/p>\n<p>Kamu g\u00f6revlileri ve halkla bayramla\u015fman\u0131n ard\u0131ndan ise Sahil G\u00fcvenlik Akdeniz B\u00f6lge Komutanl\u0131\u011f\u0131&#8217;nda devam eden bayramla\u015fma t\u00f6reni, \u0130l Jandarma Komutanl\u0131\u011f\u0131 ve \u0130l Emniyet M\u00fcd\u00fcrl\u00fc\u011f\u00fc ile sona erdi.<\/p>\n","protected":false},"excerpt":{"rendered":"<p>Mersin B\u00fcy\u00fck\u015fehir Belediye Ba\u015fkan\u0131 Vahap Se\u00e7er, Ramazan Bayram\u0131&#8217;n\u0131n birinci g\u00fcn\u00fcnde Mersin Valili\u011fi taraf\u0131ndan d\u00fczenlenen resmi programlara kat\u0131larak kent protokol\u00fc ve halkla bayramla\u015ft\u0131. Mersinlilerin bayram\u0131n\u0131 kutlayan Ba\u015fkan Se\u00e7er, bayram\u0131n, t\u00fcm d\u00fcnyaya huzur ve bar\u0131\u015f getirmesini temenni etti. Ramazan Bayram\u0131 program\u0131 K\u00fclt\u00fcr Merkezi&#8217;nde ba\u015flad\u0131 Sabah saatlerinde ilk olarak Mersin K\u00fclt\u00fcr Merkezi \u015eeref Salonu&#8217;nda d\u00fczenlenen programa kat\u0131lan Ba\u015fkan [&hellip;]<\/p>\n","protected":false},"author":2,"featured_media":32027,"comment_status":"open","ping_status":"open","sticky":false,"template":"","format":"standard","meta":{"footnotes":""},"categories":[2,3,5],"tags":[],"class_list":["post-32026","post","type-post","status-publish","format-standard","has-post-thumbnail","hentry","category-gundem","category-manset","category-mersin"],"views":6,"_links":{"self":[{"href":"https:\/\/mersinkadingazetesi.com\/index.php?rest_route=\/wp\/v2\/posts\/32026"}],"collection":[{"href":"https:\/\/mersinkadingazetesi.com\/index.php?rest_route=\/wp\/v2\/posts"}],"about":[{"href":"https:\/\/mersinkadingazetesi.com\/index.php?rest_route=\/wp\/v2\/types\/post"}],"author":[{"embeddable":true,"href":"https:\/\/mersinkadingazetesi.com\/index.php?rest_route=\/wp\/v2\/users\/2"}],"replies":[{"embeddable":true,"href":"https:\/\/mersinkadingazetesi.com\/index.php?rest_route=%2Fwp%2Fv2%2Fcomments&post=32026"}],"version-history":[{"count":0,"href":"https:\/\/mersinkadingazetesi.com\/index.php?rest_route=\/wp\/v2\/posts\/32026\/revisions"}],"wp:featuredmedia":[{"embeddable":true,"href":"https:\/\/mersinkadingazetesi.com\/index.php?rest_route=\/wp\/v2\/media\/32027"}],"wp:attachment":[{"href":"https:\/\/mersinkadingazetesi.com\/index.php?rest_route=%2Fwp%2Fv2%2Fmedia&parent=32026"}],"wp:term":[{"taxonomy":"category","embeddable":true,"href":"https:\/\/mersinkadingazetesi.com\/index.php?rest_route=%2Fwp%2Fv2%2Fcategories&post=32026"},{"taxonomy":"post_tag","embeddable":true,"href":"https:\/\/mersinkadingazetesi.com\/index.php?rest_route=%2Fwp%2Fv2%2Ftags&post=32026"}],"curies":[{"name":"wp","href":"https:\/\/api.w.org\/{rel}","templated":true}]}}