{"id":32034,"date":"2024-04-13T11:24:53","date_gmt":"2024-04-13T08:24:53","guid":{"rendered":"http:\/\/mersinkadingazetesi.com\/?p=32034"},"modified":"2024-04-13T11:24:53","modified_gmt":"2024-04-13T08:24:53","slug":"baskan-yildizdan-toroslar-halkina-soz-haram-lokma-bogazimdan-gecmeyecek","status":"publish","type":"post","link":"https:\/\/mersinkadingazetesi.com\/?p=32034","title":{"rendered":"BA\u015eKAN YILDIZ&#8217;DAN TOROSLAR HALKINA S\u00d6Z; &#8220;HARAM LOKMA BO\u011eAZIMDAN GE\u00c7MEYECEK&#8221;"},"content":{"rendered":"<p>Mersin&#8217;in merkez il\u00e7esi Toroslar Belediye Ba\u015fkan\u0131 Abdurrahman Y\u0131ld\u0131z, Arslank\u00f6y, G\u00fczelyayla, So\u011fucak ve G\u00f6zne Mahalleleri&#8217;ni ziyaret ederek, vatanda\u015flarla bayramla\u015ft\u0131.<\/p>\n<p>\u0130l\u00e7e halk\u0131n\u0131n yo\u011fun ilgisiyle kar\u015f\u0131lanan Ba\u015fkan Y\u0131ld\u0131z, Toroslar&#8217;a hizmet etmek amac\u0131yla \u00e7\u0131kt\u0131klar\u0131 bu yolda kendilerine inanan ve g\u00fcvenen herkese te\u015fekk\u00fcr ederek; &#8220;Bize olan g\u00fcveninizden dolay\u0131 hepinize tek tek te\u015fekk\u00fcr ediyorum. Bize oy veren, vermeyen, Toroslar&#8217;da ya\u015fayan 350 bin yurtta\u015f\u0131m\u0131z\u0131n her birinin belediye ba\u015fkan\u0131y\u0131m. Toroslar halk\u0131na s\u00f6z veriyorum; haram lokma bo\u011faz\u0131mdan ge\u00e7meyecek&#8221; dedi.<\/p>\n<p>Se\u00e7imlerin ard\u0131ndan mazbatas\u0131n\u0131 alarak g\u00f6reve ba\u015flayan Ba\u015fkan Y\u0131ld\u0131z, bayramda vatanda\u015flarla bir araya geldi.<\/p>\n<p>\u00c7ocuk, gen\u00e7, ya\u015fl\u0131 t\u00fcm vatanda\u015flarla sohbet edip bayram sevincini payla\u015fan Ba\u015fkan Y\u0131ld\u0131z, esnaf\u0131 da tek tek ziyaret edip bayramlar\u0131n\u0131 kutlad\u0131.<\/p>\n<p>&#8220;5 YILLIK STRATEJ\u0130K PLANIMIZI HEP B\u0130RL\u0130KTE OLU\u015eTURACA\u011eIZ&#8221;<\/p>\n<p>Ba\u015fkan Y\u0131ld\u0131z, mahalle muhtarlar\u0131n\u0131n da e\u015flik etti\u011fi mahalle ziyaretlerinde mahalle sakinlerine hitap etti.<\/p>\n<p>&#8220;Toroslar seninle gurur duyuyor&#8221; sloganlar\u0131 e\u015fli\u011finde yapt\u0131\u011f\u0131 ziyaretlerin ard\u0131ndan mahalle sakinleriyle sohbet ederek, hayata ge\u00e7irecekleri \u00e7al\u0131\u015fmalar hakk\u0131nda bilgiler veren Ba\u015fkan Y\u0131ld\u0131z; &#8220;Bayram\u0131 konu\u015fal\u0131m, mutluluk ve huzur konu\u015fal\u0131m istedik. \u00d6ncelikle nice bayramlarda hep beraber bulu\u015fmay\u0131 diliyorum. Bayram\u0131m\u0131z m\u00fcbarek olsun. Ben buran\u0131n \u00e7ocu\u011fuyum. Annem Alada\u011f&#8217;l\u0131, babam So\u011fucak&#8217;l\u0131. Bundan sonra i\u015f yapaca\u011f\u0131z, hep beraber olaca\u011f\u0131z. Mahallelerimizin eksiklerini ekip arkada\u015flar\u0131m\u0131zla, muhtarlar\u0131m\u0131zla ve mahalle sakinlerimizle birlikte tespit edece\u011fiz. Bunun \u00fczerine stratejik plan\u0131m\u0131z\u0131 olu\u015fturaca\u011f\u0131z. Hangi tarihte, neyi, nereye yapaca\u011f\u0131m\u0131z\u0131n program\u0131n\u0131 hep birlikte belirleyece\u011fiz&#8221; dedi.<\/p>\n<p>&#8220;TOROSLAR&#8217;IN MALI, M\u00dcLK\u00dc, PARASI, B\u00dcT\u00c7ES\u0130 NEY\u0130 VARSA, 350 B\u0130N TOROSLAR HALKININDIR&#8221;<\/p>\n<p>&#8220;Benim prensiplerim var. \u00c7ocu\u011fumun kursa\u011f\u0131na haram lokma girmeyecek. Benim evime, al\u0131n terim olmayan, hak etmedi\u011fim, maa\u015f\u0131mla olmayan bir toplu i\u011fne dahi hi\u00e7bir\u015fey girmeyecek&#8221; diyerek Toroslar halk\u0131na \u015feffaf bir y\u00f6netim i\u00e7in s\u00f6z veren Ba\u015fkan Y\u0131ld\u0131z; &#8220;Toroslar&#8217;\u0131n mal\u0131, m\u00fclk\u00fc, paras\u0131, b\u00fct\u00e7esi ve neyi varsa 350 bin Toroslar halk\u0131n\u0131nd\u0131r. Buradaki tek hakk\u0131m benim mesaimden kaynakl\u0131 alaca\u011f\u0131m maa\u015f\u0131md\u0131r. E\u011fer bunlar\u0131 da\u011f\u0131tma konusunda eksik davran\u0131yorsak, yanl\u0131 davran\u0131yorsak, adil davranm\u0131yorsak, e\u015fit davranm\u0131yorsak, bu anlamda hakikaten olmas\u0131 gerekeni yapm\u0131yorsak ba\u015fta beni ve mesai arkada\u015flar\u0131m\u0131 ele\u015ftirin. \u00c7ok sert ele\u015ftirin. E\u011fer ger\u00e7ekten dostsan\u0131z ve ger\u00e7ekten memleketinizi ve yurdunuzu seviyorsan\u0131z bunu yap\u0131n&#8221; ifadelerini kulland\u0131.<\/p>\n<p>&#8220;YAYLA TUR\u0130ZM\u0130N\u0130N YO\u011eUN YA\u015eANDI\u011eI MAHALLELER\u0130M\u0130ZDE \u00c7ALI\u015eMALARA HEMEN BA\u015eLAYACA\u011eIZ&#8221;<\/p>\n<p>Toroslar&#8217;da y\u0131llard\u0131r yap\u0131lmas\u0131 m\u00fcmk\u00fcn olan bir\u00e7ok hizmetin yerine getirilmedi\u011fine dikkat \u00e7eken Ba\u015fkan Y\u0131ld\u0131z; &#8220;Bunlar \u00e7ok zor i\u015fler de\u011fil. K\u0131sa zamanda kolayca yap\u0131l\u0131r. \u0130n\u015fallah B\u00fcy\u00fck\u015fehir Belediyemizin de deste\u011fi olacak. Alt yap\u0131 i\u015flerini \u00e7\u00f6z\u00fcyorlar. Biz de \u00fcst yap\u0131da gerekli olan i\u015fleri yapmaya \u00e7al\u0131\u015faca\u011f\u0131z. Sosyal destek programlar\u0131n\u0131 hayata ge\u00e7irece\u011fiz. Her birimiz elimizi ta\u015f\u0131n alt\u0131na koyarak, k\u00f6ylerimizi, merkez mahallelerimizi yeniden aya\u011fa kald\u0131r\u0131p, daha konforlu ve daha kaliteli ya\u015fam alanlar\u0131 haline getirece\u011fiz. Bunu yapaca\u011f\u0131m\u0131z\u0131 ve ba\u015farabilece\u011fimizi biliyorum. \u00d6zellikle Arslank\u00f6y, G\u00f6zne, So\u011fucak ve Ayvagedi\u011fi gibi yaz turizmi i\u00e7in n\u00fcfusu artan k\u0131rsal mahallerimizde hemen bir \u00e7al\u0131\u015fma ba\u015flataca\u011f\u0131z. Bir et\u00fct \u00e7al\u0131\u015fmas\u0131 yapaca\u011f\u0131z ve buralar\u0131n eksiklerini muhtarlar\u0131m\u0131zla, sizlerle beraber tespit edece\u011fiz. Mahallelerimizi s\u00fcrekli ziyaret edece\u011fiz. T\u00fcm vatanda\u015flar\u0131m\u0131z\u0131n Bayram\u0131n\u0131 yeniden kutluyorum&#8221; \u015feklinde konu\u015ftu.<\/p>\n","protected":false},"excerpt":{"rendered":"<p>Mersin&#8217;in merkez il\u00e7esi Toroslar Belediye Ba\u015fkan\u0131 Abdurrahman Y\u0131ld\u0131z, Arslank\u00f6y, G\u00fczelyayla, So\u011fucak ve G\u00f6zne Mahalleleri&#8217;ni ziyaret ederek, vatanda\u015flarla bayramla\u015ft\u0131. \u0130l\u00e7e halk\u0131n\u0131n yo\u011fun ilgisiyle kar\u015f\u0131lanan Ba\u015fkan Y\u0131ld\u0131z, Toroslar&#8217;a hizmet etmek amac\u0131yla \u00e7\u0131kt\u0131klar\u0131 bu yolda kendilerine inanan ve g\u00fcvenen herkese te\u015fekk\u00fcr ederek; &#8220;Bize olan g\u00fcveninizden dolay\u0131 hepinize tek tek te\u015fekk\u00fcr ediyorum. Bize oy veren, vermeyen, Toroslar&#8217;da ya\u015fayan 350 [&hellip;]<\/p>\n","protected":false},"author":2,"featured_media":32035,"comment_status":"open","ping_status":"open","sticky":false,"template":"","format":"standard","meta":{"footnotes":""},"categories":[1,2,3],"tags":[],"class_list":["post-32034","post","type-post","status-publish","format-standard","has-post-thumbnail","hentry","category-genel","category-gundem","category-manset"],"views":2,"_links":{"self":[{"href":"https:\/\/mersinkadingazetesi.com\/index.php?rest_route=\/wp\/v2\/posts\/32034"}],"collection":[{"href":"https:\/\/mersinkadingazetesi.com\/index.php?rest_route=\/wp\/v2\/posts"}],"about":[{"href":"https:\/\/mersinkadingazetesi.com\/index.php?rest_route=\/wp\/v2\/types\/post"}],"author":[{"embeddable":true,"href":"https:\/\/mersinkadingazetesi.com\/index.php?rest_route=\/wp\/v2\/users\/2"}],"replies":[{"embeddable":true,"href":"https:\/\/mersinkadingazetesi.com\/index.php?rest_route=%2Fwp%2Fv2%2Fcomments&post=32034"}],"version-history":[{"count":0,"href":"https:\/\/mersinkadingazetesi.com\/index.php?rest_route=\/wp\/v2\/posts\/32034\/revisions"}],"wp:featuredmedia":[{"embeddable":true,"href":"https:\/\/mersinkadingazetesi.com\/index.php?rest_route=\/wp\/v2\/media\/32035"}],"wp:attachment":[{"href":"https:\/\/mersinkadingazetesi.com\/index.php?rest_route=%2Fwp%2Fv2%2Fmedia&parent=32034"}],"wp:term":[{"taxonomy":"category","embeddable":true,"href":"https:\/\/mersinkadingazetesi.com\/index.php?rest_route=%2Fwp%2Fv2%2Fcategories&post=32034"},{"taxonomy":"post_tag","embeddable":true,"href":"https:\/\/mersinkadingazetesi.com\/index.php?rest_route=%2Fwp%2Fv2%2Ftags&post=32034"}],"curies":[{"name":"wp","href":"https:\/\/api.w.org\/{rel}","templated":true}]}}