{"id":32037,"date":"2024-04-13T11:25:46","date_gmt":"2024-04-13T08:25:46","guid":{"rendered":"http:\/\/mersinkadingazetesi.com\/?p=32037"},"modified":"2024-04-13T11:25:46","modified_gmt":"2024-04-13T08:25:46","slug":"mersinlilerin-ramazan-bayraminda-tercihi-buyuksehirin-kafeleri-oldu","status":"publish","type":"post","link":"https:\/\/mersinkadingazetesi.com\/?p=32037","title":{"rendered":"MERS\u0130NL\u0130LER\u0130N RAMAZAN BAYRAMI&#8217;NDA TERC\u0130H\u0130 B\u00dcY\u00dcK\u015eEH\u0130R&#8217;\u0130N KAFELER\u0130 OLDU"},"content":{"rendered":"<p>Mersin B\u00fcy\u00fck\u015fehir Belediye Ba\u015fkan\u0131 Vahap Se\u00e7er&#8217;in g\u00f6reve gelmesiyle birlikte kent vizyonunu daha ileri ta\u015f\u0131yan Mersin B\u00fcy\u00fck\u015fehir Belediyesi Deniz K\u0131z\u0131 Turizm A.\u015e. b\u00fcnyesinde merkez sahile kazand\u0131rm\u0131\u015f oldu\u011fu 3&#8217;\u00fc mobil olmak \u00fczere 17 adet kafe ile, Ramazan Bayram\u0131&#8217;nda vatanda\u015flar\u0131n u\u011frak noktas\u0131 oldu. Hava s\u0131cakl\u0131klar\u0131n\u0131n mevsim normallerinin \u00fczerinde seyretmesiyle birlikte Ramazan Bayram\u0131&#8217;n\u0131n tad\u0131n\u0131 \u00e7\u0131karmak isteyen \u00e7ok say\u0131da Mersinli sahile ak\u0131n etti. \u015eehir d\u0131\u015f\u0131ndan binlerce ki\u015finin de ziyaret etti\u011fi kentte, \u00e7ocuklu aileler g\u00fcn\u00fc sahilde oyun oynay\u0131p y\u00fcr\u00fcy\u00fc\u015f yaparak de\u011ferlendirirken, baz\u0131 vatanda\u015flar arkada\u015flar\u0131yla birlikte B\u00fcy\u00fck\u015fehir&#8217;in kafelerini tercih etti. Birbirinden zengin yiyecek ve i\u00e7ecek se\u00e7eneklerinin olmas\u0131n\u0131n yan\u0131 s\u0131ra hem hesapl\u0131 ve b\u00fct\u00e7e dostu olmas\u0131 hem de geni\u015f hizmet kalitesi dolay\u0131s\u0131yla vatanda\u015flardan tam not alan kafeler, bayramda da Mersinlilerin g\u00f6zdesi haline geldi.<\/p>\n<p>\u00c7opur: &#8220;Misafirlerimizin buradan mutlu ayr\u0131lmas\u0131 i\u00e7in iddial\u0131 bir \u015fekilde \u00e7al\u0131\u015f\u0131yoruz&#8221;<\/p>\n<p>Mersin B\u00fcy\u00fck\u015fehir Belediyesi Deniz K\u0131z\u0131 Turizm A.\u015e. b\u00fcnyesinde hizmet veren Trib\u00fcn Kafe&#8217;nin M\u00fcd\u00fcr Yard\u0131mc\u0131s\u0131 Sinan \u00c7opur, hem hesapl\u0131 hem de kaliteli hizmet verilmesinden dolay\u0131 Mersinlilerin B\u00fcy\u00fck\u015fehir&#8217;in kafelerini tercih etti\u011fini ifade etti. T\u00fcm personelin g\u00fcler y\u00fczle hizmet etti\u011fini kaydeden \u00c7opur, &#8220;Misafirlerimizi buradan mutlu g\u00f6nderiyoruz. B\u00fcy\u00fck\u015fehir Belediyesi&#8217;nin sahil boyunca birbirinden farkl\u0131 kafe hizmeti var. Kimisi kahvalt\u0131 kimisi bal\u0131k kimisi ma\u00e7 hizmeti sunuyor. Yo\u011funlu\u011fumuz \u00e7ok g\u00fczel gidiyor. Buraya gelen misafirlerimizin mutlu ayr\u0131lmas\u0131n\u0131 seviyoruz ve herkesi bekliyoruz&#8221; ifadelerini kulland\u0131.<\/p>\n<p>Sonbay: &#8220;Kafelerimizde her kesime ve herkese hitap edebiliyoruz&#8221;<\/p>\n<p>Mersin B\u00fcy\u00fck\u015fehir Belediyesi Deniz K\u0131z\u0131 Turizm A.\u015e. b\u00fcnyesinde hizmet veren Panay\u0131r Kafe&#8217;nin M\u00fcd\u00fcr Yard\u0131mc\u0131s\u0131 Tu\u011f\u00e7e Sonbay, sahil boyunca B\u00fcy\u00fck\u015fehir&#8217;in 3&#8217;\u00fc mobil 17 kafesi oldu\u011funu ve bu kafelerde farkl\u0131 farkl\u0131 hizmet sunduklar\u0131n\u0131 ifade etti. Panay\u0131r Kafe olarak \u00e7ok zengin bir yeme ve i\u00e7me hizmeti sunduklar\u0131n\u0131 aktaran Sonbay, &#8220;Panay\u0131r kafe olarak \u00e7ok y\u00fcksek bir misafir kitlesine sahibiz. Bayram boyunca g\u00fcnl\u00fck yakla\u015f\u0131k 7 bin ki\u015fiye ula\u015fabiliyoruz. Sabah 09.00 ile gece 00.00&#8217;a kadar hizmet veriyoruz. Yeni\u015fehir Kamp\u00fcs\u00fc&#8217;ne yak\u0131n oldu\u011fumuz i\u00e7in \u00e7ok fazla \u00fcniversite \u00f6\u011frencisi a\u011f\u0131rl\u0131yoruz. Yan taraf\u0131m\u0131zda bulunan Survivor parkurumuzda \u00e7ocuklar \u00e7ok keyifli vakit ge\u00e7irebiliyor.  Kafelerimizde; gen\u00e7ten ya\u015fl\u0131s\u0131na b\u00fcy\u00fckten k\u00fc\u00e7\u00fc\u011fe herkese ve her kesime hitap ediyoruz. 17 kafemizde de vatanda\u015flar\u0131m\u0131z, ayn\u0131 hizmeti hem kaliteli hem de ucuz bir \u015fekilde alabiliyor. Vatanda\u015flar\u0131m\u0131z i\u00e7in memnuniyetle \u00e7al\u0131\u015f\u0131yoruz&#8221; s\u00f6zlerine yer verdi.<\/p>\n<p>Merkezde sahil band\u0131nda yer alan kafeler ile B\u00fcy\u00fck\u015fehir, birbirinden farkl\u0131 hizmet sunuyor<\/p>\n<p>Vatanda\u015flardan \u015eenay Tuhankaya, Mersin&#8217;in g\u00fczel bir sahil \u015feridi oldu\u011funu belirterek, &#8220;\u00c7ok geni\u015f bir sahil \u015feridimiz var. Y\u00fcr\u00fcy\u00fc\u015f ve bisiklet yolu, \u00e7ocuklar\u0131n paten kayacaklar\u0131 ve bir\u00e7ok aktivite yapabilecekleri yerler var. Biz sahile indi\u011fimizde ailecek \u00e7ay, kahve i\u00e7ecek yerler bulabiliyoruz. Ye\u015fil alanlar \u00e7ok. Mersin&#8217;de \u00e7ok g\u00fczel i\u015fler yap\u0131l\u0131yor&#8221; derken vatanda\u015flardan Ali Ya\u011fmur da &#8220;Personeller misafir memnuniyeti odakl\u0131. Yemekleri \u00e7ok g\u00fczel. \u0130stedi\u011fimiz her \u015feye rahatl\u0131kla ula\u015fabiliyoruz. \u00c7ocuklar\u0131m\u0131z burada vakit ge\u00e7irirken bizler de e\u011flenebiliyoruz. B\u00fcy\u00fck\u015fehir Belediyesi&#8217;nin yapm\u0131\u015f oldu\u011fu her hizmetten \u00e7ok memnunuz&#8221; dedi.<\/p>\n<p>Denize yak\u0131n olmas\u0131 sebebiyle B\u00fcy\u00fck\u015fehir&#8217;in kafelerini tercih etti\u011fini s\u00f6yleyen Ezgi Demir, &#8220;B\u00fcy\u00fck\u015fehir&#8217;in kafeleri, ortam ve enerji olarak \u00e7ok g\u00fczel. B\u00fcy\u00fck\u015fehir Belediyesi&#8217;nin yapm\u0131\u015f oldu\u011fu hizmetten insanlar memnunlar ve bu y\u00fczden buray\u0131 tercih ediyorlar&#8221; diye konu\u015ftu.<\/p>\n<p>Mersin \u00dcniversitesi&#8217;nde son s\u0131n\u0131f \u00f6\u011frencisi Pelin Alt\u0131nta\u015f, B\u00fcy\u00fck\u015fehir&#8217;in kafelerinin olduk\u00e7a uygun oldu\u011funu ve bu y\u00fczden tercih etti\u011fini s\u00f6yleyerek, &#8220;Mersin&#8217;in di\u011fer mekanlar\u0131na g\u00f6re B\u00fcy\u00fck\u015fehir&#8217;in kafeleri hem daha uygun ve lezzetli hem de burada a\u00e7\u0131k havada oturmak daha g\u00fczel&#8221; derken Bircan Balse\u00e7en de sahil band\u0131n\u0131n c\u0131v\u0131l c\u0131v\u0131l oldu\u011funu ve bunda B\u00fcy\u00fck\u015fehir Belediyesi&#8217;nin pay\u0131n\u0131n olduk\u00e7a fazla oldu\u011funu belirterek, &#8220;\u0130nsanlar istedi\u011fi her \u015feye rahatl\u0131kla eri\u015febiliyor&#8221; dedi.<\/p>\n<p>Damla Akaalp ise, B\u00fcy\u00fck\u015fehir Belediyesi&#8217;nin \u00f6\u011frenci dostu bir belediye oldu\u011funu dile getirerek, &#8220;\u00d6\u011frenciler i\u00e7in Mersin \u00e7ok \u015fansl\u0131 bir \u015fehir. Aileler i\u00e7in sahilde \u00e7ok uygun ortamlar var. Gen\u00e7lerin de b\u00fct\u00fcn beklentilerini kar\u015f\u0131l\u0131yor. Evcil hayvanlar\u0131n girebilece\u011fi kafelerle hayvan sahiplerinin de beklentilerini kar\u015f\u0131l\u0131yor. Bu y\u00fczden herkes tercih edebiliyor&#8221; diye konu\u015ftu.<\/p>\n","protected":false},"excerpt":{"rendered":"<p>Mersin B\u00fcy\u00fck\u015fehir Belediye Ba\u015fkan\u0131 Vahap Se\u00e7er&#8217;in g\u00f6reve gelmesiyle birlikte kent vizyonunu daha ileri ta\u015f\u0131yan Mersin B\u00fcy\u00fck\u015fehir Belediyesi Deniz K\u0131z\u0131 Turizm A.\u015e. b\u00fcnyesinde merkez sahile kazand\u0131rm\u0131\u015f oldu\u011fu 3&#8217;\u00fc mobil olmak \u00fczere 17 adet kafe ile, Ramazan Bayram\u0131&#8217;nda vatanda\u015flar\u0131n u\u011frak noktas\u0131 oldu. Hava s\u0131cakl\u0131klar\u0131n\u0131n mevsim normallerinin \u00fczerinde seyretmesiyle birlikte Ramazan Bayram\u0131&#8217;n\u0131n tad\u0131n\u0131 \u00e7\u0131karmak isteyen \u00e7ok say\u0131da Mersinli [&hellip;]<\/p>\n","protected":false},"author":2,"featured_media":32038,"comment_status":"open","ping_status":"open","sticky":false,"template":"","format":"standard","meta":{"footnotes":""},"categories":[3,5],"tags":[],"class_list":["post-32037","post","type-post","status-publish","format-standard","has-post-thumbnail","hentry","category-manset","category-mersin"],"views":2,"_links":{"self":[{"href":"https:\/\/mersinkadingazetesi.com\/index.php?rest_route=\/wp\/v2\/posts\/32037"}],"collection":[{"href":"https:\/\/mersinkadingazetesi.com\/index.php?rest_route=\/wp\/v2\/posts"}],"about":[{"href":"https:\/\/mersinkadingazetesi.com\/index.php?rest_route=\/wp\/v2\/types\/post"}],"author":[{"embeddable":true,"href":"https:\/\/mersinkadingazetesi.com\/index.php?rest_route=\/wp\/v2\/users\/2"}],"replies":[{"embeddable":true,"href":"https:\/\/mersinkadingazetesi.com\/index.php?rest_route=%2Fwp%2Fv2%2Fcomments&post=32037"}],"version-history":[{"count":0,"href":"https:\/\/mersinkadingazetesi.com\/index.php?rest_route=\/wp\/v2\/posts\/32037\/revisions"}],"wp:featuredmedia":[{"embeddable":true,"href":"https:\/\/mersinkadingazetesi.com\/index.php?rest_route=\/wp\/v2\/media\/32038"}],"wp:attachment":[{"href":"https:\/\/mersinkadingazetesi.com\/index.php?rest_route=%2Fwp%2Fv2%2Fmedia&parent=32037"}],"wp:term":[{"taxonomy":"category","embeddable":true,"href":"https:\/\/mersinkadingazetesi.com\/index.php?rest_route=%2Fwp%2Fv2%2Fcategories&post=32037"},{"taxonomy":"post_tag","embeddable":true,"href":"https:\/\/mersinkadingazetesi.com\/index.php?rest_route=%2Fwp%2Fv2%2Ftags&post=32037"}],"curies":[{"name":"wp","href":"https:\/\/api.w.org\/{rel}","templated":true}]}}