{"id":32040,"date":"2024-04-14T10:26:52","date_gmt":"2024-04-14T07:26:52","guid":{"rendered":"http:\/\/mersinkadingazetesi.com\/?p=32040"},"modified":"2024-04-14T10:26:52","modified_gmt":"2024-04-14T07:26:52","slug":"her-3-kisiden-2-yurttasimin-destegiyle-tekrar-secilmekten-onur-duyuyorum","status":"publish","type":"post","link":"https:\/\/mersinkadingazetesi.com\/?p=32040","title":{"rendered":"&#8220;HER 3 K\u0130\u015e\u0130DEN 2 YURTTA\u015eIMIN DESTE\u011e\u0130YLE TEKRAR SE\u00c7\u0130LMEKTEN ONUR DUYUYORUM&#8221;"},"content":{"rendered":"<p>Mersin B\u00fcy\u00fck\u015fehir Belediyesi&#8217;nde 2024 T\u00fcrkiye Yerel Se\u00e7imleri&#8217;nin ard\u0131ndan yeni d\u00f6nemin ilk Meclis Toplant\u0131s\u0131 Mersin B\u00fcy\u00fck\u015fehir Belediye Ba\u015fkan\u0131 Vahap Se\u00e7er ba\u015fkanl\u0131\u011f\u0131nda ger\u00e7ekle\u015ftirildi. 2024 Y\u0131l\u0131 Nisan Ay\u0131 Ola\u011fan Toplant\u0131s\u0131&#8217;n\u0131n 1. Birle\u015fimi Kongre ve Sergi Saray\u0131 \u00c7ok Ama\u00e7l\u0131 Salon&#8217;da yap\u0131ld\u0131. Meclis toplant\u0131s\u0131nda toplam 6 madde g\u00f6r\u00fc\u015f\u00fcld\u00fc.<\/p>\n<p>&#8220;Her 3 ki\u015fiden 2 yurtta\u015f\u0131m\u0131n deste\u011fiyle tekrar B\u00fcy\u00fck\u015fehir Belediye Ba\u015fkan\u0131 se\u00e7ilmekten onur duyuyorum&#8221;<\/p>\n<p>Meclis toplant\u0131s\u0131nda konu\u015fan Ba\u015fkan Se\u00e7er, 31 Mart 2024 se\u00e7imleri sonras\u0131nda g\u00f6reve gelen il\u00e7e belediye ba\u015fkanlar\u0131, il\u00e7e ve b\u00fcy\u00fck\u015fehir Meclis \u00fcyeleri ile muhtarlar\u0131 tebrik ederek, Mersin&#8217;e hay\u0131rl\u0131 ve u\u011furlu olmas\u0131n\u0131 diledi. Mersin&#8217;in \u00f6nemli ve de\u011ferli bir kent oldu\u011funu belirten Se\u00e7er, Mersin&#8217;in T\u00fcrkiye&#8217;nin d\u00f6rt bir yan\u0131ndan gelen insanlar\u0131n ya\u015fad\u0131\u011f\u0131 ve k\u00fclt\u00fcrel \u00e7e\u015fitlili\u011fe sahip bir kent oldu\u011funa dikkat \u00e7ekerek, &#8220;Bu \u00e7e\u015fitlilik; kentin enerjisine ve sinerjisine \u00f6nemli katk\u0131 yap\u0131yor. Onun i\u00e7in Mersin bereketli ve g\u00fclen bir kent, Mersin huzur ve karde\u015flik kenti. B\u00f6yle bir kente yurtta\u015flar\u0131m\u0131z\u0131n takdiriyle, hem de her 3 ki\u015fiden 2 yurtta\u015f\u0131m\u0131n deste\u011fiyle B\u00fcy\u00fck\u015fehir Belediye Ba\u015fkan\u0131 se\u00e7ilmekten b\u00fcy\u00fck onur duyuyorum. Sorumlulu\u011fumuzun fark\u0131nday\u0131z. Mutlaka ge\u00e7ti\u011fimiz 5 y\u0131l da bu sorumlulu\u011fun fark\u0131ndayd\u0131k. Ama son se\u00e7imlerle beraber bu kentte ya\u015fayan yurtta\u015flar\u0131m\u0131z\u0131n kahir ekseriyetinin bize tevecc\u00fch g\u00f6stermesi sorumlulu\u011fumuzu bir kat daha art\u0131rm\u0131\u015ft\u0131r&#8221; dedi.<\/p>\n<p>&#8220;Gelecek 5 y\u0131lda Mersin&#8217;e \u00e7ok daha g\u00fczel hizmetler yapaca\u011f\u0131z&#8221;<\/p>\n<p>Gelecek 5 y\u0131lda Mersin&#8217;e \u00e7ok daha g\u00fczel hizmetler yapacaklar\u0131n\u0131 s\u00f6yleyen Se\u00e7er, temel gayelerinin kentte huzuru ve karde\u015fli\u011fi daim k\u0131lmak, kentin yap\u0131sal sorunlar\u0131n\u0131 \u00e7\u00f6zmek, kentin her sosyal kesimiyle hemhal olup onlar\u0131n sorunlar\u0131na \u00e7\u00f6z\u00fcm \u00fcretmek ve insanlar\u0131n daha iyi ya\u015fam ko\u015fullar\u0131 alt\u0131nda ya\u015famas\u0131n\u0131 sa\u011flamak oldu\u011funu vurgulad\u0131. Ge\u00e7ti\u011fimiz g\u00fcn sona eren Ramazan Bayram\u0131 boyunca t\u00fcm kamu kurumlar\u0131n\u0131n oldu\u011fu gibi Mersin B\u00fcy\u00fck\u015fehir Belediyesi&#8217;nin de g\u00f6revinin ba\u015f\u0131nda oldu\u011funu belirten Se\u00e7er, &#8220;Bu nedenle de bayram s\u00fcresinde herkes tatildeyken g\u00f6revinin ba\u015f\u0131nda olan t\u00fcm \u00e7al\u0131\u015fan, emek eden karde\u015flerime bir kez daha te\u015fekk\u00fcr ediyorum&#8221; diye konu\u015ftu.<\/p>\n<p>Ge\u00e7ti\u011fimiz d\u00f6nemden bu d\u00f6neme 9 Meclis \u00fcyesinin g\u00f6revine devam etti\u011fini ve 70 Meclis \u00fcyesinin de g\u00f6reve yeni geldi\u011fini s\u00f6yleyen Se\u00e7er, &#8220;\u00c7al\u0131\u015fma arkada\u015flar\u0131ma ba\u015far\u0131lar diliyorum. Her zaman yan yana olaca\u011f\u0131z, birbirimize katk\u0131 sunaca\u011f\u0131z. Onlar da 5 y\u0131l s\u00fcre boyunca Mersinimize \u00e7ok de\u011ferli hizmetler yapacaklar. Bundan en ufak bir endi\u015fem yok&#8221; dedi.<\/p>\n<p>&#8220;Herkesin belediyesi olma anlay\u0131\u015f\u0131yla hareket ettik&#8221;<\/p>\n<p>Ge\u00e7ti\u011fimiz 5 y\u0131lda T\u00fcrkiye&#8217;de ve d\u00fcnyada bir\u00e7ok \u00f6nemli geli\u015fmeler ya\u015fand\u0131\u011f\u0131n\u0131 hat\u0131rlatan Se\u00e7er, pandemiden orman yang\u0131n\u0131na, ekonomik krizden depreme kadar bir\u00e7ok olayda B\u00fcy\u00fck\u015fehir olarak \u00fczerlerine d\u00fc\u015fen her t\u00fcrl\u00fc g\u00f6revi yapman\u0131n gayreti i\u00e7erisinde olduklar\u0131n\u0131 s\u00f6yleyerek, &#8220;Ya\u015fanan siyasal s\u00fcre\u00e7ler, se\u00e7im atmosferinin yaratt\u0131\u011f\u0131 siyasal gerginlikler, T\u00fcrkiye&#8217;de ve d\u00fcnyada ya\u015fanan ekonomik krizler, b\u00fct\u00fcn bu olumsuzluklar i\u00e7erisinde bir \u00f6nceki Meclis grubu m\u00fccadele ederek g\u00f6revini yapt\u0131. Mersin halk\u0131 b\u00fct\u00fcn bu olumsuzluklar i\u00e7erisinde yapt\u0131\u011f\u0131m\u0131z, Mersin&#8217;in yap\u0131sal sorunlar\u0131n\u0131n \u00e7\u00f6z\u00fcm\u00fcnden sosyal politikalara, altyap\u0131 \u00e7al\u0131\u015fmalar\u0131ndan \u00fcst yap\u0131 \u00e7al\u0131\u015fmalar\u0131na kadar, her \u015feyden \u00f6nemlisi g\u00f6revimizi yaparken, hizmetleri g\u00f6t\u00fcr\u00fcrken &#8216;herkesin belediyesi&#8217; olma \u015fiar\u0131yla hareket etti\u011fimizin fark\u0131nda olacak ki bizleri y\u00fczde 60 gibi \u00e7ok y\u00fcksek bir oy oran\u0131yla tekrar B\u00fcy\u00fck\u015fehir Belediye Ba\u015fkan\u0131 se\u00e7ti&#8221; ifadelerini kulland\u0131.<\/p>\n<p>&#8220;Bize oy vermeyen yurtta\u015flar\u0131m\u0131z\u0131n talepleri, ihtiya\u00e7lar\u0131 ve \u015fik\u00e2yetleri ba\u015f\u0131m\u0131z\u0131n tac\u0131d\u0131r&#8221;<\/p>\n<p>Sorumluluklar\u0131n\u0131n fark\u0131nda olduklar\u0131n\u0131n alt\u0131n\u0131 \u00e7izen Se\u00e7er, hizmetleriyle gece-g\u00fcnd\u00fcz, ya\u011fmur-\u00e7amur demeden ko\u015fturan B\u00fcy\u00fck\u015fehir&#8217;in 11 bin personeline de te\u015fekk\u00fcrlerini iletti. Se\u00e7er, &#8220;Bizlere destek olan, hangi siyasi gelenekten gelmi\u015f, bir \u00f6nceki se\u00e7imde hangi siyasi partiye oy vermi\u015f olursa olsun bu se\u00e7imde tercihini \u015fahs\u0131mdan yana kullanan t\u00fcm yurtta\u015flar\u0131ma desteklerinden dolay\u0131 te\u015fekk\u00fcr ediyorum&#8221; dedi. Kendisine oy vermeyen yurtta\u015flar\u0131n hi\u00e7bir endi\u015fe i\u00e7erisinde olmamas\u0131 gerekti\u011fine i\u015faret eden Se\u00e7er, &#8220;Bize oy vermeyen her 10 yurtta\u015f\u0131m\u0131zdan 4&#8217;\u00fcn\u00fcn talepleri, hassasiyetleri, ihtiya\u00e7lar\u0131 ve \u015fikayetleri bizim dikkatimizdedir, ba\u015f\u0131m\u0131z\u0131n tac\u0131d\u0131r. Herkesi memnun etmek i\u00e7in de \u00f6n\u00fcm\u00fczdeki 5 y\u0131l yine \u00e7al\u0131\u015fma arkada\u015flar\u0131mla beraber Mersin&#8217;e hizmet etmekten onur duyaca\u011f\u0131z&#8221; diye konu\u015ftu.<\/p>\n<p>Ba\u015fkan Vekilleri, Meclis K\u00e2tipleri ve Belediye Enc\u00fcmenleri ile komisyon \u00fcyeleri se\u00e7ildi<\/p>\n<p>Meclis toplant\u0131s\u0131nda, Mersin B\u00fcy\u00fck\u015fehir Belediye Meclisi&#8217;nde 2 y\u0131l boyunca g\u00f6rev yapmak \u00fczere, Meclis 1. Ba\u015fkan Vekili ve Meclis 2. Ba\u015fkan Vekili se\u00e7imi yap\u0131ld\u0131 ve oylama gizli oy ile ger\u00e7ekle\u015fti. Se\u00e7imin ard\u0131ndan 49&#8217;ar oy alarak Meclis 1. Ba\u015fkan Vekili Ali Uyan, Meclis 2. Ba\u015fkan Vekili de Hasan \u00d6zalp \u00d6nal oldu.<\/p>\n<p>Mersin B\u00fcy\u00fck\u015fehir Belediye Meclisi&#8217;nde 2 y\u0131l boyunca g\u00f6rev yapmak \u00fczere, Meclis Katipli\u011fi&#8217;ne 2 asil, 2 yedek \u00fcyenin se\u00e7imi yine gizli oylama ile yap\u0131ld\u0131.52&#8217;\u015fer oy alarak Salih Se\u00e7kin Y\u0131ld\u0131r\u0131m ile Hande Kerimgiller asil, 49&#8217;ar oy alan \u015eerife Y\u00f6r\u00fck\u00e7\u00fc ile Deniz G\u00fcrocak ise yedek Meclis Katipleri oldu.<\/p>\n<p>Meclis toplant\u0131s\u0131nda ayr\u0131ca Belediye Enc\u00fcmeni&#8217;ne gizli oy ile 5 \u00fcye se\u00e7ildi. Bunlar; Melike Dursun, Orhan Dal, Veyis Avc\u0131, \u00d6zg\u00fcr Emire, Ay\u015fe Aydo\u011fan oldu. Meclis toplant\u0131s\u0131nda \u0130mar ve Bay\u0131nd\u0131rl\u0131k, \u00c7evre ve Sa\u011fl\u0131k, Plan ve B\u00fct\u00e7e, E\u011fitim, K\u00fclt\u00fcr, Gen\u00e7lik ve Spor, Ula\u015f\u0131m, Tar\u0131m ve Hayvanc\u0131l\u0131k, Engelliler, Amat\u00f6r Spora Destek, Kad\u0131n ve Erkek F\u0131rsat E\u015fitli\u011fi, Kamu ve \u00d6zel Sekt\u00f6r Yat\u0131r\u0131mlar\u0131, Yurt D\u0131\u015f\u0131 \u0130li\u015fkiler, Ekonomik Kalk\u0131nma ve Turizm Komisyonlar\u0131 i\u00e7in i\u015fari oylama ile 7&#8217;\u015fer \u00fcye se\u00e7ildi.<\/p>\n","protected":false},"excerpt":{"rendered":"<p>Mersin B\u00fcy\u00fck\u015fehir Belediyesi&#8217;nde 2024 T\u00fcrkiye Yerel Se\u00e7imleri&#8217;nin ard\u0131ndan yeni d\u00f6nemin ilk Meclis Toplant\u0131s\u0131 Mersin B\u00fcy\u00fck\u015fehir Belediye Ba\u015fkan\u0131 Vahap Se\u00e7er ba\u015fkanl\u0131\u011f\u0131nda ger\u00e7ekle\u015ftirildi. 2024 Y\u0131l\u0131 Nisan Ay\u0131 Ola\u011fan Toplant\u0131s\u0131&#8217;n\u0131n 1. Birle\u015fimi Kongre ve Sergi Saray\u0131 \u00c7ok Ama\u00e7l\u0131 Salon&#8217;da yap\u0131ld\u0131. Meclis toplant\u0131s\u0131nda toplam 6 madde g\u00f6r\u00fc\u015f\u00fcld\u00fc. &#8220;Her 3 ki\u015fiden 2 yurtta\u015f\u0131m\u0131n deste\u011fiyle tekrar B\u00fcy\u00fck\u015fehir Belediye Ba\u015fkan\u0131 se\u00e7ilmekten onur [&hellip;]<\/p>\n","protected":false},"author":2,"featured_media":32041,"comment_status":"open","ping_status":"open","sticky":false,"template":"","format":"standard","meta":{"footnotes":""},"categories":[8,1,2,3,5,6],"tags":[],"class_list":["post-32040","post","type-post","status-publish","format-standard","has-post-thumbnail","hentry","category-ekonomi","category-genel","category-gundem","category-manset","category-mersin","category-siyaset-2"],"views":9,"_links":{"self":[{"href":"https:\/\/mersinkadingazetesi.com\/index.php?rest_route=\/wp\/v2\/posts\/32040"}],"collection":[{"href":"https:\/\/mersinkadingazetesi.com\/index.php?rest_route=\/wp\/v2\/posts"}],"about":[{"href":"https:\/\/mersinkadingazetesi.com\/index.php?rest_route=\/wp\/v2\/types\/post"}],"author":[{"embeddable":true,"href":"https:\/\/mersinkadingazetesi.com\/index.php?rest_route=\/wp\/v2\/users\/2"}],"replies":[{"embeddable":true,"href":"https:\/\/mersinkadingazetesi.com\/index.php?rest_route=%2Fwp%2Fv2%2Fcomments&post=32040"}],"version-history":[{"count":0,"href":"https:\/\/mersinkadingazetesi.com\/index.php?rest_route=\/wp\/v2\/posts\/32040\/revisions"}],"wp:featuredmedia":[{"embeddable":true,"href":"https:\/\/mersinkadingazetesi.com\/index.php?rest_route=\/wp\/v2\/media\/32041"}],"wp:attachment":[{"href":"https:\/\/mersinkadingazetesi.com\/index.php?rest_route=%2Fwp%2Fv2%2Fmedia&parent=32040"}],"wp:term":[{"taxonomy":"category","embeddable":true,"href":"https:\/\/mersinkadingazetesi.com\/index.php?rest_route=%2Fwp%2Fv2%2Fcategories&post=32040"},{"taxonomy":"post_tag","embeddable":true,"href":"https:\/\/mersinkadingazetesi.com\/index.php?rest_route=%2Fwp%2Fv2%2Ftags&post=32040"}],"curies":[{"name":"wp","href":"https:\/\/api.w.org\/{rel}","templated":true}]}}