{"id":32043,"date":"2024-04-14T10:28:19","date_gmt":"2024-04-14T07:28:19","guid":{"rendered":"http:\/\/mersinkadingazetesi.com\/?p=32043"},"modified":"2024-04-14T10:28:19","modified_gmt":"2024-04-14T07:28:19","slug":"baskan-yildiz-el-birligiyle-calisacagiz","status":"publish","type":"post","link":"https:\/\/mersinkadingazetesi.com\/?p=32043","title":{"rendered":"BA\u015eKAN YILDIZ; &#8220;EL B\u0130RL\u0130\u011e\u0130YLE \u00c7ALI\u015eACA\u011eIZ&#8221;"},"content":{"rendered":"<p>Mersin&#8217;in merkez il\u00e7esi Toroslar Belediyesi, yeni d\u00f6nemin ilk meclis toplant\u0131s\u0131n\u0131 Toroslar Belediye Ba\u015fkan\u0131 Abdurrahman Y\u0131ld\u0131z ba\u015fkanl\u0131\u011f\u0131nda ger\u00e7ekle\u015ftirdi.<\/p>\n<p>31 Mart yerel se\u00e7imler sonras\u0131 olu\u015fan Toroslar Belediyesinin yeni meclisi, Yunus Emre K\u00fclt\u00fcr Merkezi&#8217;nde yap\u0131ld\u0131.<\/p>\n<p>Toplant\u0131n\u0131n a\u00e7\u0131l\u0131\u015f konu\u015fmas\u0131n\u0131 yapan Toroslar Belediye Ba\u015fkan\u0131 Abdurrahman Y\u0131ld\u0131z, \u00f6n\u00fcm\u00fczdeki 5 y\u0131ll\u0131k d\u00f6nem boyunca Toroslar Belediyesinin y\u00f6netiminde \u00f6nemli kararlar alacak olan meclis \u00fcyelerine hay\u0131rl\u0131 olsun dileklerini iletti.<\/p>\n<p>&#8220;TOROSLAR HALKININ \u0130STE\u011e\u0130N\u0130, TALEB\u0130N\u0130 \u0130LETEB\u0130LECE\u011e\u0130 B\u0130R BELED\u0130YE MECL\u0130S\u0130 VAR&#8221;<\/p>\n<p>Ba\u015fkan Y\u0131ld\u0131z; &#8220;320 bin Toroslar halk\u0131n\u0131n her biri Toroslar&#8217;\u0131n y\u00f6netiminde kendisini ifade edebilmelidir. Bunun da temel \u00f6geleri se\u00e7ilmi\u015f belediye meclis \u00fcyelerimizdir. Yani her bir Toroslar halk\u0131n\u0131n ihtiyac\u0131n\u0131, iste\u011fini, talebini iletebilece\u011fi bir belediye meclisimiz var. Bundan sonra Toroslar i\u00e7in ne yapabiliriz, bunu konu\u015fmam\u0131z laz\u0131m&#8221; dedi.<\/p>\n<p>&#8220;EL B\u0130RL\u0130\u011e\u0130YLE \u00c7ALI\u015eACA\u011eIZ&#8221;<\/p>\n<p>Al\u0131nan kararlar\u0131n Toroslar i\u00e7in hay\u0131rlara vesile olmas\u0131n\u0131 ve il\u00e7enin \u00f6n\u00fcn\u00fc a\u00e7\u0131lmas\u0131n\u0131 istediklerini belirten Ba\u015fkan Y\u0131ld\u0131z; &#8220;Farkl\u0131 memleketlerden gelmi\u015f olsak da asl\u0131nda Toroslar&#8217;da do\u011fduk ve b\u00fcy\u00fcd\u00fck. Hepimiz Toroslar&#8217;\u0131n \u00e7ocuklar\u0131y\u0131z ve Toroslar i\u00e7in buraday\u0131z. Her birimizin farkl\u0131 siyasi d\u00fcnyas\u0131, farkl\u0131 g\u00f6r\u00fc\u015fleri, ideolojileri var. Bizim siyasete ve prati\u011fe bak\u0131\u015f a\u00e7\u0131m\u0131z\u0131 da belirleyen buras\u0131 olacak. Ama esas olan ve hepimiz i\u00e7in \u00f6nemli olan \u00f6nceli\u011fimiz Toroslar&#8217;\u0131n bulundu\u011fu ko\u015fullardan ve konumdan bir ad\u0131m daha yukar\u0131ya \u00e7\u0131kmas\u0131d\u0131r. \u0130nsanlar\u0131m\u0131z\u0131n daha konforlu ve daha kaliteli hayat s\u00fcrmesidir. Sokaklar\u0131 temiz, asfalt\u0131 d\u00f6k\u00fclm\u00fc\u015f, parklar\u0131nda \u00e7ocuklar\u0131n oynad\u0131\u011f\u0131 bir Toroslar hayal ediyoruz. Toroslar i\u00e7in hepimiz el birli\u011fiyle \u00e7al\u0131\u015faca\u011f\u0131z&#8221; diye konu\u015ftu.<\/p>\n<p>&#8220;HANG\u0130 S\u0130YAS\u0130 PART\u0130YE OY VERD\u0130\u011e\u0130 BEN\u0130M \u0130\u00c7\u0130N \u00d6NEML\u0130 DE\u011e\u0130L. KIRMIZI NOKTAM, HERKES \u0130\u015e\u0130N\u0130 YAPACAK&#8221;<\/p>\n<p>Mersin kamuoyuna ve belediye \u00e7al\u0131\u015fanlar\u0131na bir mesaj da veren Ba\u015fkan Y\u0131ld\u0131z, k\u0131rm\u0131z\u0131 \u00e7izgilerinin herkesin i\u015fini yapmas\u0131 oldu\u011funu belirterek; &#8220;Ben i\u015f\u00e7i s\u0131n\u0131f\u0131 m\u00fccadelesinden gelmi\u015f, hayat\u0131n\u0131 i\u015f\u00e7i olarak idame ettiren bir insan\u0131m. Mali m\u00fc\u015favirim. Y\u0131llard\u0131r kendi al\u0131n teriyle i\u015f\u00e7i olarak evine ekmek g\u00f6t\u00fcren bir insan\u0131m. Evine al\u0131n teriyle ekmek g\u00f6t\u00fcren, \u00e7ocuklar\u0131n\u0131n kursa\u011f\u0131ndan helal lokma ge\u00e7iren hi\u00e7 kimsenin kar\u015f\u0131s\u0131nda durmad\u0131m ve bundan sonra da durmam. Herkes i\u015fini yapacak ve el birli\u011fiyle Toroslar&#8217;\u0131 kalk\u0131nd\u0131racak. Hangi siyasi partiye oy verdi\u011fine bakmaks\u0131z\u0131n liyakat\u0131 \u00f6n planda tutaca\u011f\u0131z&#8221; \u015feklinde konu\u015ftu.<\/p>\n<p>&#8220;BELED\u0130YE C\u0130DD\u0130 B\u0130R BOR\u00c7 SARMALI \u0130\u00c7\u0130NDE&#8221;<\/p>\n<p>Ba\u015fkan Y\u0131ld\u0131z, belediyenin \u00e7ok ciddi bir bor\u00e7 sarmal\u0131 i\u00e7inde oldu\u011funu ve \u00f6n\u00fcm\u00fczdeki d\u00f6nemde ciddi bir tasarruf yapacaklar\u0131n\u0131 da dile getirerek; &#8220;Toroslar il\u00e7esinin en acil sorunlar\u0131ndan ba\u015flayarak halka ait olan b\u00fct\u00e7eyi halk\u0131n ger\u00e7ek ihtiya\u00e7lar\u0131 i\u00e7in harcamak laz\u0131m&#8221; dedi.<\/p>\n<p>YEN\u0130 BA\u015eKAN VEK\u0130LLER\u0130, ENC\u00dcMEN VE KOM\u0130SYON \u00dcYELER\u0130 SE\u00c7\u0130LD\u0130<\/p>\n<p>Yoklaman\u0131n ard\u0131ndan Nisan Ay\u0131 Ola\u011fan Meclis Toplant\u0131s\u0131, Sayg\u0131 duru\u015funda bulunulmas\u0131 ve \u0130stiklal Mar\u015f\u0131&#8217;n\u0131n okunmas\u0131yla ba\u015flad\u0131.<\/p>\n<p>Toplant\u0131da, g\u00fcndem maddelerinde yer alan Meclis Ba\u015fkan Vekilleri, Meclis Katipleri, Enc\u00fcmen \u00dcyeleri, \u0130htisas Komisyonlar\u0131n\u0131n \u00fcye say\u0131s\u0131 ve \u00e7al\u0131\u015fma s\u00fcresi, Plan ve B\u00fct\u00e7e Komisyonu \u00dcyeleri, \u0130mar ve Bay\u0131nd\u0131rl\u0131k Komisyonu \u00dcyeleri, \u00c7evre ve Sa\u011fl\u0131k Komisyonu \u00dcyeleri, E\u011fitim, K\u00fclt\u00fcr, Gen\u00e7lik ve Spor Komisyonu \u00dcyeleri, Tar\u0131m ve Hayvanc\u0131l\u0131k Komisyonu \u00dcyeleri, Engelliler Komisyonu \u00dcyeleri, Kad\u0131n ve Erkek F\u0131rsat E\u015fitli\u011fi Komisyonu \u00dcyeleri ile Yurt D\u0131\u015f\u0131 \u0130li\u015fkiler Komisyonu \u00dcyeleri se\u00e7imleri yap\u0131ld\u0131.<\/p>\n<p>Meclis toplant\u0131s\u0131, May\u0131s ay\u0131nda yap\u0131lacak olan meclis toplant\u0131 g\u00fcn\u00fcn\u00fcn; 2 May\u0131s Per\u015fembe saat:14.00 olarak belirlenmesinin ard\u0131ndan dilek ve temenniler ile son buldu.<\/p>\n","protected":false},"excerpt":{"rendered":"<p>Mersin&#8217;in merkez il\u00e7esi Toroslar Belediyesi, yeni d\u00f6nemin ilk meclis toplant\u0131s\u0131n\u0131 Toroslar Belediye Ba\u015fkan\u0131 Abdurrahman Y\u0131ld\u0131z ba\u015fkanl\u0131\u011f\u0131nda ger\u00e7ekle\u015ftirdi. 31 Mart yerel se\u00e7imler sonras\u0131 olu\u015fan Toroslar Belediyesinin yeni meclisi, Yunus Emre K\u00fclt\u00fcr Merkezi&#8217;nde yap\u0131ld\u0131. Toplant\u0131n\u0131n a\u00e7\u0131l\u0131\u015f konu\u015fmas\u0131n\u0131 yapan Toroslar Belediye Ba\u015fkan\u0131 Abdurrahman Y\u0131ld\u0131z, \u00f6n\u00fcm\u00fczdeki 5 y\u0131ll\u0131k d\u00f6nem boyunca Toroslar Belediyesinin y\u00f6netiminde \u00f6nemli kararlar alacak olan meclis \u00fcyelerine [&hellip;]<\/p>\n","protected":false},"author":2,"featured_media":32045,"comment_status":"open","ping_status":"open","sticky":false,"template":"","format":"standard","meta":{"footnotes":""},"categories":[2,3,5],"tags":[],"class_list":["post-32043","post","type-post","status-publish","format-standard","has-post-thumbnail","hentry","category-gundem","category-manset","category-mersin"],"views":2,"_links":{"self":[{"href":"https:\/\/mersinkadingazetesi.com\/index.php?rest_route=\/wp\/v2\/posts\/32043"}],"collection":[{"href":"https:\/\/mersinkadingazetesi.com\/index.php?rest_route=\/wp\/v2\/posts"}],"about":[{"href":"https:\/\/mersinkadingazetesi.com\/index.php?rest_route=\/wp\/v2\/types\/post"}],"author":[{"embeddable":true,"href":"https:\/\/mersinkadingazetesi.com\/index.php?rest_route=\/wp\/v2\/users\/2"}],"replies":[{"embeddable":true,"href":"https:\/\/mersinkadingazetesi.com\/index.php?rest_route=%2Fwp%2Fv2%2Fcomments&post=32043"}],"version-history":[{"count":0,"href":"https:\/\/mersinkadingazetesi.com\/index.php?rest_route=\/wp\/v2\/posts\/32043\/revisions"}],"wp:featuredmedia":[{"embeddable":true,"href":"https:\/\/mersinkadingazetesi.com\/index.php?rest_route=\/wp\/v2\/media\/32045"}],"wp:attachment":[{"href":"https:\/\/mersinkadingazetesi.com\/index.php?rest_route=%2Fwp%2Fv2%2Fmedia&parent=32043"}],"wp:term":[{"taxonomy":"category","embeddable":true,"href":"https:\/\/mersinkadingazetesi.com\/index.php?rest_route=%2Fwp%2Fv2%2Fcategories&post=32043"},{"taxonomy":"post_tag","embeddable":true,"href":"https:\/\/mersinkadingazetesi.com\/index.php?rest_route=%2Fwp%2Fv2%2Ftags&post=32043"}],"curies":[{"name":"wp","href":"https:\/\/api.w.org\/{rel}","templated":true}]}}