{"id":32070,"date":"2024-04-16T12:57:20","date_gmt":"2024-04-16T09:57:20","guid":{"rendered":"http:\/\/mersinkadingazetesi.com\/?p=32070"},"modified":"2024-04-16T12:57:20","modified_gmt":"2024-04-16T09:57:20","slug":"sariyildiz-ve-arslan-belediye-personeli-ile-bir-araya-gelerek-yeni-donemin-yol-haritasini-anlatti","status":"publish","type":"post","link":"https:\/\/mersinkadingazetesi.com\/?p=32070","title":{"rendered":"Sar\u0131y\u0131ld\u0131z ve Arslan belediye personeli ile bir araya gelerek yeni d\u00f6nemin yol haritas\u0131n\u0131 anlatt\u0131"},"content":{"rendered":"<p>E\u015f Ba\u015fkan Sar\u0131y\u0131ld\u0131z; \u201cAkdeniz Belediyesi\u2019ni, yakla\u015f\u0131k 700 milyon TL; hak edi\u015flerle birlikte 800 milyon TL\u2019ye yak\u0131n bir bor\u00e7la devralm\u0131\u015f durumday\u0131z. \u00d6nceki y\u00f6netim taraf\u0131ndan \u00e7ok ciddi bir bor\u00e7 bata\u011f\u0131, a\u011f\u0131r bir mali y\u00fck b\u0131rak\u0131ld\u0131. Yak\u0131n d\u00f6nemde kemer s\u0131kma politikas\u0131 bizleri bekliyor olacak. Fakat nihayetinde mesai arkada\u015flar\u0131m\u0131zla \u00f6zveriyle \u00e7al\u0131\u015farak bu a\u011f\u0131r y\u00fck\u00fcn alt\u0131ndan hep birlikte kalkaca\u011f\u0131z.\u201d<br \/>\nE\u015f Ba\u015fkan Arslan; \u201cSe\u00e7im d\u00f6neminde bize kar\u015f\u0131 yap\u0131lmak istenen alg\u0131larla ilgili olarak gerekli hukuki ve yasal m\u00fccadelemizi elbette verece\u011fiz. Nihayet 5 y\u0131l\u0131n sonunda da Nuriye Arslan ve Ho\u015fyar Sar\u0131y\u0131ld\u0131z\u2019a yap\u0131lmak istenen alg\u0131n\u0131n ne kadar bo\u015f oldu\u011funu g\u00f6sterece\u011fiz. Biz, kimsenin i\u015fiyle, ekme\u011fiyle oynamak i\u00e7in se\u00e7ilmedik. B\u00fct\u00fcn emek\u00e7ilerin yan\u0131nda olaca\u011f\u0131m\u0131z\u0131 d\u00fcn de s\u00f6yledik, bug\u00fcn de s\u00f6yl\u00fcyoruz.\u201d<br \/>\nAkdeniz Belediyesi E\u015f Ba\u015fkanlar\u0131 Ho\u015fyar Sar\u0131y\u0131ld\u0131z ve Nuriye Arslan, belediye konferans salonunda d\u00fczenlenen toplant\u0131da kurum personeli ile bir ara geldi. Belediye personeline ilk hitap eden Sar\u0131y\u0131ld\u0131z; \u201cG\u00f6reve gelir gelmez ilk i\u015fimiz ba\u015fkanl\u0131k makam\u0131n\u0131n kap\u0131lar\u0131n\u0131 s\u00f6kmek oldu. Biz, birileri gibi koruma ordular\u0131yla gezmeyece\u011fiz.<br \/>\nDaima halk\u0131m\u0131z\u0131n i\u00e7inde olup onlar\u0131n hizmetk\u00e2r\u0131 olaca\u011f\u0131z. Elbette farkl\u0131 d\u00fcnya g\u00f6r\u00fc\u015f\u00fcne, farkl\u0131 k\u00f6ken ve inan\u00e7lara sahip insanlar olarak bir araday\u0131z. \u0130nsanlar\u0131n fikri, inanc\u0131 bizim i\u00e7in hi\u00e7bir zaman g\u00fcndem olmad\u0131. Herkes farkl\u0131 siyasi anlay\u0131\u015flara sahip olabilir, farkl\u0131 dil ve k\u00fclt\u00fcrden gelebilir. Bu da insan olarak do\u011fam\u0131zdan kaynakl\u0131d\u0131r. Tam da bu noktada farkl\u0131l\u0131klar\u0131m\u0131z\u0131n eksikli\u011fimiz de\u011fil zenginli\u011fimiz oldu\u011fu bilinci ve inanc\u0131yla her zaman i\u00e7in Mersin ve \u00f6zellikle de Akdeniz gibi zenginliklerimizin bir arada ya\u015fad\u0131\u011f\u0131 bu b\u00f6lgemizde, farkl\u0131l\u0131klar\u0131m\u0131z\u0131n daha da korunup kollanmas\u0131 gerekti\u011fine inan\u0131yoruz\u201d dedi.<br \/>\n\u201cHalk\u0131n, belediyenin sermayesi kirli oyunlara pe\u015fke\u015f \u00e7ekildi\u201d<br \/>\nSe\u00e7im s\u00fcrecinde kendileri hakk\u0131nda, kamuoyunda k\u00f6t\u00fc ve yanl\u0131\u015f bir imaj yarat\u0131lmak istendi\u011finin de alt\u0131n\u0131 \u00e7izen E\u015f Ba\u015fkan Sar\u0131y\u0131ld\u0131z; \u201c\u00d6zellikle bizlerin \u015fahs\u0131nda temsil etti\u011fimiz gelenekle ilgili olarak, \u2018Y\u00f6netime geldiklerinde farkl\u0131 g\u00f6r\u00fc\u015ften olanlara zulmedecekler, i\u015ften \u00e7\u0131karmalar olacak. \u0130nsanlar\u0131n dinine, inanc\u0131na, fikrine g\u00f6re ayr\u0131mc\u0131l\u0131k yapacaklar\u2019 gibi k\u00f6t\u00fc alg\u0131lar yarat\u0131ld\u0131. Ne yaz\u0131k ki buna kendine gazeteci diyen insanlar da alet edildi. Tabi biz bunun perde arkas\u0131nda d\u00f6nen kirli oyunlar\u0131 da biliyorduk. Halk\u0131n ve belediyenin sermayesinin bu kirli oyunlara nas\u0131l pe\u015fke\u015f \u00e7ekildi\u011fini personel olarak sizler de halk\u0131m\u0131z da g\u00f6rd\u00fc\u201d diye konu\u015ftu.<br \/>\n\u201cHepimizin tek derdi, halk\u0131m\u0131za en iyi hizmeti nas\u0131l sunaca\u011f\u0131m\u0131z olacak\u201d<br \/>\n\u201cHalk\u0131m\u0131z \u015funu bilsin ki bir insan ba\u015f\u0131 a\u00e7\u0131k veya kapal\u0131 diye, bir insan K\u00fcrt, T\u00fcrk, Arap, Roman, Rum, Alevi, S\u00fcnni veya Hristiyan diye ayr\u0131m\u0131 g\u00f6rmez. Tam tersi, bizler bununla \u00f6v\u00fcn\u00e7 duyar\u0131z\u201d diyen Sar\u0131y\u0131ld\u0131z; \u201cAkdeniz; bu kapsay\u0131c\u0131l\u0131\u011f\u0131 ba\u015far\u0131rsa ba\u015far\u0131l\u0131 bir belediyecilik anlay\u0131\u015f\u0131 geli\u015ftirecektir. Aksi halde kar\u015f\u0131t\u0131m\u0131za benzeriz. Bu d\u00f6nem hi\u00e7bir arkada\u015f\u0131m\u0131za ay\u0131r\u0131m yapmadan, herkesin belediyenin emek\u00e7isi, \u00fcreticisi oldu\u011fu bilinciyle e\u015fit yakla\u015faca\u011f\u0131m\u0131z\u0131 belirtmek isterim. En de\u011ferli \u00e7al\u0131\u015fan\u0131m\u0131z, mesai arkada\u015f\u0131m\u0131z, i\u015fini en iyi yapanlar olacak. Bu saatten sonra hepimizin tek derdi, halk\u0131m\u0131za en iyi hizmeti nas\u0131l sunar\u0131z olmal\u0131d\u0131r\u201d ifadelerini kulland\u0131.<br \/>\nE\u015f Ba\u015fkan Sar\u0131y\u0131ld\u0131z; Akdeniz Belediyesi\u2019ni, il\u00e7e halk\u0131n\u0131n s\u0131\u011f\u0131nd\u0131\u011f\u0131 bir limana benzeterek; \u201cBizler, bu mesaj\u0131 tekrar vermek i\u00e7in de g\u00f6reve gelir gelmez yapt\u0131\u011f\u0131m\u0131z ilk i\u015f ba\u015fkanl\u0131k makam\u0131n\u0131n kap\u0131lar\u0131n\u0131 s\u00f6kmek oldu. Vatanda\u015f\u0131m\u0131z, diledikleri zaman bize ula\u015fabileceklerini g\u00f6rs\u00fcn ve hissetsinler istedik. Biz, koruma ordular\u0131yla kendini halktan geri \u00e7eken bir pratik i\u00e7indeki y\u00f6neticilerden olmayacak, halk\u0131m\u0131zla her daim i\u00e7 i\u00e7e ve bir arada olaca\u011f\u0131z\u201d diye konu\u015ftu.<br \/>\n\u201cSiyaseti siyaset\u00e7ilere b\u0131rak\u0131p halk\u0131m\u0131za hizmet \u00fcretmek i\u00e7in \u00e7al\u0131\u015faca\u011f\u0131z\u201d<br \/>\nAkdeniz\u2019in baz\u0131 mahallelerinde halen kanalizasyon altyap\u0131s\u0131 ve kald\u0131r\u0131m\u0131 olmayan sokaklar bulundu\u011funu, park olmad\u0131\u011f\u0131 sokak aralar\u0131nda oynayan \u00e7ocuklar\u0131n ara\u00e7 \u00e7arpmalar\u0131na maruz kald\u0131\u011f\u0131n\u0131 kaydeden Sar\u0131y\u0131ld\u0131z, \u015f\u00f6yle konu\u015ftu; \u201cBiz siyaseti, siyaset\u00e7ilere b\u0131rakaca\u011f\u0131z. Bizler, halk\u0131m\u0131za hizmet \u00fcretmekle u\u011fra\u015faca\u011f\u0131z, kendimize bunlar\u0131 dert edece\u011fiz ve projelerimizle halk\u0131m\u0131za gidece\u011fiz. Ne yaz\u0131k ki \u00f6nceki y\u00f6netim belediyemizi \u00e7ok ciddi bir bor\u00e7 krizi alt\u0131nda b\u0131rakt\u0131. Yakla\u015f\u0131k 700 milyon TL; hak edi\u015flerle birlikte 800 milyon TL\u2019ye yak\u0131n bir bor\u00e7la belediyeyi devralm\u0131\u015f durumday\u0131z.<br \/>\n\u00c7ok ciddi bir bor\u00e7, ciddi bir y\u00fck\u2026 Bu anlamda \u00f6n\u00fcm\u00fczde bir kemer s\u0131kma politikas\u0131 bizi bekliyor olacak. Fakat nihayetinde mesai arkada\u015flar\u0131m\u0131z \u00f6zveriyle \u00e7al\u0131\u015f\u0131rsa bu y\u00fck\u00fcn de alt\u0131ndan kalkar\u0131z. Yeter ki birbirimize g\u00fcvenelim. \u00d6nceki y\u00f6netimin yapt\u0131\u011f\u0131 g\u00fczel uygulamalara, halk\u0131m\u0131z\u0131n yarar\u0131na olan hizmetlere devam edece\u011fiz. Ama faydas\u0131z, halk\u0131n \u00e7\u0131kar ve menfaatine ayk\u0131r\u0131 yanl\u0131\u015f uygulamalar\u0131 kald\u0131raca\u011f\u0131z.\u201d<br \/>\n\u201cBize kar\u015f\u0131 yap\u0131lmak istenen b\u00fct\u00fcn alg\u0131lar\u0131 bo\u015fa \u00e7\u0131karaca\u011f\u0131z\u201d<br \/>\nE\u015f Ba\u015fkan Nuriye Arslan ise konu\u015fmas\u0131na, belediye personelinin ge\u00e7mi\u015f Ramazan Bayram\u0131\u2019n\u0131 tebrik ederek ba\u015flad\u0131. \u00d6nlerinde 5 y\u0131ll\u0131k bir y\u00f6netim s\u00fcreci oldu\u011funu kaydeden Arslan; se\u00e7im kampanyas\u0131 s\u0131ras\u0131nda kendileri hakk\u0131nda hi\u00e7 do\u011fru olmayan, ger\u00e7eklikten uzak \u015feyler s\u00f6ylendi\u011fini dile getirdi. \u201cSiyasette rekabetin bir \u00f6l\u00e7\u00fcs\u00fc olmas\u0131 gerekti\u011fini belirten Arslan; s\u00f6zlerini \u015f\u00f6yle s\u00fcrd\u00fcrd\u00fc;<br \/>\n\u201cTabi yasal boyutuyla ilgili olarak gerekeni yapaca\u011f\u0131z. \u015eunu t\u00fcm \u00e7al\u0131\u015fma arkada\u015flar\u0131m\u0131za net s\u00f6yleyeyim ki 5 y\u0131l\u0131n sonunda Nuriye Arslan ve Ho\u015fyar Sar\u0131y\u0131ld\u0131z\u2019a yap\u0131lmak istenen alg\u0131n\u0131n ne kadar bo\u015f oldu\u011funu hep birlikte g\u00f6sterece\u011fiz. Bundan kimsenin \u015f\u00fcphesi olmas\u0131n. Biz, kimsenin ekme\u011fiyle u\u011fra\u015fmak i\u00e7in burada de\u011filiz. B\u00fct\u00fcn emek\u00e7ilerin yan\u0131nda olaca\u011f\u0131m\u0131z\u0131 d\u00fcn de s\u00f6yledik, bug\u00fcn de yar\u0131nda s\u00f6yl\u00fcyoruz. Bu bizim yerel y\u00f6netimlerde temel ilke ve anlay\u0131\u015f\u0131m\u0131zd\u0131r. Biz, genel siyasetten uzak, tamamen yerel y\u00f6netimler odakl\u0131 bir \u00e7al\u0131\u015fma izleyece\u011fimizi, tamamen Akdeniz halklar\u0131na hizmete odakl\u0131 bir prati\u011fimizi olaca\u011f\u0131n\u0131 herkesin bilmesini istiyoruz. Bunu da hep birlikte yapaca\u011f\u0131z.\u201d<br \/>\n\u201cGerekirse elimize s\u00fcp\u00fcrgeleri al\u0131p sokaklar\u0131m\u0131z\u0131 kendimiz temizleriz\u201d<br \/>\nE\u015f Ba\u015fkan Arslan; Akdeniz Belediyesi\u2019nin, mali anlamda \u00e7ok i\u00e7 a\u00e7\u0131c\u0131 bir durumda olmad\u0131\u011f\u0131n\u0131 kaydederek; \u201cAdeta a\u011f\u0131r bir hasta devrald\u0131k, bunu da herkesin bilmesinde fayda var. En basiti, bayram a\u011fz\u0131, b\u00fct\u00fcn saha i\u015f makinelerini bile \u00e7ektiler, sokaklar\u0131 \u00e7\u00f6pe terk ettiler. Ama biz \u00f6yle g\u00fczel bir gelenekten geliyoruz ki t\u0131pk\u0131 Van \u00f6rne\u011finde oldu\u011fu gibi, gerekirse e\u015f ba\u015fkanlar olarak elimize s\u00fcp\u00fcrge ve k\u00fcrekleri al\u0131p sokaklar\u0131m\u0131z\u0131 kendimiz temizleriz. Tek ama\u00e7 ve hedefimiz, halklar\u0131m\u0131za g\u00fczel ve e\u015fit hizmetler ula\u015ft\u0131rmak, i\u015f\u00e7inin ve emek\u00e7inin yan\u0131nda olmak\u2026 Akdeniz; renkleri, inan\u00e7lar\u0131 ve farkl\u0131 k\u00fclt\u00fcrleriyle \u00f6rnek bir il\u00e7emiz. Bizler de bu zenginlikleri koruyup esas alarak yerel y\u00f6netim anlay\u0131\u015f\u0131m\u0131z\u0131 s\u00fcrd\u00fcrece\u011fiz\u201d ifadelerini kulland\u0131.<br \/>\nE\u015f Ba\u015fkanlar\u0131n konu\u015fmas\u0131n\u0131n ard\u0131ndan salonu dolduran Akdeniz Belediyesi \u00e7al\u0131\u015fanlar\u0131 da farkl\u0131 konular hakk\u0131nda g\u00f6r\u00fc\u015flerini, \u00e7e\u015fitli ele\u015ftiri ve \u00f6nerilerini dile getirdi. E\u015f Ba\u015fkanlar Arslan ve Sar\u0131y\u0131ld\u0131z; ayr\u0131ca Fen \u0130\u015fleri, Park ve Bah\u00e7eler ile \u00c7evre Koruma ve Kontrol M\u00fcd\u00fcrl\u00fc\u011f\u00fc sahalar\u0131n\u0131 da ziyaret ederek burada \u00e7al\u0131\u015fan personel ile bir araya geldi.<\/p>\n","protected":false},"excerpt":{"rendered":"<p>E\u015f Ba\u015fkan Sar\u0131y\u0131ld\u0131z; \u201cAkdeniz Belediyesi\u2019ni, yakla\u015f\u0131k 700 milyon TL; hak edi\u015flerle birlikte 800 milyon TL\u2019ye yak\u0131n bir bor\u00e7la devralm\u0131\u015f durumday\u0131z. \u00d6nceki y\u00f6netim taraf\u0131ndan \u00e7ok ciddi bir bor\u00e7 bata\u011f\u0131, a\u011f\u0131r bir mali y\u00fck b\u0131rak\u0131ld\u0131. Yak\u0131n d\u00f6nemde kemer s\u0131kma politikas\u0131 bizleri bekliyor olacak. Fakat nihayetinde mesai arkada\u015flar\u0131m\u0131zla \u00f6zveriyle \u00e7al\u0131\u015farak bu a\u011f\u0131r y\u00fck\u00fcn alt\u0131ndan hep birlikte kalkaca\u011f\u0131z.\u201d E\u015f [&hellip;]<\/p>\n","protected":false},"author":2,"featured_media":32071,"comment_status":"open","ping_status":"open","sticky":false,"template":"","format":"standard","meta":{"footnotes":""},"categories":[8,1,2,3,6],"tags":[],"class_list":["post-32070","post","type-post","status-publish","format-standard","has-post-thumbnail","hentry","category-ekonomi","category-genel","category-gundem","category-manset","category-siyaset-2"],"views":5,"_links":{"self":[{"href":"https:\/\/mersinkadingazetesi.com\/index.php?rest_route=\/wp\/v2\/posts\/32070"}],"collection":[{"href":"https:\/\/mersinkadingazetesi.com\/index.php?rest_route=\/wp\/v2\/posts"}],"about":[{"href":"https:\/\/mersinkadingazetesi.com\/index.php?rest_route=\/wp\/v2\/types\/post"}],"author":[{"embeddable":true,"href":"https:\/\/mersinkadingazetesi.com\/index.php?rest_route=\/wp\/v2\/users\/2"}],"replies":[{"embeddable":true,"href":"https:\/\/mersinkadingazetesi.com\/index.php?rest_route=%2Fwp%2Fv2%2Fcomments&post=32070"}],"version-history":[{"count":0,"href":"https:\/\/mersinkadingazetesi.com\/index.php?rest_route=\/wp\/v2\/posts\/32070\/revisions"}],"wp:featuredmedia":[{"embeddable":true,"href":"https:\/\/mersinkadingazetesi.com\/index.php?rest_route=\/wp\/v2\/media\/32071"}],"wp:attachment":[{"href":"https:\/\/mersinkadingazetesi.com\/index.php?rest_route=%2Fwp%2Fv2%2Fmedia&parent=32070"}],"wp:term":[{"taxonomy":"category","embeddable":true,"href":"https:\/\/mersinkadingazetesi.com\/index.php?rest_route=%2Fwp%2Fv2%2Fcategories&post=32070"},{"taxonomy":"post_tag","embeddable":true,"href":"https:\/\/mersinkadingazetesi.com\/index.php?rest_route=%2Fwp%2Fv2%2Ftags&post=32070"}],"curies":[{"name":"wp","href":"https:\/\/api.w.org\/{rel}","templated":true}]}}