{"id":32090,"date":"2024-04-17T12:55:08","date_gmt":"2024-04-17T09:55:08","guid":{"rendered":"http:\/\/mersinkadingazetesi.com\/?p=32090"},"modified":"2024-04-17T12:55:08","modified_gmt":"2024-04-17T09:55:08","slug":"baskan-isikbay-ureticiye-el-cektirmeye-calisiyorlar","status":"publish","type":"post","link":"https:\/\/mersinkadingazetesi.com\/?p=32090","title":{"rendered":"BA\u015eKAN I\u015eIKBAY: \u00dcRET\u0130C\u0130YE EL \u00c7EKT\u0130RMEYE \u00c7ALI\u015eIYORLAR!"},"content":{"rendered":"<p>Deva Partisi Mersin \u0130l Ba\u015fkan\u0131 Taner I\u015f\u0131kbay, \u00e7i\u011f s\u00fcte yap\u0131lan  zamma ili\u015fkin de\u011ferlendirmede bulundu. \u00dcretici ve t\u00fcketici dengesinin tamam\u0131yla bozuldu\u011funu belirten Ba\u015fkan I\u015f\u0131kbay:&#8221; \u00dcreticiye kepenk indirtmek, t\u00fcketiciyi zora sokmak i\u00e7in ellerinden geleni yap\u0131yorlar&#8221;dedi.<\/p>\n<p>Ba\u015fkan I\u015f\u0131kbay, \u00e7i\u011f s\u00fcte gelen zamma ili\u015fkin de\u011ferlendirmede bulundu. \u00dcreticinin de t\u00fcketicinin de \u00e7ok zor durumda oldu\u011funu s\u00f6yleyen I\u015f\u0131kbay a\u00e7\u0131klamas\u0131nda \u015funlar\u0131 s\u00f6yledi:&#8221; \u00c7i\u011f s\u00fcte yap\u0131lan zam karar\u0131 tam bir hayal k\u0131r\u0131kl\u0131\u011f\u0131. \u00dcreticiye resmen s\u00fctten elini \u00e7ek diyorlar. T\u00fcketiciye de t\u00fcketme diyorlar. Arz- talep dengesini bozuyorlar. T\u00fcrkiye \u00fcretim cennetinden t\u00fcketim cehennemine do\u011fru emin ad\u0131mlarla ilerliyor. \u00dcreticilerimiz, d\u00fc\u015f\u00fck fiyatlarla m\u00fccadele ederken, t\u00fcketicilerimiz fahi\u015f fiyatlarla bo\u011fu\u015fuyor. Bu kararlara kimse bir \u015fey diyemiyor. Fiyatlara %8,5 zam yap\u0131ld\u0131 fakat son t\u00fcketici bu s\u00fct\u00fc y\u00fczde ka\u00e7 zam ile t\u00fcketecek oras\u0131 da ayr\u0131 bir muamma. S\u00fct konseyi i\u015finin gerekliliklerini yapm\u0131yor. \u00c7ift\u00e7iye destek verilmiyor, \u00e7ift\u00e7i kredilerle, fahi\u015f fiyatlarla kasten bo\u011fu\u015fturuluyor. Adil ve uygun fiyat politikalar\u0131 \u015fart. Yoksa T\u00fcrkiye iflasa do\u011fru s\u00fcr\u00fcklenecek&#8221;dedi.<\/p>\n","protected":false},"excerpt":{"rendered":"<p>Deva Partisi Mersin \u0130l Ba\u015fkan\u0131 Taner I\u015f\u0131kbay, \u00e7i\u011f s\u00fcte yap\u0131lan zamma ili\u015fkin de\u011ferlendirmede bulundu. \u00dcretici ve t\u00fcketici dengesinin tamam\u0131yla bozuldu\u011funu belirten Ba\u015fkan I\u015f\u0131kbay:&#8221; \u00dcreticiye kepenk indirtmek, t\u00fcketiciyi zora sokmak i\u00e7in ellerinden geleni yap\u0131yorlar&#8221;dedi. Ba\u015fkan I\u015f\u0131kbay, \u00e7i\u011f s\u00fcte gelen zamma ili\u015fkin de\u011ferlendirmede bulundu. \u00dcreticinin de t\u00fcketicinin de \u00e7ok zor durumda oldu\u011funu s\u00f6yleyen I\u015f\u0131kbay a\u00e7\u0131klamas\u0131nda \u015funlar\u0131 s\u00f6yledi:&#8221; [&hellip;]<\/p>\n","protected":false},"author":2,"featured_media":32091,"comment_status":"open","ping_status":"open","sticky":false,"template":"","format":"standard","meta":{"footnotes":""},"categories":[3],"tags":[],"class_list":["post-32090","post","type-post","status-publish","format-standard","has-post-thumbnail","hentry","category-manset"],"views":2,"_links":{"self":[{"href":"https:\/\/mersinkadingazetesi.com\/index.php?rest_route=\/wp\/v2\/posts\/32090"}],"collection":[{"href":"https:\/\/mersinkadingazetesi.com\/index.php?rest_route=\/wp\/v2\/posts"}],"about":[{"href":"https:\/\/mersinkadingazetesi.com\/index.php?rest_route=\/wp\/v2\/types\/post"}],"author":[{"embeddable":true,"href":"https:\/\/mersinkadingazetesi.com\/index.php?rest_route=\/wp\/v2\/users\/2"}],"replies":[{"embeddable":true,"href":"https:\/\/mersinkadingazetesi.com\/index.php?rest_route=%2Fwp%2Fv2%2Fcomments&post=32090"}],"version-history":[{"count":0,"href":"https:\/\/mersinkadingazetesi.com\/index.php?rest_route=\/wp\/v2\/posts\/32090\/revisions"}],"wp:featuredmedia":[{"embeddable":true,"href":"https:\/\/mersinkadingazetesi.com\/index.php?rest_route=\/wp\/v2\/media\/32091"}],"wp:attachment":[{"href":"https:\/\/mersinkadingazetesi.com\/index.php?rest_route=%2Fwp%2Fv2%2Fmedia&parent=32090"}],"wp:term":[{"taxonomy":"category","embeddable":true,"href":"https:\/\/mersinkadingazetesi.com\/index.php?rest_route=%2Fwp%2Fv2%2Fcategories&post=32090"},{"taxonomy":"post_tag","embeddable":true,"href":"https:\/\/mersinkadingazetesi.com\/index.php?rest_route=%2Fwp%2Fv2%2Ftags&post=32090"}],"curies":[{"name":"wp","href":"https:\/\/api.w.org\/{rel}","templated":true}]}}