{"id":32102,"date":"2024-04-18T12:51:24","date_gmt":"2024-04-18T09:51:24","guid":{"rendered":"http:\/\/mersinkadingazetesi.com\/?p=32102"},"modified":"2024-04-18T12:51:24","modified_gmt":"2024-04-18T09:51:24","slug":"buyuksehir-evde-saglik-ve-bakim-hizmetleri-toroslarin-eteklerine-kadar-ulasiyor","status":"publish","type":"post","link":"https:\/\/mersinkadingazetesi.com\/?p=32102","title":{"rendered":"B\u00dcY\u00dcK\u015eEH\u0130R EVDE SA\u011eLIK VE BAKIM H\u0130ZMETLER\u0130 TOROSLARIN ETEKLER\u0130NE KADAR ULA\u015eIYOR"},"content":{"rendered":"<p>Mersin&#8217;in en uzak noktas\u0131na kadar vatanda\u015f\u0131n her t\u00fcrl\u00fc talebini kar\u015f\u0131layan Mersin B\u00fcy\u00fck\u015fehir Belediyesi, Tarsus&#8217;a ba\u011fl\u0131 \u0130nk\u00f6y Mahallesi&#8217;nde ge\u00e7irdi\u011fi kaza sonucu fizyoterapiye ihtiyac\u0131 olan Cevdet G\u00fclal&#8217;\u0131n tedavisine katk\u0131 sa\u011flayarak yeniden y\u00fcr\u00fcmesini sa\u011flad\u0131.<\/p>\n<p>Ge\u00e7irdi\u011fi bir kaza sonucu kal\u00e7a kemi\u011fini sakatlayan ve tedavi s\u00fcrecinde fel\u00e7 ge\u00e7iren Cevdet G\u00fclal, yata\u011fa ba\u011f\u0131ml\u0131 hale gelmi\u015fti. Sa\u011fl\u0131k \u0130\u015fleri Dairesi Ba\u015fkanl\u0131\u011f\u0131&#8217;na ba\u011fl\u0131 &#8216;Evde Sa\u011fl\u0131k ve Bak\u0131m Hizmetleri&#8217;ne Alo 185 ile ba\u015fvuran G\u00fclal, 6 ay gibi k\u0131sa bir s\u00fcrede tekrar ad\u0131m atmaya ba\u015flad\u0131. B\u00fcy\u00fck\u015fehir&#8217;in profesyonel sa\u011fl\u0131k ekibi ile sa\u011fl\u0131\u011f\u0131na kavu\u015fma yolunda h\u0131zla ilerleyen G\u00fclal, sa\u011fl\u0131\u011f\u0131na tamamen kavu\u015fabilmek i\u00e7in, fizyoterapistlerin \u00f6nerdi\u011fi egzersizleri de g\u00fcn i\u00e7inde eksiksiz yap\u0131yor.<\/p>\n<p>\u0130nal: &#8220;Hasta \u00fczerindeki hedefimiz, tek ba\u015f\u0131na hareket edebilir hale gelmesi&#8221;<\/p>\n<p>B\u00fcy\u00fck\u015fehir Belediyesi Evde Sa\u011fl\u0131k ve Bak\u0131m Birimi&#8217;nde Fizyoterapist olarak g\u00f6rev yapan Deniz Bahar \u0130nal, Cevdet G\u00fclal&#8217;\u0131n kal\u00e7a ameliyat\u0131 olduktan sonra hareket kabiliyetinin hi\u00e7 kalmad\u0131\u011f\u0131n\u0131 belirterek, &#8220;Cevdet Amcam\u0131z\u0131 tedavi etmeye gelmeden \u00f6nce, kendisi kal\u00e7a ameliyat\u0131 olmu\u015f ve ameliyat sonras\u0131nda inme ge\u00e7irmi\u015f&#8221; dedi. Tedaviye ilk ba\u015flad\u0131klar\u0131nda Cevdet G\u00fclal&#8217;\u0131n yata\u011fa ba\u011f\u0131ml\u0131 bir \u015fekilde ya\u015fad\u0131\u011f\u0131n\u0131 aktaran \u0130nal, &#8220;Biz tedaviye ilk ba\u015flad\u0131\u011f\u0131m\u0131zda Cevdet Amca y\u00fcr\u00fcyemiyor ve oturam\u0131yordu. Kaslar\u0131 da \u00e7ok g\u00fc\u00e7s\u00fczle\u015fmi\u015fti. Ayr\u0131ca \u015fekere ba\u011fl\u0131 olarak, y\u00fczde 94 g\u00f6rme kayb\u0131 vard\u0131. Biz tedaviye bu \u015fekilde ba\u015flad\u0131k&#8221; diye konu\u015ftu.<\/p>\n<p>Fizik tedavi program\u0131na ba\u015flad\u0131ktan 3 ay sonra Cevdet G\u00fclal&#8217;\u0131n geli\u015fme kaydetti\u011fini ve y\u00fcr\u00fcte\u00e7 deste\u011fi ile y\u00fcr\u00fcmeye ba\u015flad\u0131\u011f\u0131n\u0131 s\u00f6yleyen \u0130nal, &#8220;E\u015finin deste\u011fi ile tuvalete gidebiliyor, banyo yapabiliyor ve balkonda oturabiliyor. Bizim hedefimiz tek ba\u015f\u0131na y\u00fcr\u00fcmesi, merdiven inip \u00e7\u0131kmas\u0131, a\u015fa\u011f\u0131da gezmesi. B\u00f6yle olana kadar da tedavimizi devam ettirece\u011fiz&#8221; diyerek, hastalar\u0131n tedavi s\u00fcrecinde ula\u015fabildikleri en iyi hedefe kadar onlar\u0131n yan\u0131nda olduklar\u0131n\u0131 ifade etti. <\/p>\n<p>&#8220;Mersin&#8217;de ihtiya\u00e7 duyan her vatanda\u015f\u0131m\u0131z\u0131n bizi aramas\u0131 yeterli&#8221;<\/p>\n<p>Tedavi s\u00fcrecinde uygulad\u0131klar\u0131 program bi\u00e7iminden de bahseden \u0130nal, &#8220;Hastan\u0131n eklem hareket a\u00e7\u0131kl\u0131\u011f\u0131na y\u00f6nelik; germe ve g\u00fc\u00e7lendirme egzersizlerinin yan\u0131 s\u0131ra, herhangi bir problemi yoksa elektro terapi uygulamas\u0131 yap\u0131yoruz. Hastay\u0131 y\u00fcr\u00fct\u00fcyor ve denge \u00e7al\u0131\u015f\u0131yoruz&#8221; dedi. Mersin s\u0131n\u0131rlar\u0131 i\u00e7erisinde ihtiya\u00e7 duyan her vatanda\u015fa hizmet g\u00f6t\u00fcrd\u00fcklerini ve bunun i\u00e7in kendilerine ula\u015fmalar\u0131n\u0131n yeterli oldu\u011funu belirten \u0130nal, &#8220;\u0130htiyac\u0131 olan her vatanda\u015f\u0131m\u0131z &#8216;Alo 185 Teksin&#8217; uygulamas\u0131 \u00fczerinden veya &#8216;0324 223 4242&#8217; numaral\u0131 hattan aray\u0131p bizlere ula\u015fabilir&#8221;  diye konu\u015ftu.<\/p>\n<p>Cevdet G\u00fclal: &#8220;Fizik tedavinin \u00e7ok faydas\u0131n\u0131 g\u00f6rd\u00fcm&#8221;<\/p>\n<p>Cevdet G\u00fclal, ameliyat sonras\u0131 hi\u00e7 y\u00fcr\u00fcyemedi\u011fini, ancak B\u00fcy\u00fck\u015fehir Belediyesi ekiplerinden ald\u0131\u011f\u0131 fizik tedavi hizmeti ile aya\u011fa kalkt\u0131\u011f\u0131n\u0131 belirterek, &#8220;6 ay kadar \u00f6nce dengemi kaybedip d\u00fc\u015ft\u00fcm. Kal\u00e7a kemi\u011fim 3 yerinden k\u0131r\u0131ld\u0131 ve 25 tane platin tak\u0131ld\u0131. Ameliyattan sonra da beynime p\u0131ht\u0131 att\u0131 ve fel\u00e7 ge\u00e7irdim. D\u00fc\u015ft\u00fc\u011f\u00fcmde 5 saat yatt\u0131m, oldu\u011fum yerden kald\u0131ramad\u0131lar. Hi\u00e7 y\u00fcr\u00fcyemiyordum, yatakta d\u00f6nd\u00fcr\u00fcyorlard\u0131. 6 ayd\u0131r B\u00fcy\u00fck\u015fehir fizyoterapistlerinden tedavi al\u0131yorum&#8221; s\u00f6zlerine yer verdi. B\u00fcy\u00fck\u015fehir&#8217;in Evde Sa\u011fl\u0131k Hizmeti&#8217;ni, etraf\u0131ndaki insanlar\u0131n tavsiye etti\u011fini belirten G\u00fclal, &#8220;Lavaboya giderken e\u015fim, k\u0131z\u0131m yard\u0131mc\u0131 oluyordu. Fizik tedavi \u00f6ncesi hi\u00e7 y\u00fcr\u00fcyemiyor ve k\u0131m\u0131ldayam\u0131yordum. Tedavi sonucu art\u0131k kap\u0131 \u00f6n\u00fcne \u00e7\u0131k\u0131yorum. \u00c7ok faydas\u0131n\u0131 g\u00f6rd\u00fcm. B\u00fcy\u00fck\u015fehir Belediye Ba\u015fkan\u0131m\u0131za ve ekibine sonsuz te\u015fekk\u00fcr ederim. Fizik tedaviye ihtiyac\u0131 olanlara da tavsiye ediyorum&#8221; diyerek, normal ya\u015fant\u0131s\u0131na d\u00f6nmeyi bekledi\u011fini ifade etti. <\/p>\n<p>Neziha G\u00fclal: &#8220;Gelen ekip bizimle \u00e7ok ilgilendi&#8221;<\/p>\n<p>Cevdet G\u00fclal&#8217;\u0131n e\u015fi Neziha G\u00fclal da, Evde Sa\u011fl\u0131k ekibinin tedavi s\u00fcrecinden sonra e\u015finin h\u0131zla iyile\u015fti\u011fini dile getirerek, &#8220;Gelen ekip bizimle \u00e7ok ilgilendi. Onlar gelmeden \u00f6nce e\u015fim hi\u00e7 k\u0131m\u0131ldayam\u0131yordu. \u015eimdi ise onlar\u0131n deste\u011fi ile e\u015fim kendi ba\u015f\u0131na kalk\u0131yor, balkona \u00e7\u0131k\u0131yor&#8221; s\u00f6zlerine yer verdi.<\/p>\n","protected":false},"excerpt":{"rendered":"<p>Mersin&#8217;in en uzak noktas\u0131na kadar vatanda\u015f\u0131n her t\u00fcrl\u00fc talebini kar\u015f\u0131layan Mersin B\u00fcy\u00fck\u015fehir Belediyesi, Tarsus&#8217;a ba\u011fl\u0131 \u0130nk\u00f6y Mahallesi&#8217;nde ge\u00e7irdi\u011fi kaza sonucu fizyoterapiye ihtiyac\u0131 olan Cevdet G\u00fclal&#8217;\u0131n tedavisine katk\u0131 sa\u011flayarak yeniden y\u00fcr\u00fcmesini sa\u011flad\u0131. Ge\u00e7irdi\u011fi bir kaza sonucu kal\u00e7a kemi\u011fini sakatlayan ve tedavi s\u00fcrecinde fel\u00e7 ge\u00e7iren Cevdet G\u00fclal, yata\u011fa ba\u011f\u0131ml\u0131 hale gelmi\u015fti. Sa\u011fl\u0131k \u0130\u015fleri Dairesi Ba\u015fkanl\u0131\u011f\u0131&#8217;na ba\u011fl\u0131 &#8216;Evde [&hellip;]<\/p>\n","protected":false},"author":2,"featured_media":32103,"comment_status":"open","ping_status":"open","sticky":false,"template":"","format":"standard","meta":{"footnotes":""},"categories":[2,3],"tags":[],"class_list":["post-32102","post","type-post","status-publish","format-standard","has-post-thumbnail","hentry","category-gundem","category-manset"],"views":2,"_links":{"self":[{"href":"https:\/\/mersinkadingazetesi.com\/index.php?rest_route=\/wp\/v2\/posts\/32102"}],"collection":[{"href":"https:\/\/mersinkadingazetesi.com\/index.php?rest_route=\/wp\/v2\/posts"}],"about":[{"href":"https:\/\/mersinkadingazetesi.com\/index.php?rest_route=\/wp\/v2\/types\/post"}],"author":[{"embeddable":true,"href":"https:\/\/mersinkadingazetesi.com\/index.php?rest_route=\/wp\/v2\/users\/2"}],"replies":[{"embeddable":true,"href":"https:\/\/mersinkadingazetesi.com\/index.php?rest_route=%2Fwp%2Fv2%2Fcomments&post=32102"}],"version-history":[{"count":0,"href":"https:\/\/mersinkadingazetesi.com\/index.php?rest_route=\/wp\/v2\/posts\/32102\/revisions"}],"wp:featuredmedia":[{"embeddable":true,"href":"https:\/\/mersinkadingazetesi.com\/index.php?rest_route=\/wp\/v2\/media\/32103"}],"wp:attachment":[{"href":"https:\/\/mersinkadingazetesi.com\/index.php?rest_route=%2Fwp%2Fv2%2Fmedia&parent=32102"}],"wp:term":[{"taxonomy":"category","embeddable":true,"href":"https:\/\/mersinkadingazetesi.com\/index.php?rest_route=%2Fwp%2Fv2%2Fcategories&post=32102"},{"taxonomy":"post_tag","embeddable":true,"href":"https:\/\/mersinkadingazetesi.com\/index.php?rest_route=%2Fwp%2Fv2%2Ftags&post=32102"}],"curies":[{"name":"wp","href":"https:\/\/api.w.org\/{rel}","templated":true}]}}