{"id":32118,"date":"2024-04-19T12:45:20","date_gmt":"2024-04-19T09:45:20","guid":{"rendered":"http:\/\/mersinkadingazetesi.com\/?p=32118"},"modified":"2024-04-19T12:45:20","modified_gmt":"2024-04-19T09:45:20","slug":"mersin-barosundan-il-emniyet-muduru-karaborke-ziyaret","status":"publish","type":"post","link":"https:\/\/mersinkadingazetesi.com\/?p=32118","title":{"rendered":"MERS\u0130N BAROSU&#8217;NDAN, \u0130L EMN\u0130YET M\u00dcD\u00dcR\u00dc KARAB\u00d6RK&#8217;E Z\u0130YARET"},"content":{"rendered":"<p>Mersin Barosu Ba\u015fkan\u0131 Av. Gazi \u00d6zdemir ve y\u00f6netim kurulu \u00fcyeleri, Mersin \u0130l Emniyet M\u00fcd\u00fcrl\u00fc\u011f\u00fc g\u00f6revine atanan Kamil Karab\u00f6rk&#8217;e hay\u0131rl\u0131 olsun ziyaretinde bulundu.<\/p>\n<p>Yap\u0131lacak \u00e7al\u0131\u015fmalar hakk\u0131nda bilgilendirmelerin yap\u0131ld\u0131\u011f\u0131 ziyarette Baro Ba\u015fkan\u0131 Av. Gazi \u00d6zdemir, \u0130l Emniyet M\u00fcd\u00fcr\u00fc Karab\u00f6rk&#8217;\u00fcn Mersin&#8217;de asayi\u015fin ve huzurun sa\u011flanmas\u0131 i\u00e7in ba\u015far\u0131l\u0131 \u00e7al\u0131\u015fmalar y\u00fcr\u00fctece\u011fine inand\u0131\u011f\u0131n\u0131 ifade ederek, yeni g\u00f6revinin hay\u0131rl\u0131 olmas\u0131n\u0131 temenni etti. Mersin Barosu ile Mersin \u0130l Emniyet M\u00fcd\u00fcrl\u00fc\u011f\u00fc&#8217;n\u00fcn i\u015fbirli\u011fi i\u00e7erisinde \u00f6rnek \u00e7al\u0131\u015fmalar y\u00fcr\u00fctt\u00fc\u011f\u00fcn\u00fc s\u00f6yleyen \u00d6zdemir, halk\u0131n adalete h\u0131zl\u0131 eri\u015fimi i\u00e7in avukatlar\u0131n adliyelerde ve karakollarda g\u00f6revlerini yapmay\u0131 zorla\u015ft\u0131ran engellerin kald\u0131r\u0131lmas\u0131 konusundaki \u00e7al\u0131\u015fmalar\u0131n i\u015fbirli\u011fi i\u00e7erisinde devam edece\u011fine inand\u0131\u011f\u0131n\u0131 belirtti.<\/p>\n<p>Ziyaretten mutluluk duydu\u011funu ifade eden Mersin \u0130l Emniyet M\u00fcd\u00fcr\u00fc Kamil Karab\u00f6rk, kozmopolit bir kent olan Mersin&#8217;de insanlar\u0131n bar\u0131\u015f, g\u00fcven ve huzur i\u00e7inde ya\u015famas\u0131 i\u00e7in \u00e7al\u0131\u015fmalar y\u00fcr\u00fcteceklerini s\u00f6yleyerek, savunman\u0131n temsilcisi avukatlar\u0131n mesleki sorunlar\u0131n\u0131n \u00e7\u00f6z\u00fcm\u00fcne destek olmaya her zaman haz\u0131r olduklar\u0131n\u0131 belirtti. <\/p>\n","protected":false},"excerpt":{"rendered":"<p>Mersin Barosu Ba\u015fkan\u0131 Av. Gazi \u00d6zdemir ve y\u00f6netim kurulu \u00fcyeleri, Mersin \u0130l Emniyet M\u00fcd\u00fcrl\u00fc\u011f\u00fc g\u00f6revine atanan Kamil Karab\u00f6rk&#8217;e hay\u0131rl\u0131 olsun ziyaretinde bulundu. Yap\u0131lacak \u00e7al\u0131\u015fmalar hakk\u0131nda bilgilendirmelerin yap\u0131ld\u0131\u011f\u0131 ziyarette Baro Ba\u015fkan\u0131 Av. Gazi \u00d6zdemir, \u0130l Emniyet M\u00fcd\u00fcr\u00fc Karab\u00f6rk&#8217;\u00fcn Mersin&#8217;de asayi\u015fin ve huzurun sa\u011flanmas\u0131 i\u00e7in ba\u015far\u0131l\u0131 \u00e7al\u0131\u015fmalar y\u00fcr\u00fctece\u011fine inand\u0131\u011f\u0131n\u0131 ifade ederek, yeni g\u00f6revinin hay\u0131rl\u0131 olmas\u0131n\u0131 temenni etti. [&hellip;]<\/p>\n","protected":false},"author":2,"featured_media":32119,"comment_status":"open","ping_status":"open","sticky":false,"template":"","format":"standard","meta":{"footnotes":""},"categories":[3],"tags":[],"class_list":["post-32118","post","type-post","status-publish","format-standard","has-post-thumbnail","hentry","category-manset"],"views":4,"_links":{"self":[{"href":"https:\/\/mersinkadingazetesi.com\/index.php?rest_route=\/wp\/v2\/posts\/32118"}],"collection":[{"href":"https:\/\/mersinkadingazetesi.com\/index.php?rest_route=\/wp\/v2\/posts"}],"about":[{"href":"https:\/\/mersinkadingazetesi.com\/index.php?rest_route=\/wp\/v2\/types\/post"}],"author":[{"embeddable":true,"href":"https:\/\/mersinkadingazetesi.com\/index.php?rest_route=\/wp\/v2\/users\/2"}],"replies":[{"embeddable":true,"href":"https:\/\/mersinkadingazetesi.com\/index.php?rest_route=%2Fwp%2Fv2%2Fcomments&post=32118"}],"version-history":[{"count":0,"href":"https:\/\/mersinkadingazetesi.com\/index.php?rest_route=\/wp\/v2\/posts\/32118\/revisions"}],"wp:featuredmedia":[{"embeddable":true,"href":"https:\/\/mersinkadingazetesi.com\/index.php?rest_route=\/wp\/v2\/media\/32119"}],"wp:attachment":[{"href":"https:\/\/mersinkadingazetesi.com\/index.php?rest_route=%2Fwp%2Fv2%2Fmedia&parent=32118"}],"wp:term":[{"taxonomy":"category","embeddable":true,"href":"https:\/\/mersinkadingazetesi.com\/index.php?rest_route=%2Fwp%2Fv2%2Fcategories&post=32118"},{"taxonomy":"post_tag","embeddable":true,"href":"https:\/\/mersinkadingazetesi.com\/index.php?rest_route=%2Fwp%2Fv2%2Ftags&post=32118"}],"curies":[{"name":"wp","href":"https:\/\/api.w.org\/{rel}","templated":true}]}}