{"id":32134,"date":"2024-04-22T12:39:43","date_gmt":"2024-04-22T09:39:43","guid":{"rendered":"http:\/\/mersinkadingazetesi.com\/?p=32134"},"modified":"2024-04-22T12:39:43","modified_gmt":"2024-04-22T09:39:43","slug":"ozdemir-cocuk-haklarinin-guvence-altina-alindigi-bir-dunya-diliyorum","status":"publish","type":"post","link":"https:\/\/mersinkadingazetesi.com\/?p=32134","title":{"rendered":"\u00d6ZDEM\u0130R: &#8220;\u00c7OCUK HAKLARININ G\u00dcVENCE ALTINA ALINDI\u011eI B\u0130R D\u00dcNYA D\u0130L\u0130YORUM&#8221;"},"content":{"rendered":"<p>Mersin Barosu Ba\u015fkan\u0131 Av. Gazi \u00d6zdemir, T\u00fcrkiye B\u00fcy\u00fck Millet Meclisi&#8217;nin a\u00e7\u0131l\u0131\u015f\u0131n\u0131n 104. y\u0131l d\u00f6n\u00fcm\u00fcn\u00fc ve 23 Nisan Ulusal Egemenlik ve \u00c7ocuk Bayram\u0131&#8217;n\u0131 yay\u0131mlad\u0131\u011f\u0131 yaz\u0131l\u0131 mesajla kutlad\u0131.<\/p>\n<p>Egemenli\u011fin kay\u0131ts\u0131z, \u015farts\u0131z millette devredildi\u011fi ve millet iradesinin temsil edildi\u011fi T\u00fcrkiye B\u00fcy\u00fck Millet Meclisi&#8217;nin a\u00e7\u0131l\u0131\u015f\u0131n\u0131n 104. y\u0131l d\u00f6n\u00fcm\u00fcn\u00fc ve Ulu \u00d6nder Mustafa Kemal Atat\u00fcrk&#8217;\u00fcn t\u00fcm d\u00fcnya \u00e7ocuklar\u0131na arma\u011fan etti\u011fi 23 Nisan Ulusal Egemenlik ve \u00c7ocuk Bayram\u0131&#8217;n\u0131, b\u00fcy\u00fck bir gurur ve sevin\u00e7le kutlad\u0131klar\u0131n\u0131 ifade eden Baro Ba\u015fkan\u0131 Av. Gazi \u00d6zdemir, &#8220;Atat\u00fcrk, &#8216;Egemenlik kay\u0131ts\u0131z \u015farts\u0131z milletindir&#8217; s\u00f6z\u00fcyle, 23 Nisan 1920&#8217;de milli egemenli\u011fi ilan etti\u011fi, Cumhuriyetin temelini att\u0131\u011f\u0131 bug\u00fcn\u00fc, t\u00fcm d\u00fcnya \u00e7ocuklar\u0131na bayram olarak arma\u011fan etmi\u015ftir. \u00c7\u00fcnk\u00fc bug\u00fcn\u00fcn k\u00fc\u00e7\u00fc\u011f\u00fc, yar\u0131n\u0131n b\u00fcy\u00fc\u011f\u00fc olan \u00e7ocuklar\u0131m\u0131z gelece\u011fimizin mimar\u0131 olacakt\u0131r. Bu nedenle \u00e7ocuklar\u0131m\u0131z\u0131 ve haklar\u0131n\u0131 korumak, gelece\u011fimizi korumakt\u0131r.<\/p>\n<p>Bu duygu ve d\u00fc\u015f\u00fcncelerle; Cumhuriyetimizin ve T\u00fcrkiye B\u00fcy\u00fck Millet Meclisi&#8217;nin kurucusu Gazi Mustafa Kemal Atat\u00fcrk&#8217;\u00fc, ba\u011f\u0131ms\u0131zl\u0131\u011f\u0131m\u0131z\u0131n ve vatan\u0131m\u0131z\u0131n korunmas\u0131 i\u00e7in can\u0131n\u0131 feda eden t\u00fcm \u015fehitlerimizi, gazilerimizi minnet ve \u015f\u00fckranla an\u0131yorum. Gelece\u011fimizin teminat\u0131 olan t\u00fcm \u00e7ocuklar\u0131m\u0131z\u0131 sevgiyle kucakl\u0131yor, \u00e7ocuk haklar\u0131n\u0131n g\u00fcvence alt\u0131na al\u0131nd\u0131\u011f\u0131 bir d\u00fcnya dile\u011fiyle, t\u00fcm d\u00fcnya \u00e7ocuklar\u0131n\u0131n 23 Nisan Ulusal Egemenlik \u00c7ocuk Bayram\u0131&#8217;n\u0131 kutluyorum&#8221; \u015feklinde konu\u015ftu.<\/p>\n","protected":false},"excerpt":{"rendered":"<p>Mersin Barosu Ba\u015fkan\u0131 Av. Gazi \u00d6zdemir, T\u00fcrkiye B\u00fcy\u00fck Millet Meclisi&#8217;nin a\u00e7\u0131l\u0131\u015f\u0131n\u0131n 104. y\u0131l d\u00f6n\u00fcm\u00fcn\u00fc ve 23 Nisan Ulusal Egemenlik ve \u00c7ocuk Bayram\u0131&#8217;n\u0131 yay\u0131mlad\u0131\u011f\u0131 yaz\u0131l\u0131 mesajla kutlad\u0131. Egemenli\u011fin kay\u0131ts\u0131z, \u015farts\u0131z millette devredildi\u011fi ve millet iradesinin temsil edildi\u011fi T\u00fcrkiye B\u00fcy\u00fck Millet Meclisi&#8217;nin a\u00e7\u0131l\u0131\u015f\u0131n\u0131n 104. y\u0131l d\u00f6n\u00fcm\u00fcn\u00fc ve Ulu \u00d6nder Mustafa Kemal Atat\u00fcrk&#8217;\u00fcn t\u00fcm d\u00fcnya \u00e7ocuklar\u0131na arma\u011fan etti\u011fi [&hellip;]<\/p>\n","protected":false},"author":2,"featured_media":32135,"comment_status":"open","ping_status":"open","sticky":false,"template":"","format":"standard","meta":{"footnotes":""},"categories":[3],"tags":[],"class_list":["post-32134","post","type-post","status-publish","format-standard","has-post-thumbnail","hentry","category-manset"],"views":3,"_links":{"self":[{"href":"https:\/\/mersinkadingazetesi.com\/index.php?rest_route=\/wp\/v2\/posts\/32134"}],"collection":[{"href":"https:\/\/mersinkadingazetesi.com\/index.php?rest_route=\/wp\/v2\/posts"}],"about":[{"href":"https:\/\/mersinkadingazetesi.com\/index.php?rest_route=\/wp\/v2\/types\/post"}],"author":[{"embeddable":true,"href":"https:\/\/mersinkadingazetesi.com\/index.php?rest_route=\/wp\/v2\/users\/2"}],"replies":[{"embeddable":true,"href":"https:\/\/mersinkadingazetesi.com\/index.php?rest_route=%2Fwp%2Fv2%2Fcomments&post=32134"}],"version-history":[{"count":0,"href":"https:\/\/mersinkadingazetesi.com\/index.php?rest_route=\/wp\/v2\/posts\/32134\/revisions"}],"wp:featuredmedia":[{"embeddable":true,"href":"https:\/\/mersinkadingazetesi.com\/index.php?rest_route=\/wp\/v2\/media\/32135"}],"wp:attachment":[{"href":"https:\/\/mersinkadingazetesi.com\/index.php?rest_route=%2Fwp%2Fv2%2Fmedia&parent=32134"}],"wp:term":[{"taxonomy":"category","embeddable":true,"href":"https:\/\/mersinkadingazetesi.com\/index.php?rest_route=%2Fwp%2Fv2%2Fcategories&post=32134"},{"taxonomy":"post_tag","embeddable":true,"href":"https:\/\/mersinkadingazetesi.com\/index.php?rest_route=%2Fwp%2Fv2%2Ftags&post=32134"}],"curies":[{"name":"wp","href":"https:\/\/api.w.org\/{rel}","templated":true}]}}