{"id":32143,"date":"2024-04-22T12:46:31","date_gmt":"2024-04-22T09:46:31","guid":{"rendered":"http:\/\/mersinkadingazetesi.com\/?p=32143"},"modified":"2024-04-22T12:46:31","modified_gmt":"2024-04-22T09:46:31","slug":"lansman-gosterileri-ile-kentin-dort-bir-yani-renklendi-2","status":"publish","type":"post","link":"https:\/\/mersinkadingazetesi.com\/?p=32143","title":{"rendered":"LANSMAN G\u00d6STER\u0130LER\u0130 \u0130LE KENT\u0130N D\u00d6RT B\u0130R YANI RENKLEND\u0130"},"content":{"rendered":"<p>Mersin B\u00fcy\u00fck\u015fehir Belediyesi&#8217;nin 23 Nisan Ulusal Egemenlik ve \u00c7ocuk Bayram\u0131 dolay\u0131s\u0131yla bu y\u0131l 1.&#8217;sini d\u00fczenledi\u011fi &#8216;Uluslararas\u0131 \u00c7ocuk Festivali&#8217; 2. g\u00fcn\u00fcnde lansman g\u00f6sterileri ile devam etti. 14 \u00fclkeden 350 \u00e7ocu\u011fun yan\u0131 s\u0131ra T\u00fcrkiye&#8217;den Ankara ile deprem b\u00f6lgesi olan Ad\u0131yaman ve Hatay&#8217;dan da lansmana kat\u0131lan \u00e7ocuklar rengarenk bir g\u00f6steri ile 7&#8217;den 70&#8217;e herkesi b\u00fcy\u00fcledi.<\/p>\n<p>Festivalin ilk g\u00fcn\u00fcnde Tarsus&#8217;ta K\u00fclt\u00fcr Park&#8217;ta ba\u015flayan ve 4 g\u00fcn s\u00fcrecek olan etkinliklerde Lansman g\u00f6sterisinin adresi Tarsus&#8217;ta Tarsu AVM&#8217;nin yan\u0131 s\u0131ra merkezde Sayapark, Forum ve Palm City AVM oldu. Mersin&#8217;den; Mezitli \u015eehit Yi\u011fitcan \u00c7i\u011fa \u0130lkokulu, Yeni\u015fehir Mersinli Ahmet \u0130lkokulu, Akdeniz I\u011fd\u0131r Ortaokulu halk dans topluluklar\u0131n\u0131n yan\u0131 s\u0131ra Ankara, deprem illerinden Hatay ve Ad\u0131yaman&#8217;dan gelen halk danslar\u0131 topluluklar\u0131 y\u00f6relerine \u00f6zg\u00fc danslar\u0131 ile sahne al\u0131rken, m\u00fczi\u011fin ritmi ile alandakileri co\u015fturdu. Festival i\u00e7in yurt d\u0131\u015f\u0131ndan ise; Litvanya, Kazakistan, Ukrayna, G\u00fcrcistan, Rusya, Moldova, Romanya, Kuzey Makedonya, Polonya, Bulgaristan, \u0130ran, Bosna Hersek, Almanya, Kosova&#8217;dan gelen 350 \u00e7ocuk kendi \u00fclkelerine ait dans g\u00f6sterilerini bu kez akranlar\u0131na sergiledi. Birlik ve beraberlik ruhunu yans\u0131tan ve k\u00fclt\u00fcrleraras\u0131 dostluklar\u0131n peki\u015fmesini sa\u011flayan festival, renkli atmosferi ile 7&#8217;den 70&#8217;e herkese unutulmaz anlar ya\u015fatt\u0131. Her ya\u015ftan alk\u0131\u015f toplayan dans g\u00f6sterileri ile ba\u015fta \u00e7ocuklar\u0131n yan\u0131 s\u0131ra ailelerin keyifli vakit ge\u00e7irdi\u011fi festival alanlar\u0131 g\u00f6rsel \u015f\u00f6lene d\u00f6n\u00fc\u015ft\u00fc.<\/p>\n<p>Hem merkezde hem Tarsus&#8217;ta festival, g\u00f6rsel \u015f\u00f6lene d\u00f6n\u00fc\u015ft\u00fc<\/p>\n<p>Tarsus&#8217;ta; Polonya, Moldova, Kosova, Litvanya, Malatya ve Akdeniz I\u011fd\u0131r \u0130lkokulu halk danslar\u0131 toplulu\u011fu, merkezde ise Forum AVM&#8217;de; G\u00fcrcistan, Bulgaristan, Bosna Hersek, Rusya, Ankara ve Yeni\u015fehir Mersinli Ahmet \u0130lkokulu halk danslar\u0131 toplulu\u011fu yer ald\u0131. Kuzey Makedonya, Ukrayna, \u0130ran, Hatay ve Mezitli \u015eehit Yi\u011fitcan \u00c7i\u011fa \u0130lkokulu halk danslar\u0131 toplulu\u011fu Sayapark AVM&#8217;de g\u00f6steri yaparken etkinli\u011fin son adresi Palm City AVM&#8217;de oldu. Palm Cityde ise; Almanya, Romanya, Kazakistan ve deprem b\u00f6lgesinden Ad\u0131yaman halk danslar\u0131 toplulu\u011fu g\u00f6sterileri ile hem \u00e7ocuklar\u0131 hem aileleri e\u011flenceye doyurdu.<\/p>\n<p>Sergen: &#8220;14 \u00fclkeden dans topluluklar\u0131 geldi&#8221;<\/p>\n<p>Mersin B\u00fcy\u00fck\u015fehir Belediyesi personeli Ceren Sergen, g\u00f6steriler ile ilgili bilgi vererek, &#8220;Saya Park, Forum AVM, Palm City ve Tarsu AVM&#8217;de ayn\u0131 anda ba\u015flayan ekinliklerimiz var. Toplam 14 \u00fclkeden dans topluluklar\u0131 geldi&#8221; dedi. Mersin B\u00fcy\u00fck\u015fehir Belediyesi olarak Ulu \u00d6nder Mustafa Kemal Atat\u00fcrk&#8217;\u00fcn \u00e7ocuklara arma\u011fan\u0131 olan 23 Nisan&#8217;\u0131 \u00fclkelerle birlik ve beraberlik i\u00e7erisinde kutlamay\u0131 ama\u00e7lad\u0131klar\u0131n\u0131 s\u00f6yleyen Sergen, &#8220;Hepimiz burada Mersin&#8217;de topland\u0131k, ayn\u0131 zamanda Mersin&#8217;in de tan\u0131t\u0131m\u0131, yurtd\u0131\u015f\u0131ndan gelen \u00e7ocuklar\u0131n Mersin&#8217;i, Mersinli \u00e7ocuklar\u0131n ise yurtd\u0131\u015f\u0131ndan gelen \u00e7ocuklar\u0131 tan\u0131mas\u0131 a\u00e7\u0131s\u0131ndan \u00e7ok g\u00fczel bir etkinlik oldu&#8221; diye konu\u015ftu.<\/p>\n<p>\u00c7ocuklar doyas\u0131ya e\u011flendi, yeti\u015fkinler de \u00e7ocuklu\u011funa d\u00f6nd\u00fc<\/p>\n<p>Etkinli\u011fe \u00e7ocu\u011fuyla birlikte kat\u0131lan yurtta\u015flardan Emel Sel, \u00e7ocuklar i\u00e7in \u00e7ok g\u00fczel bir e\u011flence oldu\u011funu belirterek, &#8220;Her 23 Nisan&#8217;da bu t\u00fcr kutlamalar\u0131n devam\u0131n\u0131 istiyoruz. Hem \u00e7ocuklar \u00fclkeleri tan\u0131yorlar hem e\u011fleniyor hem de k\u00fclt\u00fcrel kayna\u015fma ya\u015f\u0131yorlar. Co\u015fkulu ve g\u00fczel bir etkinlik oldu\u011funu g\u00f6r\u00fcyoruz. \u00c7ocuklarla birlikte ayn\u0131 heyecan\u0131 ya\u015fay\u0131p \u00e7ocuklu\u011fumuza d\u00f6n\u00fcyoruz&#8221; dedi.<\/p>\n<p>Mehmet Akif Al\u00e7i\u00e7ek ise etkinli\u011fin her kuruma \u00f6rnek olmas\u0131 gereken bir uygulama oldu\u011funu belirterek, eme\u011fi ge\u00e7en herkese te\u015fekk\u00fcrlerini iletti. Al\u00e7i\u00e7ek, &#8220;B\u00f6yle bir uygulaman\u0131n olmas\u0131na \u00e7ok mutlu oldum. Bizler i\u00e7in de g\u00fczel. \u0130nsan b\u00fcy\u00fcy\u00fcp b\u00f6yle ekinlikleri g\u00f6rd\u00fck\u00e7e ge\u00e7mi\u015fini hat\u0131rl\u0131yor&#8221; diye konu\u015ftu. Yeti\u015fkinlerden Medine Kurt\u00e7elik de &#8220;\u00c7ocuklar i\u00e7in ayr\u0131ca g\u00fczel. 7&#8217;den 70&#8217;e herkes e\u011fleniyor&#8221; diye belirtti.<\/p>\n<p>\u00c7ocuklar\u0131n 23 Nisan co\u015fkusu g\u00f6zlerinden okundu<\/p>\n<p>6 Nisan&#8217;da yap\u0131lan Y\u0131ld\u0131zlar Halk Oyunlar\u0131&#8217;nda il birincisi se\u00e7ilen Yeni\u015fehir Mersinli Ahmet \u0130lkokulu&#8217;nda okuyan \u00f6\u011frencilerden 10 ya\u015f\u0131ndaki Bet\u00fcl Y\u0131lmaz, &#8220;\u0130nsan bir yandan heyecanl\u0131 bir yandan da mutlu oluyor. \u0130nsanlar\u0131n y\u00fcz\u00fcn\u00fc mutlu g\u00f6r\u00fcnce ben de mutlu oluyorum&#8221; diye konu\u015farak duygular\u0131n\u0131 ifade etti. Ayn\u0131 okulda okuyan ve halk danslar\u0131 toplulu\u011funda yer alan 11 ya\u015f\u0131ndaki Bet\u00fcl Aky\u00fcrek de &#8220;Burada olmak bizim i\u00e7in \u00e7ok mutluluk verici. E\u011flendik, \u00e7ok heyecanl\u0131yd\u0131k. Kalabal\u0131k bize \u00e7ok b\u00fcy\u00fck bir enerji verdi, onlara da \u00e7ok te\u015fekk\u00fcr ederim&#8221; diye konu\u015ftu.<\/p>\n<p>\u0130rem \u00dcrek ise b\u00f6yle bir etkinli\u011fe kat\u0131lmas\u0131n\u0131n kendisine enerji ve mutluluk verdi\u011finden bahsederek &#8220;Bana g\u00fczel bir motivasyon oldu&#8221; ifadelerini kulland\u0131. Firdevs \u00dcrek de etkinli\u011fi \u00e7ok g\u00fczel buldu\u011fundan s\u00f6z ederek, &#8220;Danslar\u0131 bize de tan\u0131t\u0131yorlar ve k\u00fclt\u00fcr\u00fcm\u00fcz de geli\u015fiyor. Benim i\u00e7in \u00e7ok g\u00fczel ve de\u011fi\u015fik bir g\u00fcn oldu&#8221; dedi. \u00c7ocuklardan Defne Kof da etkinli\u011fi \u00e7ok g\u00fczel buldu\u011funu ifade ederek, &#8220;\u00c7ok mutlu oldum&#8221; dedi.<\/p>\n<p>\u00c7ocuklardan \u015eara Sumbat ise, \u00f6zellikle dans g\u00f6sterilerini \u00e7ok be\u011fendi\u011fini vurgulayarak, &#8220;Etkinli\u011fi izlemesi \u00e7ok e\u011flenceli. \u00c7ok keyifli vakit ge\u00e7iriyorum. Ulu \u00d6nderimiz Mustafa Kemal Atat\u00fcrk&#8217;\u00fcn bu bayram\u0131 t\u00fcm d\u00fcnyaya arma\u011fan etmesi \u00e7ok g\u00fczel bir \u015fey. Etkinlik di\u011fer \u00fclkeleri de tan\u0131mama yard\u0131mc\u0131 oldu, \u00e7ok ho\u015fuma gitti&#8221; ifadelerini kulland\u0131.<\/p>\n<p>Benli : &#8220;\u00c7ocuklar\u0131m\u0131z sevindi\u011fi i\u00e7in daha \u00e7ok mutlu oluyoruz&#8221;<\/p>\n<p>\u00c7ocu\u011fuyla birlikte Tarsu AVM&#8217;deki lansmana kat\u0131larak keyifli anlar ya\u015fayan Derya Ta\u015fdemir Benli, &#8220;Mersin B\u00fcy\u00fck\u015fehir Belediye Ba\u015fkan\u0131m\u0131z\u0131n her zaman ki gibi emeklerine sa\u011fl\u0131k diyoruz. Bu etkinliklerimizi \u00e7ocuklar\u0131m\u0131za sundu\u011fu i\u00e7inde O&#8217;na \u00e7ok te\u015fekk\u00fcr ediyoruz. \u00c7i\u00e7ek ekimi, kitap hediyesi gibi etkinliklerin yan\u0131 s\u0131ra m\u0131s\u0131r ve pamuk \u015feker da\u011f\u0131t\u0131m\u0131na \u00e7ocuklar\u0131m\u0131z sevindi\u011fi i\u00e7in daha \u00e7ok mutlu oluyoruz&#8221; \u015feklinde konu\u015ftu.<\/p>\n","protected":false},"excerpt":{"rendered":"<p>Mersin B\u00fcy\u00fck\u015fehir Belediyesi&#8217;nin 23 Nisan Ulusal Egemenlik ve \u00c7ocuk Bayram\u0131 dolay\u0131s\u0131yla bu y\u0131l 1.&#8217;sini d\u00fczenledi\u011fi &#8216;Uluslararas\u0131 \u00c7ocuk Festivali&#8217; 2. g\u00fcn\u00fcnde lansman g\u00f6sterileri ile devam etti. 14 \u00fclkeden 350 \u00e7ocu\u011fun yan\u0131 s\u0131ra T\u00fcrkiye&#8217;den Ankara ile deprem b\u00f6lgesi olan Ad\u0131yaman ve Hatay&#8217;dan da lansmana kat\u0131lan \u00e7ocuklar rengarenk bir g\u00f6steri ile 7&#8217;den 70&#8217;e herkesi b\u00fcy\u00fcledi. Festivalin ilk g\u00fcn\u00fcnde [&hellip;]<\/p>\n","protected":false},"author":2,"featured_media":32144,"comment_status":"open","ping_status":"open","sticky":false,"template":"","format":"standard","meta":{"footnotes":""},"categories":[5],"tags":[],"class_list":["post-32143","post","type-post","status-publish","format-standard","has-post-thumbnail","hentry","category-mersin"],"views":8,"_links":{"self":[{"href":"https:\/\/mersinkadingazetesi.com\/index.php?rest_route=\/wp\/v2\/posts\/32143"}],"collection":[{"href":"https:\/\/mersinkadingazetesi.com\/index.php?rest_route=\/wp\/v2\/posts"}],"about":[{"href":"https:\/\/mersinkadingazetesi.com\/index.php?rest_route=\/wp\/v2\/types\/post"}],"author":[{"embeddable":true,"href":"https:\/\/mersinkadingazetesi.com\/index.php?rest_route=\/wp\/v2\/users\/2"}],"replies":[{"embeddable":true,"href":"https:\/\/mersinkadingazetesi.com\/index.php?rest_route=%2Fwp%2Fv2%2Fcomments&post=32143"}],"version-history":[{"count":0,"href":"https:\/\/mersinkadingazetesi.com\/index.php?rest_route=\/wp\/v2\/posts\/32143\/revisions"}],"wp:featuredmedia":[{"embeddable":true,"href":"https:\/\/mersinkadingazetesi.com\/index.php?rest_route=\/wp\/v2\/media\/32144"}],"wp:attachment":[{"href":"https:\/\/mersinkadingazetesi.com\/index.php?rest_route=%2Fwp%2Fv2%2Fmedia&parent=32143"}],"wp:term":[{"taxonomy":"category","embeddable":true,"href":"https:\/\/mersinkadingazetesi.com\/index.php?rest_route=%2Fwp%2Fv2%2Fcategories&post=32143"},{"taxonomy":"post_tag","embeddable":true,"href":"https:\/\/mersinkadingazetesi.com\/index.php?rest_route=%2Fwp%2Fv2%2Ftags&post=32143"}],"curies":[{"name":"wp","href":"https:\/\/api.w.org\/{rel}","templated":true}]}}