{"id":32164,"date":"2024-04-23T13:06:27","date_gmt":"2024-04-23T10:06:27","guid":{"rendered":"http:\/\/mersinkadingazetesi.com\/?p=32164"},"modified":"2024-04-23T13:06:27","modified_gmt":"2024-04-23T10:06:27","slug":"kiratli-mezitli-devlet-hastanesi-insaatinda-calismalarin-yuzde-40i-tamamlandi","status":"publish","type":"post","link":"https:\/\/mersinkadingazetesi.com\/?p=32164","title":{"rendered":"K\u0131ratl\u0131: &#8220;Mezitli Devlet Hastanesi in\u015faat\u0131nda \u00e7al\u0131\u015fmalar\u0131n y\u00fczde 40&#8217;\u0131 tamamland\u0131&#8221;"},"content":{"rendered":"<p>AK Parti Mersin Milletvekili ve TBMM Kamu \u0130ktisadi Te\u015febb\u00fcsleri Komisyonu \u00dcyesi Ali K\u0131ratl\u0131, Mezitli Devlet Hastanesi in\u015faat alan\u0131n\u0131 ziyaret etti. Ziyarette, hastane in\u015faat\u0131 yap\u0131m\u0131na devam eden firma yetkililerinden bilgi alan K\u0131ratl\u0131, &#8220;Yakla\u015f\u0131k 11 ay \u00f6nce yap\u0131m\u0131na ba\u015flanan hastane in\u015faat\u0131m\u0131z bir y\u0131l tamamlanmadan y\u00fczde 40 seviyesine ula\u015ft\u0131. Proje t\u00fcm h\u0131z\u0131yla devam ediyor. \u00c7al\u0131\u015fmalar bu \u015fekilde devam ederse 2025 y\u0131l\u0131 sonuna kalmadan hastane in\u015faat\u0131 tamamlanm\u0131\u015f olacak&#8221; dedi.<\/p>\n<p>AK Parti Mersin Milletvekili Ali K\u0131ratl\u0131, ge\u00e7ti\u011fimiz y\u0131l yap\u0131m\u0131na ba\u015flanan Mezitli Devlet Hastanesi in\u015faat sahas\u0131n\u0131 ziyaret etti. \u00c7al\u0131\u015fmalar\u0131 yerinde inceleyerek yetkililerden bilgi alan K\u0131ratl\u0131, hastane in\u015faat\u0131n\u0131n 2025 y\u0131l\u0131 sonuna kalmadan tamamlanaca\u011f\u0131n\u0131n m\u00fcjdesini verdi.<\/p>\n<p>&#8220;MERS\u0130N&#8217;E YATIRIMLAR DEVAM EDECEK&#8221;<\/p>\n<p>Mersin&#8217;de Sa\u011fl\u0131k Bakanl\u0131\u011f\u0131 taraf\u0131ndan yap\u0131m\u0131na ba\u015flanan 150 yatak ve istenildi\u011fi takdirde 200 yatak kapasitesine y\u00fckseltilebilen hastane ile 50 \u00fcnitlik A\u011f\u0131z Di\u015f Sa\u011fl\u0131\u011f\u0131 Merkezi de bulunan in\u015faat alan\u0131nda incelemelerde bulunan K\u0131ratl\u0131, \u00e7al\u0131\u015fmalar\u0131n h\u0131zl\u0131 bir \u015fekilde ilerledi\u011fini ifade etti. Hastanenin in\u015faat alan\u0131nda yapt\u0131\u011f\u0131 incelemenin ard\u0131ndan a\u00e7\u0131klamalarda bulunan K\u0131ratl\u0131, &#8220;Say\u0131n Cumhurba\u015fkan\u0131m\u0131z Recep Tayyip Erdo\u011fan Mersin&#8217;e \u00e7ok \u00f6nem veriyor. Mersin&#8217;e yat\u0131r\u0131mlar devam edecek. 50 bin metrekare kapal\u0131 alan olmak \u00fczere toplamda 280 bin metrekare alan \u00fczerine yap\u0131lan hastane in\u015faat\u0131ndan dolay\u0131 Say\u0131n Cumhurba\u015fkan\u0131m\u0131za te\u015fekk\u00fcr ediyoruz&#8221; diye konu\u015ftu.<\/p>\n<p>&#8220;BU PROJE, MEZ\u0130TL\u0130 \u0130\u00c7\u0130N OLMAZSA OLMAZ B\u0130R PROJED\u0130R&#8221;<\/p>\n<p>Mezitli Devlet Hastanesi projesinin mimarlar\u0131ndan ve yak\u0131ndan da takip\u00e7isi olan K\u0131ratl\u0131, &#8220;Yakla\u015f\u0131k 11 ay \u00f6nce yap\u0131m\u0131na ba\u015flanan hastane in\u015faat\u0131m\u0131z\u0131n her bir a\u015famas\u0131n\u0131 yak\u0131ndan takip ediyoruz. Buradaki \u00e7al\u0131\u015fmalar h\u0131zl\u0131 bir \u015fekilde devam ediyor. Bir yandan depremin yaralar\u0131n\u0131 saran y\u00fcce devletimiz, di\u011fer yandan da vatanda\u015flar\u0131m\u0131za s\u00f6z verdi\u011fimiz yat\u0131r\u0131mlara ara vermeden devam ediyor. Bu hastanemiz Mezitli i\u00e7in \u00e7ok k\u0131ymetli. N\u00fcfusu 250 bine yakla\u015fan Mezitli ve kom\u015fu il\u00e7emiz Erdemlimiz i\u00e7in olmazsa olmaz bir projedir bu y\u00fczden de muhakkak hayata ge\u00e7irilecektir&#8221; \u015feklinde konu\u015ftu.<\/p>\n<p>&#8220;B\u0130R\u00c7OK ALANDA MERS\u0130N&#8217;\u0130N Y\u00dcK\u00dcN\u00dc KALDIRACAK \u00d6NEML\u0130 B\u0130R PROJE&#8221;<\/p>\n<p>Mezitli Devlet Hastanesinin tamamland\u0131\u011f\u0131 takdirde Mersin&#8217;de bir\u00e7ok alanda \u00f6nemli hizmetler verece\u011fini vurgulayan K\u0131ratl\u0131, &#8220;Bu hastanemiz 150 yatakl\u0131, talep edildi\u011fi takdirde 200 yatak kapasitesine \u00e7\u0131kar\u0131labilen, 50 \u00fcnitlik A\u011f\u0131z ve Di\u015f Sa\u011fl\u0131\u011f\u0131 Merkezi de bulunan devasa bir kompleks. \u0130\u00e7erisinde ameliyathaneler, yo\u011fun bak\u0131m ve ameliyathane odalar\u0131, acil m\u00fc\u015fahede odalar\u0131, laboratuvar, diyaliz ve fizik tedavi \u00fcniteleri gibi bir\u00e7ok imkan\u0131n oldu\u011fu bir yap\u0131. Bu projeyi in\u015fallah 2025 y\u0131l\u0131 bitmeden hayata ge\u00e7irece\u011fiz&#8221; dedi.<\/p>\n<p>&#8220;MERS\u0130N \u0130K\u0130NC\u0130 Y\u00dcZYILINDA AK PART\u0130 \u0130KT\u0130DARI \u0130LE GEL\u0130\u015eECEK&#8221;<\/p>\n<p>Mersin&#8217;e yat\u0131r\u0131mlar\u0131n her f\u0131rsatta devam edece\u011finin alt\u0131n\u0131 \u00e7izen K\u0131ratl\u0131, &#8220;Say\u0131n Cumhurba\u015fkan\u0131m\u0131z Recep Tayyip Erdo\u011fan&#8217;da birbirinden k\u0131ymetli bakanlar\u0131m\u0131z da ve biz Mersin milletvekilleri de Mersin&#8217;e \u00e7ok \u00f6nem veriyoruz. Mersin&#8217;e yap\u0131lan ve yap\u0131lacak olan t\u00fcm projelerin takip\u00e7isiyiz. Anamur iskelesinin de Anamur&#8217;a kazand\u0131rd\u0131\u011f\u0131m\u0131z A\u011f\u0131r Ceza Mahkemesinin de oldu\u011fu gibi T\u00fcrkiye&#8217;mizin ikinci y\u00fczy\u0131l\u0131nda, Mersin&#8217;imize ikinci y\u00fczy\u0131l\u0131nda yap\u0131lmas\u0131 planlanan t\u00fcm projeleri ger\u00e7ekle\u015ftirece\u011fiz. Mersin&#8217;de ta\u015f \u00fcst\u00fcne ta\u015f koymak bizim en \u00f6nceli\u011fimiz olacak&#8221; dedi. <\/p>\n","protected":false},"excerpt":{"rendered":"<p>AK Parti Mersin Milletvekili ve TBMM Kamu \u0130ktisadi Te\u015febb\u00fcsleri Komisyonu \u00dcyesi Ali K\u0131ratl\u0131, Mezitli Devlet Hastanesi in\u015faat alan\u0131n\u0131 ziyaret etti. Ziyarette, hastane in\u015faat\u0131 yap\u0131m\u0131na devam eden firma yetkililerinden bilgi alan K\u0131ratl\u0131, &#8220;Yakla\u015f\u0131k 11 ay \u00f6nce yap\u0131m\u0131na ba\u015flanan hastane in\u015faat\u0131m\u0131z bir y\u0131l tamamlanmadan y\u00fczde 40 seviyesine ula\u015ft\u0131. Proje t\u00fcm h\u0131z\u0131yla devam ediyor. \u00c7al\u0131\u015fmalar bu \u015fekilde devam [&hellip;]<\/p>\n","protected":false},"author":2,"featured_media":32165,"comment_status":"open","ping_status":"open","sticky":false,"template":"","format":"standard","meta":{"footnotes":""},"categories":[2,3],"tags":[],"class_list":["post-32164","post","type-post","status-publish","format-standard","has-post-thumbnail","hentry","category-gundem","category-manset"],"views":19,"_links":{"self":[{"href":"https:\/\/mersinkadingazetesi.com\/index.php?rest_route=\/wp\/v2\/posts\/32164"}],"collection":[{"href":"https:\/\/mersinkadingazetesi.com\/index.php?rest_route=\/wp\/v2\/posts"}],"about":[{"href":"https:\/\/mersinkadingazetesi.com\/index.php?rest_route=\/wp\/v2\/types\/post"}],"author":[{"embeddable":true,"href":"https:\/\/mersinkadingazetesi.com\/index.php?rest_route=\/wp\/v2\/users\/2"}],"replies":[{"embeddable":true,"href":"https:\/\/mersinkadingazetesi.com\/index.php?rest_route=%2Fwp%2Fv2%2Fcomments&post=32164"}],"version-history":[{"count":0,"href":"https:\/\/mersinkadingazetesi.com\/index.php?rest_route=\/wp\/v2\/posts\/32164\/revisions"}],"wp:featuredmedia":[{"embeddable":true,"href":"https:\/\/mersinkadingazetesi.com\/index.php?rest_route=\/wp\/v2\/media\/32165"}],"wp:attachment":[{"href":"https:\/\/mersinkadingazetesi.com\/index.php?rest_route=%2Fwp%2Fv2%2Fmedia&parent=32164"}],"wp:term":[{"taxonomy":"category","embeddable":true,"href":"https:\/\/mersinkadingazetesi.com\/index.php?rest_route=%2Fwp%2Fv2%2Fcategories&post=32164"},{"taxonomy":"post_tag","embeddable":true,"href":"https:\/\/mersinkadingazetesi.com\/index.php?rest_route=%2Fwp%2Fv2%2Ftags&post=32164"}],"curies":[{"name":"wp","href":"https:\/\/api.w.org\/{rel}","templated":true}]}}