{"id":32167,"date":"2024-04-23T13:07:31","date_gmt":"2024-04-23T10:07:31","guid":{"rendered":"http:\/\/mersinkadingazetesi.com\/?p=32167"},"modified":"2024-04-23T13:07:31","modified_gmt":"2024-04-23T10:07:31","slug":"23-nisanda-gelecegin-aydinlik-yuzu-kir-ciceklerinden-yeni-bir-basari","status":"publish","type":"post","link":"https:\/\/mersinkadingazetesi.com\/?p=32167","title":{"rendered":"23 N\u0130SAN&#8217;DA GELECE\u011e\u0130N AYDINLIK Y\u00dcZ\u00dc KIR \u00c7\u0130\u00c7EKLER\u0130NDEN YEN\u0130 B\u0130R BA\u015eARI"},"content":{"rendered":"<p>Gazi Mustafa Kemal Atat\u00fcrk&#8217;\u00fcn d\u00fcnya \u00e7ocuklar\u0131na arma\u011fan etti\u011fi 23 Nisan Ulusal Egemenlik ve \u00c7ocuk Bayram\u0131&#8217;nda \u00e7ifte bayram ya\u015fatan &#8216;K\u0131r \u00c7i\u00e7ekleri&#8217;, ald\u0131klar\u0131 \u00f6d\u00fcller ile Mersin&#8217;i gururland\u0131rmaya devam ediyor. Mersin B\u00fcy\u00fck\u015fehir Belediyesi&#8217;nin K\u0131r \u00c7i\u00e7ekleri projesi kapsam\u0131nda yeti\u015fen yetenekli k\u0131z \u00e7ocuklar\u0131, Okullar Aras\u0131 Y\u0131ld\u0131zlar K\u0131z\/Erkek Ordu T\u00fcrkiye \u015eampiyonas\u0131&#8217;ndan dereceler ile d\u00f6nd\u00fc.<\/p>\n<p>Gen\u00e7lik ve Spor Hizmetleri Dairesi Ba\u015fkanl\u0131\u011f\u0131 b\u00fcnyesinde 4 y\u0131l \u00f6nce ba\u015flat\u0131lan ve \u00f6zellikle k\u0131rsal kesimlerde ya\u015fayan ve de\u011fi\u015fik spor bran\u015flar\u0131nda yetenekli k\u0131z \u00e7ocuklar\u0131n\u0131n se\u00e7ildi\u011fi projede K\u0131r \u00c7i\u00e7ekleri, il ve il d\u0131\u015f\u0131nda ger\u00e7ekle\u015ftirdikleri m\u00fccadelelerle adlar\u0131ndan s\u00f6z ettirmeye devam ediyor. Halter dal\u0131nda yap\u0131lan \u015fampiyonalarda isimlerinden s\u00f6z ettiren K\u0131r \u00c7i\u00e7ekleri&#8217;nin ba\u015far\u0131l\u0131 sporcular\u0131, Ordu&#8217;da yap\u0131lan Okullar Aras\u0131 Y\u0131ld\u0131zlar K\u0131z\/Erkek T\u00fcrkiye \u015eampiyonas\u0131&#8217;ndan da dereceler ile d\u00f6nd\u00fc.<\/p>\n<p>Ordu&#8217;da 18 Nisan&#8217;da yap\u0131lan Okullar Aras\u0131 Y\u0131ld\u0131zlar K\u0131z\/Erkek Ordu T\u00fcrkiye \u015eampiyonas\u0131&#8217;nda halter dal\u0131nda yar\u0131\u015fan Reyhan Op\u00e7in 49 kiloda T\u00fcrkiye 3.&#8217;l\u00fc\u011f\u00fcn\u00fc elde etti. Op\u00e7in elde etti\u011fi derece ile U15 Milli Tak\u0131m Kamp\u0131&#8217;na se\u00e7ildi. Ayn\u0131 \u015fampiyonada 71 kiloda yar\u0131\u015fan Nesrin Ba\u015faran da T\u00fcrkiye 3.&#8217;l\u00fc\u011f\u00fcn\u00fc elde etti.<\/p>\n<p>K\u0131r \u00c7i\u00e7ekleri projesi hakk\u0131nda&#8230;<\/p>\n<p>Mersin B\u00fcy\u00fck\u015fehir Belediye Ba\u015fkan\u0131 Vahap Se\u00e7er&#8217;in k\u0131z \u00e7ocuklar\u0131na, e\u011fitime ve spora verdi\u011fi \u00f6nemle ortaya \u00e7\u0131kan ve yakla\u015f\u0131k 4 y\u0131l \u00f6nce ba\u015flat\u0131lan &#8216;K\u0131r \u00c7i\u00e7ekleri&#8217; projesi; \u00f6zellikle k\u0131rsal kesimlerde ya\u015fayan yetenekli k\u0131z \u00e7ocuklar\u0131n\u0131n yeteneklerine farkl\u0131 spor bran\u015flar\u0131nda yeti\u015fmesini hedefliyor. \u00d6zellikle Mersin&#8217;in k\u0131rsal kesimlerinde ya\u015fayan ve sporun farkl\u0131 dallar\u0131nda yetenekli olan k\u0131z \u00e7ocuklar\u0131n\u0131n se\u00e7ildi\u011fi proje sayesinde, \u00f6\u011frenciler hem hayatlar\u0131na hem de spor hayatlar\u0131na istikrarl\u0131 bir \u015fekilde haz\u0131rlan\u0131yor. B\u00fcy\u00fcd\u00fck\u00e7e ba\u015far\u0131lar\u0131 da b\u00fcy\u00fcyen her k\u0131r \u00e7i\u00e7e\u011finin hedefi, \u00fclkeyi temsil eden ba\u015far\u0131l\u0131 birer kad\u0131n sporcu olmak.<\/p>\n","protected":false},"excerpt":{"rendered":"<p>Gazi Mustafa Kemal Atat\u00fcrk&#8217;\u00fcn d\u00fcnya \u00e7ocuklar\u0131na arma\u011fan etti\u011fi 23 Nisan Ulusal Egemenlik ve \u00c7ocuk Bayram\u0131&#8217;nda \u00e7ifte bayram ya\u015fatan &#8216;K\u0131r \u00c7i\u00e7ekleri&#8217;, ald\u0131klar\u0131 \u00f6d\u00fcller ile Mersin&#8217;i gururland\u0131rmaya devam ediyor. Mersin B\u00fcy\u00fck\u015fehir Belediyesi&#8217;nin K\u0131r \u00c7i\u00e7ekleri projesi kapsam\u0131nda yeti\u015fen yetenekli k\u0131z \u00e7ocuklar\u0131, Okullar Aras\u0131 Y\u0131ld\u0131zlar K\u0131z\/Erkek Ordu T\u00fcrkiye \u015eampiyonas\u0131&#8217;ndan dereceler ile d\u00f6nd\u00fc. Gen\u00e7lik ve Spor Hizmetleri Dairesi Ba\u015fkanl\u0131\u011f\u0131 b\u00fcnyesinde [&hellip;]<\/p>\n","protected":false},"author":2,"featured_media":32168,"comment_status":"open","ping_status":"open","sticky":false,"template":"","format":"standard","meta":{"footnotes":""},"categories":[2,3,10],"tags":[],"class_list":["post-32167","post","type-post","status-publish","format-standard","has-post-thumbnail","hentry","category-gundem","category-manset","category-spor"],"views":7,"_links":{"self":[{"href":"https:\/\/mersinkadingazetesi.com\/index.php?rest_route=\/wp\/v2\/posts\/32167"}],"collection":[{"href":"https:\/\/mersinkadingazetesi.com\/index.php?rest_route=\/wp\/v2\/posts"}],"about":[{"href":"https:\/\/mersinkadingazetesi.com\/index.php?rest_route=\/wp\/v2\/types\/post"}],"author":[{"embeddable":true,"href":"https:\/\/mersinkadingazetesi.com\/index.php?rest_route=\/wp\/v2\/users\/2"}],"replies":[{"embeddable":true,"href":"https:\/\/mersinkadingazetesi.com\/index.php?rest_route=%2Fwp%2Fv2%2Fcomments&post=32167"}],"version-history":[{"count":0,"href":"https:\/\/mersinkadingazetesi.com\/index.php?rest_route=\/wp\/v2\/posts\/32167\/revisions"}],"wp:featuredmedia":[{"embeddable":true,"href":"https:\/\/mersinkadingazetesi.com\/index.php?rest_route=\/wp\/v2\/media\/32168"}],"wp:attachment":[{"href":"https:\/\/mersinkadingazetesi.com\/index.php?rest_route=%2Fwp%2Fv2%2Fmedia&parent=32167"}],"wp:term":[{"taxonomy":"category","embeddable":true,"href":"https:\/\/mersinkadingazetesi.com\/index.php?rest_route=%2Fwp%2Fv2%2Fcategories&post=32167"},{"taxonomy":"post_tag","embeddable":true,"href":"https:\/\/mersinkadingazetesi.com\/index.php?rest_route=%2Fwp%2Fv2%2Ftags&post=32167"}],"curies":[{"name":"wp","href":"https:\/\/api.w.org\/{rel}","templated":true}]}}