{"id":32170,"date":"2024-04-23T13:09:52","date_gmt":"2024-04-23T10:09:52","guid":{"rendered":"http:\/\/mersinkadingazetesi.com\/?p=32170"},"modified":"2024-04-23T13:09:52","modified_gmt":"2024-04-23T10:09:52","slug":"baskan-yildiz-23-nisanda-koltugunu-minik-eylule-birakti","status":"publish","type":"post","link":"https:\/\/mersinkadingazetesi.com\/?p=32170","title":{"rendered":"BA\u015eKAN YILDIZ, 23 N\u0130SAN&#8217;DA KOLTU\u011eUNU M\u0130N\u0130K EYL\u00dcL&#8217;E BIRAKTI"},"content":{"rendered":"<p>Toroslar Belediye Ba\u015fkan\u0131 Abdurrahman Y\u0131ld\u0131z, 23 Nisan Ulusal Egemenlik ve \u00c7ocuk Bayram\u0131&#8217;nda koltu\u011funu Toroslar Yusuf Bay\u0131k \u0130lkokulu 3. S\u0131n\u0131f \u00f6\u011frencisi Eyl\u00fcl Kutlu&#8217;ya devretti.<\/p>\n<p>Gazi Mustafa Kemal Atat\u00fcrk&#8217;\u00fcn t\u00fcm d\u00fcnya \u00e7ocuklar\u0131na arma\u011fan etti\u011fi 23 Nisan Ulusal Egemenlik ve \u00c7ocuk Bayram\u0131&#8217;n\u0131n co\u015fkusu Toroslar&#8217;\u0131 sard\u0131.<\/p>\n<p>Minik Eyl\u00fcl&#8217;\u00fcn ba\u015fkanl\u0131k koltu\u011funu bir g\u00fcnl\u00fc\u011f\u00fcne devrald\u0131\u011f\u0131 ziyarette; Yusuf Bay\u0131k \u0130lkokulu \u00f6\u011frencileri Miran Mert, Berfin \u00d6zer ve Muhammed Emin Y\u0131lg\u0131n da haz\u0131r bulundu. Okul M\u00fcd\u00fcr\u00fc Ferda Y\u0131ld\u0131z Yakut ve \u00f6\u011fretmenleri de \u00f6\u011frencilerine e\u015flik etti.<\/p>\n<p>Ba\u015fkan Y\u0131ld\u0131z, misafirlerini kap\u0131da tek tek kar\u015f\u0131layarak 23 Nisan Ulusal Egemenlik ve \u00c7ocuk Bayram\u0131&#8217;n\u0131 kutlad\u0131, heyecanlar\u0131n\u0131 ve hayallerini payla\u015ft\u0131.<\/p>\n<p>\u00c7OCUK BA\u015eKANDAN \u0130LK \u0130STEK; &#8220;HER YIL 23 N\u0130SAN&#8217;DA \u00c7OCUK FEST\u0130VAL\u0130 YAPILSIN&#8221;<\/p>\n<p>\u0130l\u00e7ede y\u00fcr\u00fct\u00fclen hizmetler ve belediyenin i\u015fleyi\u015fi hakk\u0131nda bilgiler veren Ba\u015fkan Y\u0131ld\u0131z&#8217;\u0131n koltu\u011funu emanet alan minik Eyl\u00fcl ise Toroslar Belediye Ba\u015fkan\u0131 olarak yapmak istedi\u011fi \u00e7al\u0131\u015fmalar\u0131 anlatt\u0131.<\/p>\n<p>\u0130lk olarak her y\u0131l 23 Nisan g\u00fcn\u00fc \u00e7ocuklar\u0131n e\u011flenebilece\u011fi, etkinliklerin yap\u0131ld\u0131\u011f\u0131 bir \u00c7ocuk Festivali d\u00fczenlemek istedi\u011fini aktaran minik ba\u015fkan Eyl\u00fcl Kutlu, di\u011fer \u00e7al\u0131\u015fmalar\u0131n\u0131 da a\u00e7\u0131klayarak; &#8220;\u0130kinci olarak, sokaktaki dostlar\u0131m\u0131za kar\u015f\u0131 duyarl\u0131l\u0131\u011f\u0131 art\u0131rmak i\u00e7in mahallelere su, mama konulacak alanlar olu\u015fturmak ve buralar\u0131n g\u00f6revliler taraf\u0131ndan takip ettirilmesi, ba\u015f\u0131bo\u015f b\u0131rak\u0131lmamas\u0131d\u0131r. \u00dc\u00e7\u00fcnc\u00fc olarak ye\u015fil alanlar\u0131n ve \u00e7ocuk oyun alanlar\u0131n\u0131n \u00e7o\u011falt\u0131lmas\u0131, sportif ama\u00e7l\u0131 tesislerin mahallelerde kolay ula\u015f\u0131labilecek yerlerde olmas\u0131, d\u00f6rd\u00fcnc\u00fc olarak kad\u0131nlar\u0131m\u0131z\u0131n ev ekonomilerine ve kendilerine katk\u0131 sa\u011flamas\u0131 amac\u0131yla mahallelerde kurulan semt pazarlar\u0131nda, onlar i\u00e7in yer ayarlanmas\u0131 ve belediye taraf\u0131ndan da kad\u0131nlar\u0131n kendi \u00fcrettiklerini pazarlamalar\u0131na destek verilmesini istiyorum. Ve son olarak da Mevlana Mahallesindeki Yusuf Bay\u0131k \u0130lkokulu&#8217;nun bah\u00e7esine \u00f6\u011frencilerin teneff\u00fcslerde oynayabilece\u011fi survivor park\u0131 yapt\u0131raca\u011f\u0131m. Belediye Ba\u015fkan\u0131 olarak \u00f6zellikle sahada yap\u0131lan t\u00fcm \u00e7al\u0131\u015fmalar\u0131 denetleyece\u011fimize, halk\u0131m\u0131z\u0131 her zaman dinleyece\u011fimize \u015fahs\u0131m ve ekibim ad\u0131na s\u00f6z veriyorum&#8221; dedi.<\/p>\n<p>&#8220;ABDURRAHMAN BA\u015eKANIMIZA TE\u015eEKK\u00dcR EDER\u0130M&#8221;<\/p>\n<p>Minik Ba\u015fkan, Toroslar Belediye Ba\u015fkanl\u0131\u011f\u0131 koltu\u011funu kendisiyle payla\u015fan Toroslar Belediye Ba\u015fkan\u0131 Abdurrahman Y\u0131ld\u0131z&#8217;a da te\u015fekk\u00fcr ederek; &#8220;104. Y\u0131l\u0131n\u0131 kutlad\u0131\u011f\u0131m\u0131z 23 Nisan Ulusal Egemenlik ve \u00c7ocuk Bayram\u0131&#8217;n\u0131 kutlar, \u00e7ocuklar\u0131n hep g\u00fcld\u00fc\u011f\u00fc, hayallerine kavu\u015ftu\u011fu, daima mutlu olduklar\u0131 bir y\u0131l dilerim. Ve biz \u00e7ocuklara bu bayram\u0131 arma\u011fan eden T\u00fcrkiye Cumhuriyeti Devleti&#8217;nin kurucusu Ulu \u00d6nder Gazi Mustafa Kemal Atat\u00fcrk&#8217;e sonsuz te\u015fekk\u00fcrlerimi sunuyorum&#8221; diye konu\u015ftu.<\/p>\n<p>BA\u015eKAN YILDIZ; &#8220;\u00c7OCUKLARIN MUTLU OLDU\u011eU D\u00dcNYADA HERKES MUTLU OLUR&#8221;<\/p>\n<p>Toroslar Belediye Ba\u015fkan\u0131 Abdurrahman Y\u0131ld\u0131z ise koltu\u011funu 23 Nisan&#8217;da bir g\u00fcnl\u00fc\u011f\u00fcne Eyl\u00fcl&#8217;e devretmekten mutluluk duydu\u011funu dile getirerek; &#8220;23 Nisan \u00e7ok \u00f6nemli bir g\u00fcn. 23 Nisan 1920 tarihinde T\u00fcrkiye B\u00fcy\u00fck Millet Meclisi a\u00e7\u0131ld\u0131. O g\u00fcnden bug\u00fcne \u00fclkemizde milletvekili ve belediye se\u00e7imleri yap\u0131l\u0131yor. Eyl\u00fcl ba\u015fkan\u0131m\u0131n \u00f6nerisiyle seneye \u00e7ok b\u00fcy\u00fck bir \u00c7ocuk Festivali yapmal\u0131y\u0131z ve haz\u0131rl\u0131klara ba\u015flamal\u0131y\u0131z. \u00c7ocuklar\u0131n mutlu oldu\u011fu d\u00fcnyada herkes mutlu olur. \u00c7\u00fcnk\u00fc onlar gelece\u011fimiz. Bu ziyaretten dolay\u0131 da mutlu oldum ve koltu\u011fumu g\u00fcvenle teslim ettim&#8221; ifadelerini kulland\u0131.<\/p>\n<p>&#8220;BELED\u0130YE KAYNAKLARINI RASYONEL KULLANMALIYIZ&#8221;<\/p>\n<p>Ba\u015fkan Y\u0131ld\u0131z, belediye kaynaklar\u0131n\u0131 etkin ve verimli kullanman\u0131n \u00f6nemine vurgu yaparak; &#8220;Kamu kurumlar\u0131yla, sivil toplum kurulu\u015flar\u0131yla ve halk\u0131m\u0131z\u0131n b\u00fct\u00fcn\u00fcyle hepimiz elimizi ta\u015f\u0131n alt\u0131na koyal\u0131m ve bu kenti daha ya\u015fanabilir, daha konforlu ve daha kaliteli hale getirelim.  Toroslar\u0131m\u0131zda ihmal edilmi\u015f epey i\u015fler var. Ancak Toroslar&#8217;\u0131n g\u00fc\u00e7l\u00fc bir kayna\u011f\u0131, ciddi imkanlar\u0131 da var.  Zengin bir b\u00fct\u00e7eye sahip. Ge\u00e7ti\u011fimiz y\u0131l B\u00fcy\u00fck\u015fehir Belediyesi Meclis \u00dcyesi oldu\u011fumdan dolay\u0131 biliyorum. Bu kaynaklar\u0131 rasyonel kullanabilirsek, har vurup harman savurmazsak sorunlar\u0131 daha k\u0131sa s\u00fcrede \u00e7\u00f6zebiliriz&#8221; \u015feklinde konu\u015ftu.<\/p>\n<p>Ziyarette konu\u015fan Okul M\u00fcd\u00fcr\u00fc Ferda Y\u0131ld\u0131z Yakut ise Ba\u015fkan Y\u0131ld\u0131z&#8217;a g\u00f6revinde ba\u015far\u0131lar dileyerek, okulda y\u00fcr\u00fctt\u00fckleri aktivitelerden bahsetti. Okul M\u00fcd\u00fcr\u00fc Yakut; &#8220;Ba\u015fkanlar\u0131m\u0131z\u0131 okulumuzda g\u00f6rmek \u00f6\u011frencilerimizi ve velilerimizi motive ediyor. Bug\u00fcne kadar Toroslar Belediyesinden ve B\u00fcy\u00fck\u015fehir Belediyesinden \u00e7ok g\u00fczel destekler ald\u0131k. Yerel y\u00f6netimler bizim yan\u0131m\u0131zda oldu\u011fu zaman g\u00fcc\u00fcm\u00fcz daha \u00e7ok art\u0131yor. En k\u0131sa zamanda sizi ve ekibinizi okulumuzda a\u011f\u0131rlamaktan onur ve mutluluk duyar\u0131z&#8221; dedi.<\/p>\n<p>Ba\u015fkan Y\u0131ld\u0131z, daha sonra \u00f6\u011frencilere hediye vererek hat\u0131ra foto\u011fraf\u0131 \u00e7ektirdi.<\/p>\n","protected":false},"excerpt":{"rendered":"<p>Toroslar Belediye Ba\u015fkan\u0131 Abdurrahman Y\u0131ld\u0131z, 23 Nisan Ulusal Egemenlik ve \u00c7ocuk Bayram\u0131&#8217;nda koltu\u011funu Toroslar Yusuf Bay\u0131k \u0130lkokulu 3. S\u0131n\u0131f \u00f6\u011frencisi Eyl\u00fcl Kutlu&#8217;ya devretti. Gazi Mustafa Kemal Atat\u00fcrk&#8217;\u00fcn t\u00fcm d\u00fcnya \u00e7ocuklar\u0131na arma\u011fan etti\u011fi 23 Nisan Ulusal Egemenlik ve \u00c7ocuk Bayram\u0131&#8217;n\u0131n co\u015fkusu Toroslar&#8217;\u0131 sard\u0131. Minik Eyl\u00fcl&#8217;\u00fcn ba\u015fkanl\u0131k koltu\u011funu bir g\u00fcnl\u00fc\u011f\u00fcne devrald\u0131\u011f\u0131 ziyarette; Yusuf Bay\u0131k \u0130lkokulu \u00f6\u011frencileri Miran [&hellip;]<\/p>\n","protected":false},"author":2,"featured_media":32171,"comment_status":"open","ping_status":"open","sticky":false,"template":"","format":"standard","meta":{"footnotes":""},"categories":[2,3,5],"tags":[],"class_list":["post-32170","post","type-post","status-publish","format-standard","has-post-thumbnail","hentry","category-gundem","category-manset","category-mersin"],"views":7,"_links":{"self":[{"href":"https:\/\/mersinkadingazetesi.com\/index.php?rest_route=\/wp\/v2\/posts\/32170"}],"collection":[{"href":"https:\/\/mersinkadingazetesi.com\/index.php?rest_route=\/wp\/v2\/posts"}],"about":[{"href":"https:\/\/mersinkadingazetesi.com\/index.php?rest_route=\/wp\/v2\/types\/post"}],"author":[{"embeddable":true,"href":"https:\/\/mersinkadingazetesi.com\/index.php?rest_route=\/wp\/v2\/users\/2"}],"replies":[{"embeddable":true,"href":"https:\/\/mersinkadingazetesi.com\/index.php?rest_route=%2Fwp%2Fv2%2Fcomments&post=32170"}],"version-history":[{"count":0,"href":"https:\/\/mersinkadingazetesi.com\/index.php?rest_route=\/wp\/v2\/posts\/32170\/revisions"}],"wp:featuredmedia":[{"embeddable":true,"href":"https:\/\/mersinkadingazetesi.com\/index.php?rest_route=\/wp\/v2\/media\/32171"}],"wp:attachment":[{"href":"https:\/\/mersinkadingazetesi.com\/index.php?rest_route=%2Fwp%2Fv2%2Fmedia&parent=32170"}],"wp:term":[{"taxonomy":"category","embeddable":true,"href":"https:\/\/mersinkadingazetesi.com\/index.php?rest_route=%2Fwp%2Fv2%2Fcategories&post=32170"},{"taxonomy":"post_tag","embeddable":true,"href":"https:\/\/mersinkadingazetesi.com\/index.php?rest_route=%2Fwp%2Fv2%2Ftags&post=32170"}],"curies":[{"name":"wp","href":"https:\/\/api.w.org\/{rel}","templated":true}]}}