{"id":32173,"date":"2024-04-24T12:31:55","date_gmt":"2024-04-24T09:31:55","guid":{"rendered":"http:\/\/mersinkadingazetesi.com\/?p=32173"},"modified":"2024-04-24T12:31:55","modified_gmt":"2024-04-24T09:31:55","slug":"deva-partili-ekmen-mevsimlik-tarim-iscileri-sezonu-acildi-tedbirlerinizi-alin","status":"publish","type":"post","link":"https:\/\/mersinkadingazetesi.com\/?p=32173","title":{"rendered":"DEVA Partili Ekmen: \u201cMevsimlik tar\u0131m i\u015f\u00e7ileri sezonu a\u00e7\u0131ld\u0131 tedbirlerinizi al\u0131n\u201d"},"content":{"rendered":"<p>DEVA Partisi Genel Ba\u015fkan Yard\u0131mc\u0131s\u0131 ve Mersin Milletvekili Mehmet Emin Ekmen, her y\u0131l ya\u015fanan mevsimlik tar\u0131m i\u015f\u00e7ileri dramlar\u0131 ve ya\u015fad\u0131klar\u0131 sorunlar dolay\u0131s\u0131yla TBMM\u2019de bir bas\u0131n toplant\u0131s\u0131 d\u00fczenleyerek sorumlu bakanlara \u00f6nlem almalar\u0131 i\u00e7in \u00e7a\u011fr\u0131da bulundu.<\/p>\n<p>G\u00fcn\u00fcn anlam ve \u00f6nemine binaen \u201cK\u0131ymetli bas\u0131n mensuplar\u0131, toplant\u0131ya ge\u00e7meden \u00f6nce demokrasimizin sars\u0131lmaz kalesi ve ba\u011f\u0131ms\u0131zl\u0131\u011f\u0131m\u0131z\u0131n simgesi olan Gazi Meclisimizin kurulu\u015f y\u0131l d\u00f6n\u00fcm\u00fc olan 23 Nisan Ulusal Egemenlik ve \u00c7ocuk Bayram\u0131\u2019n\u0131 kutluyorum. Halk\u0131m\u0131zla birlikte demokrasiyle ta\u00e7lanm\u0131\u015f nice ba\u011f\u0131ms\u0131z ve \u00f6zg\u00fcr yar\u0131nlar diliyorum.\u201d s\u00f6zleriyle konu\u015fmas\u0131na ba\u015flayan Ekmen, s\u00f6zlerini \u015f\u00f6yle s\u00fcrd\u00fcrd\u00fc:<\/p>\n<p>\u00dclkemizde do\u011fru tar\u0131msal verimlili\u011fin en \u00f6nemli ara\u00e7lar\u0131ndan biri i\u015f g\u00fcc\u00fc planlamas\u0131d\u0131r. Tar\u0131msal i\u015fg\u00fcc\u00fc \u00f6nemli \u00f6l\u00e7\u00fcde mevsimsel i\u015f\u00e7i hareketleri ile kar\u015f\u0131lanmaktad\u0131r. Her y\u0131l bu g\u00fcnlerde ba\u015flayan i\u015f\u00e7i g\u00f6\u00e7\u00fc y\u0131l sonuna kadar s\u00fcrmekte ve i\u015f\u00e7ilerimiz il il gezerek hasat \u015fenliklerine kat\u0131lmaktad\u0131r. <\/p>\n<p>\u00d6nceki g\u00fcn Manisa&#8217;n\u0131n Salihli il\u00e7esine \u00e7al\u0131\u015fmaya giden tar\u0131m i\u015f\u00e7ilerinin bulundu\u011fu Mustafa A. y\u00f6netimindeki 34 FF 6095 plakal\u0131 minib\u00fcs, Karaisal\u0131 il\u00e7esi Gildirli Mahallesi&#8217;nde u\u00e7uruma yuvarland\u0131ktan sonra alev ald\u0131. Kaza neticesinde 4 vatanda\u015f\u0131m\u0131z vefat etti, 17 ki\u015fi ise yaraland\u0131. \u00d6ncelikle yaral\u0131lara acil \u015fifalar diler, vefat eden vatanda\u015flar\u0131m\u0131za ise Allah\u2019tan rahmet kederli ailelerine ba\u015f sa\u011fl\u0131\u011f\u0131 dilerim. <\/p>\n<p>Bu ac\u0131 maalesef her y\u0131l defalarca kez tekrarlan\u0131yor. Her sene binlerce \u00e7oluk \u00e7ocuk, kad\u0131n ve aile hayat\u0131n\u0131 idame etmek i\u00e7in kendi memleketlerinden g\u00f6\u00e7 edip zor ko\u015fullarda \u00e7al\u0131\u015fmak i\u00e7in ba\u015fka memlekete gidiyor. Bu ge\u00e7ici i\u00e7 g\u00f6\u00e7 ise beraberinde bir\u00e7ok olumsuz durumlara yol a\u00e7\u0131yor. <\/p>\n<p>Mevsimlik tar\u0131m i\u015f\u00e7ilerinin \u00e7al\u0131\u015fmak i\u00e7in g\u00f6\u00e7 etti\u011fi yeni bir d\u00f6neme girmek \u00fczereyken yetkili mercilere baz\u0131 hat\u0131rlatma ve uyar\u0131larda bulunmak istiyorum. Ge\u00e7en sene temmuz ay\u0131nda TBMM\u2019de bu konuda bir bas\u0131n a\u00e7\u0131klamas\u0131 yapm\u0131\u015f ve devam\u0131nda da TBMM Plan ve B\u00fct\u00e7e Komisyonu\u2019nda muhatap olan bakanlara sorunlar\u0131 dile getirmek i\u00e7in ayr\u0131 ayr\u0131 sorular y\u00f6neltmi\u015ftim.<\/p>\n<p>Milletvekili Ekmen ilgili bakanlara seslendi<\/p>\n<p>\u201cGelinen nokta itibariyle bir de\u011fi\u015fiklik olmad\u0131\u011f\u0131n\u0131 \u00fcz\u00fclerek g\u00f6r\u00fcyor ve mevsimlik tar\u0131m i\u015f\u00e7ilerinin sorunlar\u0131n\u0131 tekrar hat\u0131rlatarak \u0130\u00e7i\u015fleri Bakan\u0131 Sn. Ali YERL\u0130KAYA, Tar\u0131m ve Orman Bakan\u0131 Sn. \u0130brahim YUMAKLI, \u00c7al\u0131\u015fma ve Sosyal G\u00fcvenlik Bakan\u0131 Sn. Vedat I\u015eIKHAN, Aile ve Sosyal Hizmetler Bakan\u0131 Sn. Mahinur \u00d6ZDEM\u0130R G\u00d6KTA\u015e ve Milli E\u011fitim Bakan\u0131 Sn. Yusuf TEK\u0130N\u2019e sorunlar\u0131 \u00e7\u00f6zmek ad\u0131na \u00e7a\u011fr\u0131da bulunmak istiyorum. Son olarak ya\u015fanan sorunlar\u0131n \u00fcstesinden gelmek i\u00e7in haz\u0131rlanan MET\u0130P 2 projesinin yetkili kurumlarca hayata ge\u00e7irilmesini talep ediyorum. Mevsimlik tar\u0131m i\u015f\u00e7ileri g\u00f6\u00e7\u00fc ba\u015flad\u0131 l\u00fctfen tedbirlerinizi al\u0131n!\u201d<\/p>\n<p>Ekmen, Mevsimlik Tar\u0131m \u0130\u015f\u00e7ilerinin sorunlar\u0131n\u0131 tek tek s\u0131ralad\u0131<\/p>\n<p>Ya\u015fanan dramlara son verilmesi ve problemlerin \u00e7\u00f6z\u00fclmesi ad\u0131na Sn. Bakanlara \u015fu sorular\u0131 tekrar y\u00f6neltiyor ve kendilerinden sezonun hen\u00fcz a\u00e7\u0131ld\u0131\u011f\u0131 \u015fu g\u00fcnlerde inisiyatif almalar\u0131n\u0131 rica ediyorum:<\/p>\n<p>1. Mevsimlik tar\u0131m is\u00e7ilerinin ve ailelerinin bilgileri e-METI\u0307P\u2019e aktar\u0131lm\u0131\u015f m\u0131d\u0131r? <\/p>\n<p>2. Her y\u0131l en ge\u00e7 \u015fubat ay\u0131nda valiliklerce haz\u0131rlanarak \u00c7al\u0131\u015fma ve Sosyal G\u00fcvenlik Bakanl\u0131\u011f\u0131na g\u00f6nderilmesi gereken Mevsimlik Tar\u0131m \u0130s\u00e7ileri Eylem Planlar\u0131 hangi valiliklerimizce haz\u0131rlanm\u0131\u015ft\u0131r? Bu y\u0131l i\u00e7in bu bildirimi yapan iller hangileridir? <\/p>\n<p>3. Eylem Plan\u0131\u2019n\u0131n haz\u0131rlanmas\u0131, uygulanmas\u0131 ve izlenmesi valiliklerce ne \u015fekilde sa\u011flanacakt\u0131r? Bunun i\u00e7in haz\u0131rlanm\u0131\u015f\u0327 bir ofis valiliklerde mevcut mudur? Haz\u0131rlanm\u0131\u015f\u0327 izleme ve de\u011ferlendirme raporlar\u0131 var m\u0131d\u0131r? <\/p>\n<p>4. \u0130l baz\u0131nda mevsimlik tar\u0131m is\u00e7ilerine ili\u015fkin yas\u0327, cinsiyet, e\u011fitim vb. istatistik veriler toplanmakta m\u0131d\u0131r? <\/p>\n<p>5. Mevsimlik tar\u0131m is\u00e7ileri ile ilgili kurum ve kurulu\u015flar aras\u0131nda koordinasyonun sa\u011flanmas\u0131, y\u00fcr\u00fct\u00fclmesi gereken faaliyetlerin izlenmesi, uygulama s\u0131ras\u0131nda do\u011fabilecek sorunlara \u00e7\u00f6z\u00fcm \u00fcretilmesi i\u00e7in merkezi ve yerel d\u00fczeyde nas\u0131l bir y\u00f6ntem uygulanmaktad\u0131r? Bu kapsamda merkezi ve yerel d\u00fczeyde haz\u0131rlanm\u0131\u015f\u0327 izleme ve de\u011ferlendirme raporlar\u0131 mevcut mudur? <\/p>\n<p>6. \u0130\u015f\u00e7ilerin g\u00f6\u00e7 d\u00f6neminde yolculuklar\u0131n\u0131n g\u00fcvenli ve sa\u011fl\u0131kl\u0131 bir \u015fekilde ger\u00e7ekle\u015fmesi i\u00e7in hangi \u00f6nlemler al\u0131nm\u0131\u015ft\u0131r? G\u00f6\u00e7 alan ve veren yerler aras\u0131nda trafik denetimleri art\u0131r\u0131lm\u0131\u015f\u0327 m\u0131d\u0131r? Ara\u00e7 ve yol g\u00fcvenli\u011fi konusunda ne t\u00fcr tedbirler al\u0131nm\u0131\u015ft\u0131r? <\/p>\n<p>7. \u00c7ocuk \u0130\u015f\u00e7ili\u011fi ile M\u00fccadele Ulusal Program\u0131 (2017-2023) Eylem Plan\u0131na dair bug\u00fcne kadar hangi ad\u0131mlar at\u0131lm\u0131\u015ft\u0131r? Bu tedbirlerden hangileri ne \u00f6l\u00e7\u00fcde tamamlanm\u0131\u015ft\u0131r? Tamamlanamayanlar\u0131n ger\u00e7ekle\u015fmememe nedenleri nelerdir? 2023 y\u0131l\u0131nda tamamlanmas\u0131 gereken tedbir ve eylemlerin ger\u00e7ekle\u015fme oranlar\u0131 nedir?<\/p>\n<p>8. Mevsimlik tar\u0131m is\u00e7ilerinin daim\u00ee ikamet ettikleri illere geri d\u00f6nd\u00fcklerinde e\u011fitim ihtiyac\u0131 olanlar tespit edilerek e\u011fitim ihtiya\u00e7lar\u0131 kar\u015f\u0131lanmas\u0131, yeti\u015fkinlere okuma-yazma ve\/veya meslek edindirme kurslar\u0131 ile sosyal-k\u00fclt\u00fcrel faaliyetler d\u00fczenlenmesi konusunda ne t\u00fcr faaliyetler yap\u0131lm\u0131\u015ft\u0131r? <\/p>\n<p>9. Bu faaliyetler i\u00e7in ihtiya\u00e7 duyulan mali kaynak nereden ne \u015fekilde sa\u011flanm\u0131\u015ft\u0131r? Bu kayna\u011f\u0131n ilgili kurumlara aktar\u0131lmas\u0131 konusunda haz\u0131rlanm\u0131\u015f\u0327 bir y\u00f6ntem belirlenmi\u015f\u0327 midir? <\/p>\n<p>10. G\u00f6\u00e7 veren illerde is\u00e7iler ve tar\u0131m arac\u0131lar\u0131na, g\u00f6\u00e7 alan illerde ise i\u015fverenlere ve y\u00f6re halk\u0131na y\u00f6nelik bilgilendirme ve bilin\u00e7lendirme \u00e7al\u0131\u015fmalar\u0131yap\u0131lmakta m\u0131d\u0131r? Medyada s\u0131kl\u0131kla yer alan olaylar\u0131n ya\u015fanmamas\u0131 i\u00e7in hangi tedbirler al\u0131nm\u0131\u015ft\u0131r. <\/p>\n<p>11. 2017\/6 say\u0131l\u0131 Ba\u015fbakanl\u0131k Genelgesi ile olu\u015fturulan &#8220;Mevsimlik Gezici Tar\u0131m \u0130\u015f\u00e7ileri \u0130zleme Kurulu&#8221;, Cumhurba\u015fkanl\u0131\u011f\u0131 h\u00fck\u00fcmet sistemi sonras\u0131nda hangi stat\u00fcye kavu\u015fmu\u015ftur? 2017 y\u0131l\u0131ndan itibaren genelge mucibince at\u0131lan ad\u0131mlar ve ger\u00e7ekle\u015ftirilen faaliyetler nelerdir? <\/p>\n<p>12. Ba\u015fbakanl\u0131k 2017\/6 say\u0131l\u0131 genelgede \u015fartlar\u0131 detayl\u0131 olarak anlat\u0131lan ge\u00e7ici ya\u015fam alanlar\u0131 \u015fu ana kadar ka\u00e7 ilde olu\u015fturulmu\u015ftur? E\u011fer olu\u015fturulmu\u015fsa, bu alanlar\u0131n say\u0131s\u0131 ve kapasitesi nedir? <\/p>\n<p>13. Genelgede bahsedildi\u011fi gibi, \u0130l halk sa\u011fl\u0131\u011f\u0131 m\u00fcd\u00fcrl\u00fcklerince mevsimlik tar\u0131m is\u00e7ilerinin ve ailelerinin kanser taramalar\u0131 ile bula\u015f\u0131c\u0131 ve salg\u0131n hastal\u0131klara kar\u015f\u0131 d\u00fczenli sa\u011fl\u0131k taramalar\u0131, a\u015f\u0131lamalar\u0131, gebe, bebek ve \u00e7ocuklar\u0131n izlemleri yapt\u0131r\u0131lm\u0131\u015f m\u0131d\u0131r? Bu hizmetlerin ve hizmetlere eri\u015fimin kolayla\u015ft\u0131r\u0131lmas\u0131 amac\u0131yla mobil sa\u011fl\u0131k ekipleri olu\u015fturulmu\u015f\u0327 mudur? E\u011fer olu\u015fturulmu\u015fsa, bu ekiplerin bug\u00fcne dek yapt\u0131\u011f\u0131 sa\u011fl\u0131k taramalar\u0131, a\u015f\u0131lamalar ve di\u011fer hizmetler nelerdir? <\/p>\n<p>14. Bu hizmetler Mevsimlik Tar\u0131m \u0130\u015f\u00e7ileri Bilgi Sistemi\u2019ne (e-METI\u0307P) aktar\u0131lm\u0131\u015f m\u0131d\u0131r? Bu bilgilerin e- MET\u0130P\u2019e s\u00fcrekli ve eksiksiz \u015fekilde aktar\u0131lmas\u0131 i\u00e7in teknik altyap\u0131 kurulmu\u015f mudur? <\/p>\n<p>15. Aile ve sosyal politikalar il m\u00fcd\u00fcrl\u00fcklerince kad\u0131n, \u00e7ocuk, engelli ve ya\u015fl\u0131lar i\u00e7in sunulan hizmetlerden faydalanmalar\u0131 sa\u011flanm\u0131\u015f\u0327 m\u0131d\u0131r? Ayr\u0131ca, okul \u00e7a\u011f\u0131na gelmemi\u015f\u0327 \u00e7ocuklar i\u00e7in \u00e7ocuk geli\u015fim uzmanlar\u0131nca e\u011fitim ve bak\u0131m hizmetleri i\u00e7in haz\u0131rl\u0131klar yap\u0131lm\u0131\u015f m\u0131d\u0131r? Sunulmu\u015f\u0327 ise buna dair istatistikler il bazl\u0131 ve \u00fclke genelinde tutulmu\u015f\u0327 mudur? <\/p>\n<p>16. Mevsimlik tar\u0131m i\u015f\u00e7ilerinin e\u011fitim ya\u015f\u0131ndaki \u00e7ocuklar\u0131 ve \u00f6zel e\u011fitim ihtiyac\u0131 olan \u00e7ocuklar\u0131 i\u00e7in Mill\u00ee E\u011fitim Bakanl\u0131\u011f\u0131nca yay\u0131mlanan 2016\/5 say\u0131l\u0131 genelge h\u00fck\u00fcmleri ne \u00f6l\u00e7\u00fcde uygulanm\u0131\u015ft\u0131r? Bu genelge h\u00fck\u00fcmleri gere\u011fi bahsedilen tedbirler hangi b\u00f6lgemizde ne \u00f6l\u00e7\u00fcde al\u0131nm\u0131\u015ft\u0131r? Ka\u00e7 \u00e7ocu\u011fumuz e\u011fitim haklar\u0131ndan geri kalm\u0131\u015ft\u0131r? <\/p>\n<p>17. Mevsimlik tar\u0131m i\u015f\u00e7ilerinin ve ailelerinin inan\u00e7 ve ibadet ihtiya\u00e7lar\u0131n\u0131n kar\u015f\u0131lanmas\u0131 i\u00e7in ne t\u00fcr tedbirler al\u0131nm\u0131\u015ft\u0131r? <\/p>\n<p>18. \u00c7ocuk is\u00e7ili\u011finin ve \u00e7ocuk eme\u011finin istismar\u0131n\u0131 \u00f6nleme konusunda ne t\u00fcr \u00e7al\u0131\u015fmalar y\u00fcr\u00fct\u00fclm\u00fc\u015ft\u00fcr? \u00c7ocuklar\u0131n \u00e7al\u0131\u015fma ya\u015fam\u0131na kat\u0131l\u0131m\u0131n\u0131 engellemeye y\u00f6nelik hangi politikalar hayata ge\u00e7irilmi\u015ftir? Ayr\u0131ca, i\u015f\u00e7i ailelerinin ekonomik ko\u015fullar\u0131n\u0131 iyile\u015ftirmek ve \u00e7ocuk \u00fccretine ihtiya\u00e7 duymalar\u0131n\u0131 \u00f6nlemek i\u00e7in hangi \u00f6nlemler al\u0131nm\u0131\u015ft\u0131r? <\/p>\n<p>19. Valilikler, \u00fcniversite ve sivil toplum kurulu\u015flar\u0131na mevsimlik tar\u0131m is\u00e7ilerinin \u00e7al\u0131\u015fma ve ya\u015fam ko\u015fullar\u0131n\u0131n iyile\u015ftirilmesine y\u00f6nelik projelerine maddi destek sa\u011flamakta m\u0131d\u0131r? Bug\u00fcne kadar hangi \u00fcniversite ve sivil toplum kurulu\u015funun hangi projesine ne miktarda maddi destek sa\u011flanm\u0131\u015ft\u0131r?<\/p>\n","protected":false},"excerpt":{"rendered":"<p>DEVA Partisi Genel Ba\u015fkan Yard\u0131mc\u0131s\u0131 ve Mersin Milletvekili Mehmet Emin Ekmen, her y\u0131l ya\u015fanan mevsimlik tar\u0131m i\u015f\u00e7ileri dramlar\u0131 ve ya\u015fad\u0131klar\u0131 sorunlar dolay\u0131s\u0131yla TBMM\u2019de bir bas\u0131n toplant\u0131s\u0131 d\u00fczenleyerek sorumlu bakanlara \u00f6nlem almalar\u0131 i\u00e7in \u00e7a\u011fr\u0131da bulundu. G\u00fcn\u00fcn anlam ve \u00f6nemine binaen \u201cK\u0131ymetli bas\u0131n mensuplar\u0131, toplant\u0131ya ge\u00e7meden \u00f6nce demokrasimizin sars\u0131lmaz kalesi ve ba\u011f\u0131ms\u0131zl\u0131\u011f\u0131m\u0131z\u0131n simgesi olan Gazi Meclisimizin kurulu\u015f [&hellip;]<\/p>\n","protected":false},"author":2,"featured_media":32174,"comment_status":"open","ping_status":"open","sticky":false,"template":"","format":"standard","meta":{"footnotes":""},"categories":[2,3],"tags":[],"class_list":["post-32173","post","type-post","status-publish","format-standard","has-post-thumbnail","hentry","category-gundem","category-manset"],"views":7,"_links":{"self":[{"href":"https:\/\/mersinkadingazetesi.com\/index.php?rest_route=\/wp\/v2\/posts\/32173"}],"collection":[{"href":"https:\/\/mersinkadingazetesi.com\/index.php?rest_route=\/wp\/v2\/posts"}],"about":[{"href":"https:\/\/mersinkadingazetesi.com\/index.php?rest_route=\/wp\/v2\/types\/post"}],"author":[{"embeddable":true,"href":"https:\/\/mersinkadingazetesi.com\/index.php?rest_route=\/wp\/v2\/users\/2"}],"replies":[{"embeddable":true,"href":"https:\/\/mersinkadingazetesi.com\/index.php?rest_route=%2Fwp%2Fv2%2Fcomments&post=32173"}],"version-history":[{"count":0,"href":"https:\/\/mersinkadingazetesi.com\/index.php?rest_route=\/wp\/v2\/posts\/32173\/revisions"}],"wp:featuredmedia":[{"embeddable":true,"href":"https:\/\/mersinkadingazetesi.com\/index.php?rest_route=\/wp\/v2\/media\/32174"}],"wp:attachment":[{"href":"https:\/\/mersinkadingazetesi.com\/index.php?rest_route=%2Fwp%2Fv2%2Fmedia&parent=32173"}],"wp:term":[{"taxonomy":"category","embeddable":true,"href":"https:\/\/mersinkadingazetesi.com\/index.php?rest_route=%2Fwp%2Fv2%2Fcategories&post=32173"},{"taxonomy":"post_tag","embeddable":true,"href":"https:\/\/mersinkadingazetesi.com\/index.php?rest_route=%2Fwp%2Fv2%2Ftags&post=32173"}],"curies":[{"name":"wp","href":"https:\/\/api.w.org\/{rel}","templated":true}]}}