{"id":32182,"date":"2024-04-24T12:41:17","date_gmt":"2024-04-24T09:41:17","guid":{"rendered":"http:\/\/mersinkadingazetesi.com\/?p=32182"},"modified":"2024-04-24T12:41:17","modified_gmt":"2024-04-24T09:41:17","slug":"mersinde-unutulmaz-23-nisan","status":"publish","type":"post","link":"https:\/\/mersinkadingazetesi.com\/?p=32182","title":{"rendered":"MERS\u0130N&#8217;DE UNUTULMAZ 23 N\u0130SAN"},"content":{"rendered":"<p>Mersin B\u00fcy\u00fck\u015fehir Belediyesi taraf\u0131ndan 23 Nisan Ulusal Egemenlik ve \u00c7ocuk Bayram\u0131 dolay\u0131s\u0131yla bu y\u0131l ilki ger\u00e7ekle\u015ftirilen &#8216;Uluslararas\u0131 Mersin \u00c7ocuk Festivali&#8217; ile kentteki bayram co\u015fkusu d\u00f6rt bir yan\u0131 sard\u0131. Festival kapsam\u0131nda Mersin&#8217;e gelen 14 \u00fclkeden 350 \u00e7ocuk, kendi \u00fclkelerine ait g\u00f6sterilerle izleyenlere unutulmaz bir bayram ya\u015fatarak izleyenleri adeta b\u00fcy\u00fcledi.<\/p>\n<p>D\u00fcnya \u00e7ocuklar\u0131 Mersin&#8217;de bulu\u015ftu<\/p>\n<p>K\u00fclt\u00fcr ve Sosyal \u0130\u015fleri Dairesi Ba\u015fkanl\u0131\u011f\u0131 koordinesinde d\u00fczenlenen ve 21-22-23 Nisan tarihleri boyunca devam eden festivalde d\u00fcnya \u00e7ocuklar\u0131 unutulmaz bir bayram ne\u015fesine \u015fahit oldu. &#8216;Uluslararas\u0131 Mersin \u00c7ocuk Festivali&#8217; Mersinli \u00e7ocuklara ve d\u00fcnyan\u0131n d\u00f6rt bir yan\u0131ndan gelen \u00e7ocuklara unutulmaz anlar ya\u015fatt\u0131. Festival sayesinde kentte adeta bir k\u00fclt\u00fcr mozai\u011fi olu\u015ftu ve d\u00fcnya \u00e7ocuklar\u0131 bu festivalde bulu\u015ftu. D\u00fcnya \u00fclkelerinden \u00e7ocuklar\u0131n bir araya gelerek kayna\u015fmalar\u0131na, bar\u0131\u015f ve karde\u015flik ortam\u0131n\u0131n olu\u015fmas\u0131na vesile olan festival, kentte b\u00fcy\u00fck bir memnuniyet ortam\u0131 yaratt\u0131. Farkl\u0131 \u00fclkelerden Mersin&#8217;e gelerek festival co\u015fkusuna ortak olan \u00e7ocuklar da g\u00f6rd\u00fckleri en g\u00fczel festivallerden biri oldu\u011funu vurgularken, Mersin&#8217;e hayran kald\u0131klar\u0131n\u0131 ve tekrar gelmek istediklerini de ifade ettiler.<\/p>\n<p>Mersin sahili bu festivalle rengarenk<\/p>\n<p>\u00d6zgecan Aslan Bar\u0131\u015f Meydan\u0131&#8217;nda d\u00fcnyan\u0131n d\u00f6rt bir yan\u0131ndan gelen Halk Danslar\u0131 Topluluklar\u0131 g\u00f6sterilerini sergilerken, izleyenler de adeta b\u00fcy\u00fclendi. Halk Danslar\u0131 Topluluklar\u0131 ayr\u0131ca \u00fcst\u00fc a\u00e7\u0131k otob\u00fcs ile kent turu att\u0131 ve festival co\u015fkusu t\u00fcm \u015fehri sard\u0131.<\/p>\n<p>Etkinli\u011fe; Mersin&#8217;den Mezitli \u015eehit Yi\u011fitcan \u00c7i\u011fa \u0130lkokulu, Yeni\u015fehir Mersinli Ahmet \u0130lkokulu, Akdeniz I\u011fd\u0131r Ortaokulu halk dans topluluklar\u0131n\u0131n yan\u0131 s\u0131ra; Ankara ve deprem illerinden Hatay ile Ad\u0131yaman&#8217;dan gelen halk danslar\u0131 topluluklar\u0131 y\u00f6relerine \u00f6zg\u00fc danslar\u0131n\u0131 sergiledi. Festival i\u00e7in yurt d\u0131\u015f\u0131ndan gelen; Litvanya, Kazakistan, Ukrayna, G\u00fcrcistan, Rusya, Moldova, Romanya, Kuzey Makedonya, Polonya, Bulgaristan, \u0130ran, Bosna Hersek, Almanya ve Kosova&#8217;dan gelen 350 \u00e7ocuk kendi \u00fclkelerine ait danslar\u0131n\u0131 yapt\u0131.<\/p>\n<p>Yeti\u015fkinler \u00f6zledikleri bayram g\u00fcnlerine geri d\u00f6nd\u00fc<\/p>\n<p>Kentte 7&#8217;den 70&#8217;e herkesin bayram co\u015fkusuna b\u00fcr\u00fcnd\u00fc\u011f\u00fc festival sayesinde yeti\u015fkinler \u00e7ocukluklar\u0131na d\u00f6nerek eski bayramlar\u0131 hat\u0131rlarken; \u00e7ocuklar da \u00e7ocuk kalbini dolduran bu b\u00fcy\u00fck bayram sayesinde ne\u015fe ve sevin\u00e7 i\u00e7inde bayram co\u015fkusuna doydu. B\u00fcy\u00fck\u015fehir sayesinde dopdolu ge\u00e7en etkinliklerle Mersin unutulmaz bir 23 Nisan kutlamas\u0131na sahne oldu. Halk Danslar\u0131 g\u00f6sterileri \u00f6ncesinde de Mersin B\u00fcy\u00fck\u015fehir Belediye Bandosu taraf\u0131ndan birbirinden g\u00fczel mar\u015flar \u00e7al\u0131nd\u0131, ebeveynler ve \u00e7ocuklar doyas\u0131ya e\u011flendi.<\/p>\n<p>\u00c7ocuklar bayram sevinciyle ko\u015ftu<\/p>\n<p>\u00c7ocuklara &#8216;\u00c7ocuk Ko\u015fusu&#8217; i\u00e7in g\u00f6\u011f\u00fcs numaralar\u0131, ti\u015f\u00f6rt ve \u015fapkalar\u0131 Gen\u00e7lik ve Spor Hizmetleri Dairesi Ba\u015fkanl\u0131\u011f\u0131 taraf\u0131ndan verildi. Renkli g\u00f6r\u00fcnt\u00fclere sahne olan \u00c7ocuk Ko\u015fusu sahilde ger\u00e7ekle\u015fti. Ko\u015fuyu tamamlayan t\u00fcm \u00e7ocuklara madalyalar\u0131 hediye edildi.<\/p>\n<p>B\u00fct\u00fcn daire ba\u015fkanl\u0131klar\u0131 kolektif \u00e7al\u0131\u015ft\u0131<\/p>\n<p>Sahilde Kad\u0131n ve Aile Hizmetleri Dairesi Ba\u015fkanl\u0131\u011f\u0131 taraf\u0131ndan a\u00e7\u0131lan \u00dcretici Kad\u0131n Stantlar\u0131&#8217;na da vatanda\u015flar yo\u011fun ilgi g\u00f6sterdi. Ayr\u0131ca \u00e7ocuk deneyim alan\u0131nda da \u00e7ocuklara y\u00fcz boyama, resim yapma gibi etkinlikler yap\u0131l\u0131rken, patlam\u0131\u015f m\u0131s\u0131r, pamuk \u015feker ve balon hediye edildi. Tar\u0131msal Hizmetler Dairesi Ba\u015fkanl\u0131\u011f\u0131 \u00e7ocuklara \u00e7i\u00e7ek hediye ederken, \u00e7ocuklara kendi elleri ile saks\u0131lara diktikleri begonyalar hediye edildi. Ayr\u0131ca &#8216;Sat\u0131n Alma Sahiplen&#8217; temas\u0131yla bar\u0131naktaki sahipsiz hayvanlar alana getirilerek sahiplendirme yap\u0131ld\u0131. \u0130tfaiye Dairesi Ba\u015fkanl\u0131\u011f\u0131 da haz\u0131rlad\u0131klar\u0131 g\u00f6steriler ile etkinli\u011fe ayr\u0131 bir renk katt\u0131. \u00c7ocuklar i\u00e7in haz\u0131rlanan parkurda minikler itfaiyeci kost\u00fcm\u00fc giyerek hem e\u011flendi hem yar\u0131\u015ft\u0131. Kurulan zipline ile \u00e7ocuklar\u0131n e\u011flence ve co\u015fkusu ikiye katlad\u0131. Mini zodyak g\u00f6sterisi etkinli\u011fe ayr\u0131 bir renk katarken, y\u00fcksekten ip ile ini\u015f-\u00e7\u0131k\u0131\u015f g\u00f6sterisi de izleyenlere adrenalin dolu anlar ya\u015fatt\u0131.<\/p>\n<p>Mercan 100. Y\u0131l \u0130klim ve \u00c7evre Bilim Merkezi taraf\u0131ndan alana getirilen g\u00fcne\u015f teleskobu ile g\u00fcne\u015f g\u00f6zleminde g\u00fcne\u015f patlamalar\u0131 ve lekeleri ayr\u0131nt\u0131l\u0131 bir \u015fekilde incelenirken, Bilgi \u0130\u015flem Dairesi Ba\u015fkanl\u0131\u011f\u0131 taraf\u0131ndan kurulan sahnede \u00e7ocuklara &#8216;Sanal Ger\u00e7eklik Y\u00f6ntemi ile Bilim Tabanl\u0131 Mersin&#8217;  tan\u0131t\u0131m\u0131 yap\u0131ld\u0131. Elektrik M\u00fchendisleri Odas\u0131 Mersin \u015eubesi EMO \u00c7ocuk Kul\u00fcb\u00fc taraf\u0131ndan kurulan alanda da g\u00fcne\u015f enerjili araba yar\u0131\u015f\u0131 yap\u0131ld\u0131. \u00c7ocuklar son \u0131\u015f\u0131k b\u00fck\u00fcc\u00fc yar\u0131\u015fmas\u0131 yapt\u0131.<\/p>\n<p>K\u00fcnne: &#8220;Burada ge\u00e7irdi\u011fim zaman\u0131 \u00e7ok sevdim&#8221;<\/p>\n<p>Festivale Almanya&#8217;dan kat\u0131lan Lisbet K\u00fcnne, &#8220;Bayram \u00e7ok g\u00fczel. Buras\u0131 \u00e7ok harika bir \u015fehir ve tekrar gelmeyi \u00e7ok isterim. Buradaki insanlar \u00e7ok arkada\u015f canl\u0131s\u0131. Ben zaten farkl\u0131 k\u00fclt\u00fcrleri \u00f6\u011frenmeyi \u00e7ok seviyorum. Bu festivali \u00e7ok be\u011fendim, insanlar \u00e7ok arkada\u015f canl\u0131s\u0131 ve bu durum \u00e7ok ho\u015fuma gidiyor. Burada ge\u00e7irdi\u011fim zaman\u0131 \u00e7ok sevdim ve tekrar gelmek isterim&#8221; diye duygular\u0131n\u0131 ifade etti.<\/p>\n<p>Kaus\u0131la\u0131te: &#8220;Bug\u00fcne kadar kat\u0131ld\u0131\u011f\u0131m en g\u00fczel festival&#8221;<\/p>\n<p>Bosna Hersek&#8217;ten Mersin&#8217;e ilk defa gelen ve \u015fehre hayran kalan Senede Tabak, &#8220;Burada \u00e7ok mutlu oldum, \u00e7ok fazla \u00e7ocuk var. Ba\u015fka yerlere de gittik ama Mersin \u00e7ok g\u00fczel&#8221; dedi. Litvanya&#8217;dan gelen Egli Kaus\u0131la\u0131te ise, &#8220;\u00c7ok \u015fa\u015f\u0131rd\u0131m, bug\u00fcne kadar kat\u0131ld\u0131\u011f\u0131m en g\u00fczel festival. 23 Nisan&#8217;\u0131n uluslararas\u0131 bir festival oldu\u011funu bilmiyordum, \u00f6\u011frenince \u00e7ok mutlu oldum. Buradaki herkes \u00e7ok arkada\u015f canl\u0131s\u0131 ve \u00e7ok mutluyum&#8221; dedi.<\/p>\n<p>Riza: &#8220;Bayram ve festival \u00e7ok g\u00fczeldi&#8221;<\/p>\n<p>Bulgaristan&#8217;dan festivale gelen Melda Riza, &#8220;Bayram ve festival \u00e7ok g\u00fczeldi, a\u015f\u0131r\u0131 enteresan buldum. Mersin \u00e7ok g\u00fczel, T\u00fcrkiye&#8217;yi \u00e7ok be\u011fendim. Herkesin k\u00fclt\u00fcr\u00fcn\u00fc burada g\u00f6rm\u00fc\u015f olduk&#8221; diyerek, &#8220;23 Nisan kutlu olsun. Mersin B\u00fcy\u00fck\u015fehir Belediye Ba\u015fkan\u0131 Vahap Se\u00e7er&#8217;e bizi burada a\u011f\u0131rlad\u0131\u011f\u0131 i\u00e7in te\u015fekk\u00fcr ederiz&#8221; s\u00f6zlerine yer verdi. Festivalin m\u00fckemmel ge\u00e7ti\u011fini s\u00f6yleyen Ukrayna&#8217;dan kat\u0131lan Anastasia Ostapenko, &#8220;Mersin&#8217;e ilk kez geldim, \u00e7ok be\u011fendim ve \u00e7ok e\u011flendim. Yine gelmeyi \u00e7ok isterim. \u00c7ok g\u00fczel bir bayram, her \u00fclkeden insanlar geliyor ve herkesle tan\u0131\u015fma \u015fans\u0131m\u0131z oldu. Herkesin 23 Nisan&#8217;\u0131n\u0131 kutluyorum ve iyi bayramlar diliyorum&#8221; dedi.<\/p>\n<p>Kasumllari: &#8220;\u00c7ok iyi hissediyorum, \u00e7ocuklara \u00e7ok de\u011fer veriyorlar&#8221;<\/p>\n<p>\u0130lk kez Mersin&#8217;e geldi\u011fini s\u00f6yleyen ve \u00e7ok e\u011flendi\u011fini vurgulayan Kosoval\u0131 Melisa Kasumllari, &#8220;Mersin&#8217;in eski evlerini gezdik ve \u00e7ok be\u011fendik. \u00c7ok iyi hissediyorum \u00e7\u00fcnk\u00fc \u00e7ocuklara de\u011fer veriyorlar&#8221; ifadelerine yer verdi. Mersin&#8217;e hayran kald\u0131\u011f\u0131n\u0131 s\u00f6yleyen Kazakistanl\u0131 Asinur Nurlank\u0131z\u0131, &#8220;Bir\u00e7ok \u00fclkeden \u00e7ocuklar gelmi\u015f, kendi k\u00fclt\u00fcrlerini tan\u0131t\u0131yorlar ve \u00e7ok keyifli. Herkesin 23 Nisan&#8217;\u0131 kutlu olsun&#8221; \u015feklinde konu\u015ftu.<\/p>\n<p>Maj\u0131dzadeh: &#8220;G\u00f6rd\u00fc\u011f\u00fcm en g\u00fczel festivallerden biri&#8221;<\/p>\n<p>Rusya&#8217;dan gelen Ilizaveta Inga\u00e7ova, &#8220;Kendi g\u00fczel sanatlar\u0131m\u0131z\u0131 g\u00f6stermek i\u00e7in geldik. Mersin ve T\u00fcrkiye&#8217;yi \u00e7ok be\u011fendik. Keyifli bir festival. Buraya geldi\u011fimiz i\u00e7in kendimizi \u00e7ok \u015fansl\u0131 hissediyoruz. Ba\u015fka \u00fclkelerden \u00e7ocuklarla arkada\u015fl\u0131k kurduk, \u00e7ok e\u011fleniyoruz&#8221; dedi. Kuzey Makedonya&#8217;dan gelen Anid Islam da &#8220;Festival \u00e7ok g\u00fczel, Mersin&#8217;e ilk defa geldim. 23 Nisan \u00c7ocuk Bayram\u0131n\u0131z kutlu olsun&#8221; diyerek sevincini payla\u015ft\u0131. \u0130ran&#8217;dan gelen Elyar Maj\u0131dzadeh ise, &#8220;G\u00f6rd\u00fc\u011f\u00fcm en g\u00fczel festivallerden biriydi. \u00c7ok g\u00fczel bir memleket&#8221; ifadelerine yer verdi.<\/p>\n<p>Daniel: &#8220;\u00c7ok kalabal\u0131k ve g\u00fczel bir festival&#8221;<\/p>\n<p>Festivale Moldova&#8217;dan kat\u0131lan dans\u00e7\u0131lardan Pinte Daniel, hem Mersin&#8217;i hem de festivali de\u011ferlendirerek, &#8220;\u00c7ok kalabal\u0131k ve g\u00fczel bir festival. Farkl\u0131 \u00fclkelerden de konuklar var. Hem birbirimizin k\u00fclt\u00fcr\u00fcn\u00fc \u00f6\u011freniyoruz hem de danslar\u0131 g\u00f6rme \u015fans\u0131m\u0131z oluyor. \u00c7ok ho\u015fuma gitti. Mersin&#8217;e yeniden gelmek isterim&#8221; derken, 23 Nisan&#8217;\u0131 da T\u00fcrk\u00e7e kutlayarak; &#8220;Mutlu bayramlar&#8221; dedi.<\/p>\n<p>Karazi\u015fve: &#8220;Mersin \u00e7ok g\u00fczel bir \u015fehir&#8221;<\/p>\n<p>G\u00fcrcistan&#8217;tan kat\u0131lan Meryem Karazi\u015fve de, Mersin&#8217;e ilk defa geldi\u011fini ve \u00e7ok be\u011fendi\u011fini ifade ederek, &#8220;Mersin \u00e7ok g\u00fczel bir \u015fehir. Yemekleriniz \u00e7ok g\u00fczel. \u0130nsanlar \u00e7ok arkada\u015f canl\u0131s\u0131. Burada \u00e7ok mutluyuz&#8221; diye konu\u015ftu.<\/p>\n<p>Darye: &#8220;Mersin m\u00fckemmel&#8221;<\/p>\n<p>Festivale Polonya&#8217;dan gelen dans\u00e7\u0131lardan Belova Darye ise &#8220;Burada uluslararas\u0131 \u00fclkelerden gelen hem dans\u00e7\u0131lar hem de \u015fark\u0131c\u0131lar\u0131 g\u00f6r\u00fcyoruz. Kent m\u00fckemmel. Burada olmaktan da \u00e7ok mutluyum&#8221; dedi. Mersin&#8217;de kald\u0131\u011f\u0131 s\u00fcre boyunca T\u00fcrk\u00e7e birka\u00e7 kelime \u00f6\u011frenen Darye, &#8220;Merhaba&#8221; dedi. Darye, T\u00fcrk\u00e7e \u00f6\u011frenmek istedi\u011fini ifade ederek; &#8220;T\u00fcrk\u00e7e sadece &#8216;Merhaba&#8217; demeyi biliyorum. Buradaki insanlar \u00e7ok zeki ve misafirperverler. O y\u00fczden T\u00fcrk\u00e7e ve T\u00fcrk insan\u0131 \u00e7ok ilgimi \u00e7ekiyor. Hatta bununla ilgili e\u011fitim almak isterim&#8221; ifadelerine yer verdi.<\/p>\n<p>6 \u015eubat depremini ya\u015fayan illerden olan Hatay ve Ad\u0131yaman&#8217;dan da halk danslar\u0131 topluluklar\u0131 Mersin&#8217;deydi. Deprem b\u00f6lgesi Hatay&#8217;dan Mersin&#8217;e ilk defa gelen ve kenti \u00e7ok seven Aliye \u0130nan Bolat da, &#8220;Burada k\u00fclt\u00fcrleri tan\u0131d\u0131k, yeni arkada\u015flarla tan\u0131\u015ft\u0131k&#8221; dedi. Danslar\u0131n\u0131n da \u00e7ok be\u011feni ald\u0131\u011f\u0131n\u0131 belirten Bolat, &#8220;Ekip olarak buraya yeniden gelmek isteriz&#8221; diye konu\u015ftu. Ad\u0131yaman&#8217;dan gelen Edanur Sincan ise, &#8220;Mersin \u00e7ok g\u00fczel bir yer. \u0130lk kez geldim. Bayram \u00e7ok g\u00fczel ge\u00e7iyor ve \u00e7ok e\u011fleniyoruz.  Kazakistan&#8217;dan gelenlerle arkada\u015f oldum. Buras\u0131 \u00e7ok g\u00fczel bir yer. Mersin&#8217;e 23 Nisan i\u00e7in yeniden gelmek isterim&#8221; diye konu\u015ftu.<\/p>\n<p>\u00c7ocuk Ko\u015fusu \u00e7ok sevildi<\/p>\n<p>&#8216;\u00c7ocuk Ko\u015fusu&#8217;na kat\u0131lanlardan Roza Do\u011fan, festivali ve ko\u015fuyu de\u011ferlendirerek, &#8220;Bence g\u00fczeldi, \u00e7ocuklar i\u00e7in iyi oldu. \u00c7ok kalabal\u0131kt\u0131. Ko\u015ftuk ve e\u011flendik, aktiviteler yapt\u0131k. Ko\u015fuda hepimiz birinci olduk, herkese madalya verildi&#8221; dedi. Festivalin devam etmesini istedi\u011fini s\u00f6yleyen Do\u011fan,  &#8220;Mutlu oldum, devam etmesini isterim&#8221; diye konu\u015ftu.<\/p>\n<p>&#8220;B\u00fct\u00fcn d\u00fcnya \u00e7ocuklar\u0131n\u0131n 23 Nisan&#8217;\u0131 kutlu olsun&#8221;<\/p>\n<p>Ko\u015fuya kat\u0131lan Mira\u00e7 Seyrek, 23 Nisan etkinliklerine kat\u0131ld\u0131\u011f\u0131 i\u00e7in hislerini, &#8220;Bayram g\u00fczel, \u00e7ok sevin\u00e7liyiz. B\u00f6yle bir organizasyon i\u00e7in Vahap Se\u00e7er Ba\u015fkan\u0131m\u0131za te\u015fekk\u00fcr ediyorum&#8221; diyerek ifade ederken; farkl\u0131 \u00fclkelerden gelen \u00e7ocuklar i\u00e7in de &#8220;\u00c7ok mutlu oldum. B\u00fct\u00fcn d\u00fcnya \u00e7ocuklar\u0131n\u0131n 23 Nisan&#8217;\u0131 kutlu olsun&#8221; dedi.<\/p>\n<p>Ay\u015fenur Boz, \u00c7ocuk Ko\u015fusu&#8217;na kat\u0131lanlardan. Olduk\u00e7a mutlu olan Boz, &#8220;Ko\u015fu yapt\u0131k, y\u00fcz boyad\u0131k. \u00c7ok e\u011flenceli ge\u00e7ti. Hepimiz birinci olduk. Herkesin \u00c7ocuk Bayram\u0131 kutlu olsun&#8221; derken, etkinlikte oldu\u011fu i\u00e7in \u00e7ok mutlu oldu\u011funu s\u00f6yleyen \u00e7ocuklardan Ada \u015eenzeybek, &#8220;Kendimi \u00e7ok iyi hissediyorum. Buras\u0131 \u00e7ok g\u00fczel ve \u00e7ok e\u011flendim. 23 Nisan&#8217;\u0131n\u0131z kutlu olsun&#8221; dedi.<\/p>\n<p>&#8220;Mersin&#8217;de bu \u015fekilde bir organizasyon Vahap Bey&#8217;den \u00f6nce olmam\u0131\u015ft\u0131&#8221;<\/p>\n<p>\u00c7ocu\u011fuyla birlikte festivale gelen \u00d6zge Yi\u011fitalp de \u00e7ocu\u011fu k\u00fc\u00e7\u00fck olsa da bayram co\u015fkusunu ya\u015famas\u0131 i\u00e7in getirdiklerini belirterek, &#8220;\u00c7ocu\u011fum bu ortam\u0131 g\u00f6rebildi\u011fi i\u00e7in ben \u00e7ok mutluyum. \u00c7\u00fcnk\u00fc biz \u00e7ocukken etkinlikler daha s\u0131k olurdu. Mersin&#8217;de bir d\u00f6nem duruldu, olmuyordu. Biz de tabi ki kendi \u00e7ocuklu\u011fumuzda ya\u015fad\u0131\u011f\u0131m\u0131z bayram co\u015fkusunu \u00e7ocu\u011fumuzun da g\u00f6rmesinden dolay\u0131 \u00e7ok mutluyuz. Belediye Ba\u015fkan\u0131m\u0131z\u0131n da bize b\u00f6yle bir hizmet vermesinden dolay\u0131 da \u00e7ok mutluyuz. Mersin&#8217;de bu \u015fekilde bir organizasyon Vahap Bey&#8217;den \u00f6nce olmam\u0131\u015ft\u0131. Biz de e\u015fimle eski g\u00fcnlere d\u00f6nd\u00fck ve \u00e7ok mutlu olduk&#8221; ifadelerini kulland\u0131.<\/p>\n<p>Torunuyla birlikte festivale kat\u0131lan Neriman G\u00fcne\u015f, festivalin kendilerine eski bayram g\u00fcnlerini hat\u0131rlatt\u0131\u011f\u0131n\u0131 belirterek, &#8220;\u00c7ok g\u00fczel ge\u00e7iyor. Atat\u00fcrk&#8217;\u00fcm\u00fcz an\u0131ld\u0131\u011f\u0131 ve 23 Nisan kutland\u0131\u011f\u0131 i\u00e7in \u00e7ok mutlu ve huzurluyuz. Eskilere gittim, ayn\u0131 hisleri ya\u015f\u0131yoruz. Atat\u00fcrk&#8217;\u00fcm\u00fcz bu bayram\u0131 \u00e7ocuklara arma\u011fan etmi\u015f. Ne mutlu ki bize, b\u00f6yle bir arma\u011fan\u0131 ya\u015f\u0131yoruz. Duygular\u0131m\u0131 tarif edemiyorum, \u00e7ocuklu\u011fumuza d\u00f6nd\u00fck&#8221; dedi.<\/p>\n<p>\u00c7ocuk Futbol \u015eenli\u011fi&#8217;nde tatl\u0131 m\u00fccadele<\/p>\n<p>Macit \u00d6zcan Spor Kompleksi&#8217;nde Gen\u00e7lik ve Spor Hizmetleri Dairesi taraf\u0131ndan d\u00fczenlenen \u00c7ocuk Futbol \u015eenli\u011fi de tatl\u0131 rekabetin ya\u015fand\u0131\u011f\u0131 bir di\u011fer etkinlik oldu. 8 tak\u0131m\u0131n 25&#8217;er dakika top oynad\u0131\u011f\u0131 etkinlikte \u00e7ocuklar doyas\u0131ya e\u011flendi.<\/p>\n<p>\u015eenli\u011fe kat\u0131lan Mersin B\u00fcy\u00fck\u015fehir Belediyesi Genel Sekreteri Olcay Tok, 23 Nisan dolay\u0131s\u0131yla kentin bir\u00e7ok noktas\u0131nda etkinlikler d\u00fczenlediklerini belirtti. Futbol \u015eenli\u011fi hakk\u0131nda bilgi veren Tok, &#8220;8 tak\u0131m\u0131n\u0131n kat\u0131ld\u0131\u011f\u0131 bir futbol \u015fenli\u011fi d\u00fczenledik. Ulusal Egemenlik ve \u00c7ocuk Bayram\u0131m\u0131z t\u00fcm halk\u0131m\u0131za ve \u00e7ocuklar\u0131m\u0131za kutlu olsun&#8221; dedi.<\/p>\n<p>&#8220;Kazand\u0131k, mutluyuz, e\u011flendik&#8221;<\/p>\n<p>Ma\u00e7\u0131 kazanan Yeni\u015fehir \u0130dman Yurdu tak\u0131m\u0131ndan Ali Kaan Kara, &#8220;Kazand\u0131k, mutluyuz, e\u011flendik. \u00c7ok g\u00fczel bir turnuvayd\u0131&#8221; dedi. Kara ve tak\u0131m arkada\u015flar\u0131 Ba\u015fkan Se\u00e7er&#8217;i antrenmanlar\u0131na davet etti.<\/p>\n<p>Macit \u00d6zcan Spor Kompleksi&#8217;nde yap\u0131lan \u00c7ocuk Futbol \u015eenli\u011fi&#8217;ne kat\u0131lanlardan Kubilay \u00c7elik, &#8220;23 Nisan&#8217;da b\u00f6yle bir turnuvan\u0131n d\u00fczenlenmesi benim i\u00e7in \u00e7ok g\u00fczel bir \u015fey. Te\u015fekk\u00fcr ederim&#8221; derken, \u00d6mer Kayra Y\u0131ld\u0131z da, &#8220;\u00c7ocuklar\u0131n g\u00fcn\u00fcnde b\u00f6yle bir turnuva bana g\u00fczel bir duygu veriyor. Ba\u015fkan\u0131m\u0131za te\u015fekk\u00fcr ederiz&#8221; diye konu\u015ftu. Top ko\u015fturan \u00e7ocuklardan bir di\u011feri de Eymen Ege Y\u00f6n ise, &#8220;Buraya e\u011flenmeye geldik. 23 Nisan&#8217;da, \u00e7ocuklar\u0131n g\u00fcn\u00fcnde Vahap Ba\u015fkan\u0131m\u0131z turnuva d\u00fczenlemi\u015f \u00e7ok mutluyuz&#8221; diye konu\u015ftu.<\/p>\n<p>Rusya&#8217;dan gelen Roman \u00c7ennikov da ya\u015f\u0131tlar\u0131yla birlikte hem top oynad\u0131 hem 23 Nisan&#8217;\u0131 kutlad\u0131. Olduk\u00e7a mutlu olan \u00c7ennikov, &#8220;23 Nisan Ulusal Egemenlik ve \u00c7ocuk Bayram\u0131 kutlu olsun&#8221; dedi.<\/p>\n","protected":false},"excerpt":{"rendered":"<p>Mersin B\u00fcy\u00fck\u015fehir Belediyesi taraf\u0131ndan 23 Nisan Ulusal Egemenlik ve \u00c7ocuk Bayram\u0131 dolay\u0131s\u0131yla bu y\u0131l ilki ger\u00e7ekle\u015ftirilen &#8216;Uluslararas\u0131 Mersin \u00c7ocuk Festivali&#8217; ile kentteki bayram co\u015fkusu d\u00f6rt bir yan\u0131 sard\u0131. Festival kapsam\u0131nda Mersin&#8217;e gelen 14 \u00fclkeden 350 \u00e7ocuk, kendi \u00fclkelerine ait g\u00f6sterilerle izleyenlere unutulmaz bir bayram ya\u015fatarak izleyenleri adeta b\u00fcy\u00fcledi. D\u00fcnya \u00e7ocuklar\u0131 Mersin&#8217;de bulu\u015ftu K\u00fclt\u00fcr ve Sosyal [&hellip;]<\/p>\n","protected":false},"author":2,"featured_media":32183,"comment_status":"open","ping_status":"open","sticky":false,"template":"","format":"standard","meta":{"footnotes":""},"categories":[3,5],"tags":[],"class_list":["post-32182","post","type-post","status-publish","format-standard","has-post-thumbnail","hentry","category-manset","category-mersin"],"views":6,"_links":{"self":[{"href":"https:\/\/mersinkadingazetesi.com\/index.php?rest_route=\/wp\/v2\/posts\/32182"}],"collection":[{"href":"https:\/\/mersinkadingazetesi.com\/index.php?rest_route=\/wp\/v2\/posts"}],"about":[{"href":"https:\/\/mersinkadingazetesi.com\/index.php?rest_route=\/wp\/v2\/types\/post"}],"author":[{"embeddable":true,"href":"https:\/\/mersinkadingazetesi.com\/index.php?rest_route=\/wp\/v2\/users\/2"}],"replies":[{"embeddable":true,"href":"https:\/\/mersinkadingazetesi.com\/index.php?rest_route=%2Fwp%2Fv2%2Fcomments&post=32182"}],"version-history":[{"count":0,"href":"https:\/\/mersinkadingazetesi.com\/index.php?rest_route=\/wp\/v2\/posts\/32182\/revisions"}],"wp:featuredmedia":[{"embeddable":true,"href":"https:\/\/mersinkadingazetesi.com\/index.php?rest_route=\/wp\/v2\/media\/32183"}],"wp:attachment":[{"href":"https:\/\/mersinkadingazetesi.com\/index.php?rest_route=%2Fwp%2Fv2%2Fmedia&parent=32182"}],"wp:term":[{"taxonomy":"category","embeddable":true,"href":"https:\/\/mersinkadingazetesi.com\/index.php?rest_route=%2Fwp%2Fv2%2Fcategories&post=32182"},{"taxonomy":"post_tag","embeddable":true,"href":"https:\/\/mersinkadingazetesi.com\/index.php?rest_route=%2Fwp%2Fv2%2Ftags&post=32182"}],"curies":[{"name":"wp","href":"https:\/\/api.w.org\/{rel}","templated":true}]}}