{"id":32200,"date":"2024-04-25T12:36:24","date_gmt":"2024-04-25T09:36:24","guid":{"rendered":"http:\/\/mersinkadingazetesi.com\/?p=32200"},"modified":"2024-04-25T12:36:24","modified_gmt":"2024-04-25T09:36:24","slug":"tadekadan-sanat-guzellestirir-karma-resim-sergisi","status":"publish","type":"post","link":"https:\/\/mersinkadingazetesi.com\/?p=32200","title":{"rendered":"TADEKA&#8217;DAN &#8220;SANAT G\u00dcZELLE\u015eT\u0130R\u0130R&#8221; KARMA RES\u0130M SERG\u0130S\u0130"},"content":{"rendered":"<p>Mersin B\u00fcy\u00fck\u015fehir Belediyesi K\u00fclt\u00fcr ve Sosyal \u0130\u015fler Dairesi Ba\u015fkanl\u0131\u011f\u0131 b\u00fcnyesindeki Tarsus&#8217;a De\u011ferler Katanlar Kurulu (TADEKA) taraf\u0131ndan sanatsal etkinlikler t\u00fcm h\u0131z\u0131yla devam ediyor.<\/p>\n<p>TADEKA&#8217;n\u0131n \u00f6nc\u00fcl\u00fc\u011f\u00fcnde D\u00fcnya Sanat G\u00fcn\u00fc&#8217;ne \u00f6zel olarak haz\u0131rlanan ve bir\u00e7ok sanat\u00e7\u0131n\u0131n eserinin yer ald\u0131\u011f\u0131 &#8220;Sanat G\u00fczelle\u015ftirir&#8221; adl\u0131 karma resim sergisi Mehmet Bal Sanat Galerisi&#8217;nde a\u00e7\u0131ld\u0131. A\u00e7\u0131l\u0131\u015fa B\u00fcy\u00fck\u015fehir Belediyesi Kent Kat\u0131l\u0131m\u0131 ve Sivil Toplum ile \u0130li\u015fkiler \u015eube M\u00fcd\u00fcr\u00fc Ba\u015far Ak\u00e7a, TADEKA \u00fcyeleri, siyasi parti temsilcileri ve sanatseverler kat\u0131ld\u0131.<\/p>\n<p>Bir\u00e7o\u011fu B\u00fcy\u00fck\u015fehir Belediyesi taraf\u0131ndan 8 Mart D\u00fcnya Kad\u0131nlar G\u00fcn\u00fc&#8217;ne \u00f6zel Berdan Konukevi&#8217;nde 2 g\u00fcn s\u00fcren resim \u00e7al\u0131\u015ftay\u0131nda ortaya \u00e7\u0131kan eserden olu\u015fan sergi 30 Nisan&#8217;a kadar a\u00e7\u0131k kalacak.<\/p>\n<p>Nurettin G\u00f6zen: &#8220;Sanat yapmay\u0131 herkese tavsiye ediyorum&#8221;<\/p>\n<p>Serginin k\u00fcrat\u00f6rl\u00fc\u011f\u00fcn\u00fc yapan ressam Nurettin G\u00f6zen, a\u00e7\u0131l\u0131\u015fta yapt\u0131\u011f\u0131 konu\u015fmada, eserlerin bir\u00e7o\u011funun 8 Mart D\u00fcnya Kad\u0131nlar G\u00fcn\u00fc&#8217;ne \u00f6zel olarak ger\u00e7ekle\u015fen at\u00f6lye \u00e7al\u0131\u015fmalar\u0131nda yap\u0131ld\u0131\u011f\u0131n\u0131 ifade ederek, &#8220;Herkesin eline sa\u011fl\u0131k. Bundan sonra devam edecek, daha g\u00fczel \u015feyler yapaca\u011f\u0131z. Sanat iyile\u015ftirir, sanat moral verir, sanat insan\u0131 g\u00fczelle\u015ftirir. Sanat yapmay\u0131 herkese tavsiye ediyorum&#8221; dedi.<\/p>\n<p>\u015eerife Haso\u011flu Dokucu: &#8220;\u00c7al\u0131\u015fmalar\u0131n tamam\u0131na ful destek olaca\u011f\u0131z&#8221;<\/p>\n<p>Mersin B\u00fcy\u00fck\u015fehir Belediyesi Kad\u0131n ve Aile Hizmetleri Dairesi Ba\u015fkan\u0131 \u015eerife Haso\u011flu Dokucu, yap\u0131lan \u00e7al\u0131\u015fmalarla Mersin&#8217;in \u00e7ok daha ilerilere gidece\u011fini kaydederek, &#8220;Hep birlikte bu \u00e7at\u0131 alt\u0131nda sanat \u00e7al\u0131\u015fmalar\u0131 yapmak bizim i\u00e7in \u00e7ok b\u00fcy\u00fck bir f\u0131rsat. \u00d6zellikle Kad\u0131n ve Aile Hizmetleri Dairesi&#8217;nde oldu\u011fumuz i\u00e7in TADEKA \u00e7at\u0131s\u0131 alt\u0131nda kad\u0131n \u00e7al\u0131\u015fmalar\u0131n\u0131n tamam\u0131na destek olaca\u011f\u0131z. Dernekler baz\u0131nda yeni projelerle geliyoruz&#8221; diye konu\u015ftu.<\/p>\n<p>Seda Y\u0131k\u0131lmazpehlivan: &#8220;Sergilemenin gururunu ya\u015f\u0131yoruz&#8221;<\/p>\n<p>Sanat\u00e7\u0131lardan Seda Y\u0131k\u0131lmazpehlivan da, B\u00fcy\u00fck\u015fehir Belediyesi taraf\u0131ndan 8 Mart D\u00fcnya Kad\u0131nlar G\u00fcn\u00fc&#8217;ne \u00f6zel olarak Berdan Konuk Evi&#8217;nde ger\u00e7ekle\u015ftirilen resim kamp\u0131na da kat\u0131ld\u0131\u011f\u0131n\u0131 belirterek, &#8220;57 ressam\u0131n kat\u0131ld\u0131\u011f\u0131 \u00e7al\u0131\u015ftayda 75 k\u00fcsur resim ortaya \u00e7\u0131kt\u0131. Onlardan iki tanesi de bana ait. Hem keyifli bir organizasyon i\u00e7erisinde yer ald\u0131k hem anlaml\u0131 bir g\u00fcne, anlaml\u0131 resimler \u00fcretmeye \u00e7al\u0131\u015ft\u0131k. Biz \u00e7ok e\u011flendik. Bu de\u011feri g\u00f6rmekten de mutlu olduk. Bug\u00fcn de sergilemenin gururunu ya\u015f\u0131yoruz&#8221; \u015feklinde konu\u015ftu.<\/p>\n","protected":false},"excerpt":{"rendered":"<p>Mersin B\u00fcy\u00fck\u015fehir Belediyesi K\u00fclt\u00fcr ve Sosyal \u0130\u015fler Dairesi Ba\u015fkanl\u0131\u011f\u0131 b\u00fcnyesindeki Tarsus&#8217;a De\u011ferler Katanlar Kurulu (TADEKA) taraf\u0131ndan sanatsal etkinlikler t\u00fcm h\u0131z\u0131yla devam ediyor. TADEKA&#8217;n\u0131n \u00f6nc\u00fcl\u00fc\u011f\u00fcnde D\u00fcnya Sanat G\u00fcn\u00fc&#8217;ne \u00f6zel olarak haz\u0131rlanan ve bir\u00e7ok sanat\u00e7\u0131n\u0131n eserinin yer ald\u0131\u011f\u0131 &#8220;Sanat G\u00fczelle\u015ftirir&#8221; adl\u0131 karma resim sergisi Mehmet Bal Sanat Galerisi&#8217;nde a\u00e7\u0131ld\u0131. A\u00e7\u0131l\u0131\u015fa B\u00fcy\u00fck\u015fehir Belediyesi Kent Kat\u0131l\u0131m\u0131 ve Sivil Toplum [&hellip;]<\/p>\n","protected":false},"author":2,"featured_media":32201,"comment_status":"open","ping_status":"open","sticky":false,"template":"","format":"standard","meta":{"footnotes":""},"categories":[1,2,3,5],"tags":[],"class_list":["post-32200","post","type-post","status-publish","format-standard","has-post-thumbnail","hentry","category-genel","category-gundem","category-manset","category-mersin"],"views":11,"_links":{"self":[{"href":"https:\/\/mersinkadingazetesi.com\/index.php?rest_route=\/wp\/v2\/posts\/32200"}],"collection":[{"href":"https:\/\/mersinkadingazetesi.com\/index.php?rest_route=\/wp\/v2\/posts"}],"about":[{"href":"https:\/\/mersinkadingazetesi.com\/index.php?rest_route=\/wp\/v2\/types\/post"}],"author":[{"embeddable":true,"href":"https:\/\/mersinkadingazetesi.com\/index.php?rest_route=\/wp\/v2\/users\/2"}],"replies":[{"embeddable":true,"href":"https:\/\/mersinkadingazetesi.com\/index.php?rest_route=%2Fwp%2Fv2%2Fcomments&post=32200"}],"version-history":[{"count":0,"href":"https:\/\/mersinkadingazetesi.com\/index.php?rest_route=\/wp\/v2\/posts\/32200\/revisions"}],"wp:featuredmedia":[{"embeddable":true,"href":"https:\/\/mersinkadingazetesi.com\/index.php?rest_route=\/wp\/v2\/media\/32201"}],"wp:attachment":[{"href":"https:\/\/mersinkadingazetesi.com\/index.php?rest_route=%2Fwp%2Fv2%2Fmedia&parent=32200"}],"wp:term":[{"taxonomy":"category","embeddable":true,"href":"https:\/\/mersinkadingazetesi.com\/index.php?rest_route=%2Fwp%2Fv2%2Fcategories&post=32200"},{"taxonomy":"post_tag","embeddable":true,"href":"https:\/\/mersinkadingazetesi.com\/index.php?rest_route=%2Fwp%2Fv2%2Ftags&post=32200"}],"curies":[{"name":"wp","href":"https:\/\/api.w.org\/{rel}","templated":true}]}}