{"id":32225,"date":"2024-04-26T12:51:21","date_gmt":"2024-04-26T09:51:21","guid":{"rendered":"http:\/\/mersinkadingazetesi.com\/?p=32225"},"modified":"2024-04-26T12:51:21","modified_gmt":"2024-04-26T09:51:21","slug":"unutulmaz-turk-filmlerinin-afisleri-tadekada-sergileniyor","status":"publish","type":"post","link":"https:\/\/mersinkadingazetesi.com\/?p=32225","title":{"rendered":"UNUTULMAZ T\u00dcRK F\u0130LMLER\u0130N\u0130N AF\u0130\u015eLER\u0130 TADEKA&#8217;DA SERG\u0130LEN\u0130YOR"},"content":{"rendered":"<p>Tarsuslu olan ve T\u00fcrkiye&#8217;nin yeti\u015ftirdi\u011fi de\u011ferli ressam ve ill\u00fcstrasyon sanat\u00e7\u0131lar\u0131ndan Mehmet Bal, vefat\u0131n\u0131n 10. y\u0131ld\u00f6n\u00fcm\u00fcnde, Mersin B\u00fcy\u00fck\u015fehir Belediyesi K\u00fclt\u00fcr ve Sosyal \u0130\u015fler Dairesi Ba\u015fkanl\u0131\u011f\u0131 b\u00fcnyesindeki Tarsus&#8217;a De\u011ferler Katanlar Kurulu (TADEKA) binas\u0131nda d\u00fczenlenen &#8216;S\u00f6yle\u015fi ve Film Afi\u015fleri Sergisi&#8217; program\u0131nda an\u0131ld\u0131.<\/p>\n<p>T\u00fcrk sinemas\u0131n\u0131n unutulmaz filmlerinin afi\u015flerini \u00e7izen Mehmet Bal&#8217;\u0131n eserlerinin TADEKA binas\u0131nda sergilendi\u011fi programa, sevenleri ve sanatseverler ilgi g\u00f6sterdi.<\/p>\n<p>Mehmet Bal&#8217;\u0131n yak\u0131n dostu olan ve programa konu\u015fmac\u0131 olarak kat\u0131lan yazar Hikmet \u00d6z&#8217;\u00fcn slayt e\u015fli\u011finde ger\u00e7ekle\u015ftirdi\u011fi sunumda; Mehmet Bal&#8217;\u0131n \u00e7ocukluk y\u0131llar\u0131ndan ba\u015flayarak, hayat\u0131ndan kesitler sunuldu. Konu\u015fmac\u0131 Hikmet \u00d6z; ressam ve karikat\u00fcr \u00e7izim \u00f6zelli\u011finin yan\u0131 s\u0131ra, merhum Mehmet Bal&#8217;\u0131n Tarsus Nusret May\u0131n Gemisi \u00c7anakkale M\u00fczesi&#8217;ne 12 b\u00fcy\u00fck boy tablo yapt\u0131\u011f\u0131n\u0131 ve Atat\u00fcrk&#8217;\u00fcn Tarsus&#8217;a geli\u015fini resmetti\u011fi eserlerinin bir kitapta topland\u0131\u011f\u0131n\u0131 s\u00f6yledi.<\/p>\n<p>\u00d6z: &#8220;Mehmet Bal, T\u00fcrkiye&#8217;nin yeti\u015ftirdi\u011fi \u00e7ok iyi bir ill\u00fcstrasyon ressam\u0131yd\u0131&#8221;<\/p>\n<p>Sunumu b\u00fcy\u00fck be\u011feni toplayan yazar Hikmet \u00d6z, merhum Mehmet Bal&#8217;\u0131n T\u00fcrkiye&#8217;nin yeti\u015ftirdi\u011fi en \u00fcnl\u00fc ill\u00fcstrasyon ressamlar\u0131ndan birisi oldu\u011funu kaydederek, &#8220;Mehmet Bal, T\u00fcrkiye&#8217;nin ve Tarsus&#8217;un yeti\u015ftirdi\u011fi nadir insanlardan biridir. \u00c7ok iyi bir ill\u00fcstrasyon ressam\u0131yd\u0131. O&#8217;nun muhte\u015fem eserleri vard\u0131r. \u0130lk \u00e7al\u0131\u015fmalar\u0131 afi\u015f \u00e7al\u0131\u015fmalar\u0131 olmu\u015ftur. Daha sonra \u0130stanbul&#8217;da b\u00fcy\u00fck boyda sinema afi\u015fleri yapmaya ba\u015flad\u0131. Ancak 1980 y\u0131l\u0131ndan sonra esas karakterini ortaya koyan; sinema afi\u015flerinin de verdi\u011fi bir deneme ve tecr\u00fcbeyle Atat\u00fcrk resimleri yapmaya ba\u015flad\u0131. Atat\u00fcrk&#8217;\u00fcn hayat hikayesini de resimledi&#8221; dedi.<\/p>\n<p>&#8220;Mehmet Bal, \u00fclke i\u00e7in ger\u00e7ekten \u00e7ok g\u00fczel \u015feyler yapt\u0131&#8221;<\/p>\n<p>Hikmet \u00d6z, Mehmet Bal&#8217;\u0131n Atat\u00fcrk&#8217;\u00fcn Tarsus ziyaretini resmetti\u011fi \u00e7al\u0131\u015fmalar\u0131n\u0131n daha sonra kitapla\u015ft\u0131r\u0131ld\u0131\u011f\u0131n\u0131 da s\u00f6zlerine ekleyerek, &#8220;Bu \u00e7al\u0131\u015fman\u0131n en g\u00fczeli ve en b\u00fcy\u00fc\u011f\u00fc, 2013 y\u0131l\u0131nda Tarsus Belediyesi taraf\u0131ndan bas\u0131ld\u0131 ve ortaya \u00e7\u0131kart\u0131ld\u0131. Muhte\u015fem bir kitap olan bu kitab\u0131 Mehmet Bal da \u00e7ok be\u011fendi. Mehmet Bal, bu kitaptan sonra art\u0131k bir \u015fey yapmayaca\u011f\u0131n\u0131 s\u00f6yledi. Zaten bir y\u0131l sonra da vefat etti. \u00c7ok g\u00fczel bir insand\u0131 ve \u00fclke i\u00e7in ger\u00e7ekten g\u00fczel \u015feyler yapt\u0131&#8221; ifadelerini kulland\u0131.<\/p>\n","protected":false},"excerpt":{"rendered":"<p>Tarsuslu olan ve T\u00fcrkiye&#8217;nin yeti\u015ftirdi\u011fi de\u011ferli ressam ve ill\u00fcstrasyon sanat\u00e7\u0131lar\u0131ndan Mehmet Bal, vefat\u0131n\u0131n 10. y\u0131ld\u00f6n\u00fcm\u00fcnde, Mersin B\u00fcy\u00fck\u015fehir Belediyesi K\u00fclt\u00fcr ve Sosyal \u0130\u015fler Dairesi Ba\u015fkanl\u0131\u011f\u0131 b\u00fcnyesindeki Tarsus&#8217;a De\u011ferler Katanlar Kurulu (TADEKA) binas\u0131nda d\u00fczenlenen &#8216;S\u00f6yle\u015fi ve Film Afi\u015fleri Sergisi&#8217; program\u0131nda an\u0131ld\u0131. T\u00fcrk sinemas\u0131n\u0131n unutulmaz filmlerinin afi\u015flerini \u00e7izen Mehmet Bal&#8217;\u0131n eserlerinin TADEKA binas\u0131nda sergilendi\u011fi programa, sevenleri ve sanatseverler [&hellip;]<\/p>\n","protected":false},"author":2,"featured_media":32226,"comment_status":"open","ping_status":"open","sticky":false,"template":"","format":"standard","meta":{"footnotes":""},"categories":[2,3],"tags":[],"class_list":["post-32225","post","type-post","status-publish","format-standard","has-post-thumbnail","hentry","category-gundem","category-manset"],"views":10,"_links":{"self":[{"href":"https:\/\/mersinkadingazetesi.com\/index.php?rest_route=\/wp\/v2\/posts\/32225"}],"collection":[{"href":"https:\/\/mersinkadingazetesi.com\/index.php?rest_route=\/wp\/v2\/posts"}],"about":[{"href":"https:\/\/mersinkadingazetesi.com\/index.php?rest_route=\/wp\/v2\/types\/post"}],"author":[{"embeddable":true,"href":"https:\/\/mersinkadingazetesi.com\/index.php?rest_route=\/wp\/v2\/users\/2"}],"replies":[{"embeddable":true,"href":"https:\/\/mersinkadingazetesi.com\/index.php?rest_route=%2Fwp%2Fv2%2Fcomments&post=32225"}],"version-history":[{"count":0,"href":"https:\/\/mersinkadingazetesi.com\/index.php?rest_route=\/wp\/v2\/posts\/32225\/revisions"}],"wp:featuredmedia":[{"embeddable":true,"href":"https:\/\/mersinkadingazetesi.com\/index.php?rest_route=\/wp\/v2\/media\/32226"}],"wp:attachment":[{"href":"https:\/\/mersinkadingazetesi.com\/index.php?rest_route=%2Fwp%2Fv2%2Fmedia&parent=32225"}],"wp:term":[{"taxonomy":"category","embeddable":true,"href":"https:\/\/mersinkadingazetesi.com\/index.php?rest_route=%2Fwp%2Fv2%2Fcategories&post=32225"},{"taxonomy":"post_tag","embeddable":true,"href":"https:\/\/mersinkadingazetesi.com\/index.php?rest_route=%2Fwp%2Fv2%2Ftags&post=32225"}],"curies":[{"name":"wp","href":"https:\/\/api.w.org\/{rel}","templated":true}]}}