{"id":32246,"date":"2024-04-28T10:43:46","date_gmt":"2024-04-28T07:43:46","guid":{"rendered":"http:\/\/mersinkadingazetesi.com\/?p=32246"},"modified":"2024-04-28T10:43:46","modified_gmt":"2024-04-28T07:43:46","slug":"es-baskan-sariyildiz-ilk-nikahini-kiydi","status":"publish","type":"post","link":"https:\/\/mersinkadingazetesi.com\/?p=32246","title":{"rendered":"E\u015e BA\u015eKAN SARIYILDIZ \u0130LK N\u0130KAHINI KIYDI"},"content":{"rendered":"<p>Akdeniz Belediye E\u015f Ba\u015fkan\u0131 Ho\u015fyar Sar\u0131y\u0131ld\u0131z, yerel se\u00e7imlerin sonras\u0131nda g\u00f6reve ba\u015flamas\u0131n\u0131n ard\u0131ndan ilk nikah\u0131n\u0131 k\u0131y\u0131p Seher Askay ile Salih Ak\u0131n \u00e7iftinin ve ailelerinin mutlulu\u011funa ortak oldu.<br \/>\nAkdeniz Belediyesi Nikah Salonu\u2019nda ger\u00e7ekle\u015fen t\u00f6rende E\u015f Ba\u015fkan Sar\u0131y\u0131ld\u0131z, gen\u00e7 \u00e7iftlere nikah c\u00fczdanlar\u0131n\u0131 vererek \u00f6m\u00fcr boyu sa\u011fl\u0131k ve mutluluk diledi. Evlilikte, kar\u015f\u0131l\u0131kl\u0131 sevgi ve sayg\u0131n\u0131n korunmas\u0131n\u0131n \u00f6nemine dikkat \u00e7eken Sar\u0131y\u0131ld\u0131z; \u201cGen\u00e7 arkada\u015flar\u0131m\u0131z\u0131n evlili\u011fini ger\u00e7ekle\u015ftirdi\u011fimiz bu t\u00f6ren, ayn\u0131 zamanda belediye ba\u015fkan\u0131 olarak da k\u0131ym\u0131\u015f oldu\u011fumuz ilk nikah. Bu vesileyle \u00e7iftimizin ve ailelerinin sevin\u00e7lerini, heyecan ve mutluluklar\u0131n\u0131 da payla\u015fm\u0131\u015f olduk.<br \/>\nMutlu ve huzurlu bir evlili\u011fin s\u0131rr\u0131, kar\u015f\u0131l\u0131kl\u0131 sevgi, sayg\u0131 ve dayan\u0131\u015fma i\u00e7inde olabilmektir. Dilerim gen\u00e7 \u00e7iftimiz g\u00fczel bir birliktelik ya\u015fay\u0131p, kendilerine, aileleri ve halk\u0131m\u0131za hay\u0131rl\u0131 evlatlar yeti\u015ftirir. G\u00fczel ve \u00f6rnek bir evlili\u011fe ad\u0131m atman\u0131z\u0131 diliyorum. Evlili\u011finizin hay\u0131rl\u0131 olmas\u0131n\u0131 diliyor, sizlere, ailelerinize ve sevdiklerinize \u00f6m\u00fcr boyu sa\u011fl\u0131k ve mutluluklar diliyorum\u201d dedi.<br \/>\nAkdeniz Belediyesi E\u015f Ba\u015fkan\u0131 Ho\u015fyar Sar\u0131y\u0131ld\u0131z, evlili\u011fe ad\u0131m atan gen\u00e7lerden ve \u015fahitlerden onay ald\u0131ktan sonra \u00e7iftin nikah\u0131n\u0131 ger\u00e7ekle\u015ftirdi, ard\u0131ndan aile c\u00fczdan\u0131n\u0131 solandan y\u00fckselen alk\u0131\u015flar alt\u0131nda geline teslim etti.<\/p>\n","protected":false},"excerpt":{"rendered":"<p>Akdeniz Belediye E\u015f Ba\u015fkan\u0131 Ho\u015fyar Sar\u0131y\u0131ld\u0131z, yerel se\u00e7imlerin sonras\u0131nda g\u00f6reve ba\u015flamas\u0131n\u0131n ard\u0131ndan ilk nikah\u0131n\u0131 k\u0131y\u0131p Seher Askay ile Salih Ak\u0131n \u00e7iftinin ve ailelerinin mutlulu\u011funa ortak oldu. Akdeniz Belediyesi Nikah Salonu\u2019nda ger\u00e7ekle\u015fen t\u00f6rende E\u015f Ba\u015fkan Sar\u0131y\u0131ld\u0131z, gen\u00e7 \u00e7iftlere nikah c\u00fczdanlar\u0131n\u0131 vererek \u00f6m\u00fcr boyu sa\u011fl\u0131k ve mutluluk diledi. Evlilikte, kar\u015f\u0131l\u0131kl\u0131 sevgi ve sayg\u0131n\u0131n korunmas\u0131n\u0131n \u00f6nemine dikkat \u00e7eken [&hellip;]<\/p>\n","protected":false},"author":2,"featured_media":32247,"comment_status":"open","ping_status":"open","sticky":false,"template":"","format":"standard","meta":{"footnotes":""},"categories":[3],"tags":[],"class_list":["post-32246","post","type-post","status-publish","format-standard","has-post-thumbnail","hentry","category-manset"],"views":5,"_links":{"self":[{"href":"https:\/\/mersinkadingazetesi.com\/index.php?rest_route=\/wp\/v2\/posts\/32246"}],"collection":[{"href":"https:\/\/mersinkadingazetesi.com\/index.php?rest_route=\/wp\/v2\/posts"}],"about":[{"href":"https:\/\/mersinkadingazetesi.com\/index.php?rest_route=\/wp\/v2\/types\/post"}],"author":[{"embeddable":true,"href":"https:\/\/mersinkadingazetesi.com\/index.php?rest_route=\/wp\/v2\/users\/2"}],"replies":[{"embeddable":true,"href":"https:\/\/mersinkadingazetesi.com\/index.php?rest_route=%2Fwp%2Fv2%2Fcomments&post=32246"}],"version-history":[{"count":0,"href":"https:\/\/mersinkadingazetesi.com\/index.php?rest_route=\/wp\/v2\/posts\/32246\/revisions"}],"wp:featuredmedia":[{"embeddable":true,"href":"https:\/\/mersinkadingazetesi.com\/index.php?rest_route=\/wp\/v2\/media\/32247"}],"wp:attachment":[{"href":"https:\/\/mersinkadingazetesi.com\/index.php?rest_route=%2Fwp%2Fv2%2Fmedia&parent=32246"}],"wp:term":[{"taxonomy":"category","embeddable":true,"href":"https:\/\/mersinkadingazetesi.com\/index.php?rest_route=%2Fwp%2Fv2%2Fcategories&post=32246"},{"taxonomy":"post_tag","embeddable":true,"href":"https:\/\/mersinkadingazetesi.com\/index.php?rest_route=%2Fwp%2Fv2%2Ftags&post=32246"}],"curies":[{"name":"wp","href":"https:\/\/api.w.org\/{rel}","templated":true}]}}