{"id":32249,"date":"2024-04-28T10:45:04","date_gmt":"2024-04-28T07:45:04","guid":{"rendered":"http:\/\/mersinkadingazetesi.com\/?p=32249"},"modified":"2024-04-28T10:45:04","modified_gmt":"2024-04-28T07:45:04","slug":"mersin-buyuksehir-erdemlili-cocuklara-23-nisan-coskusunu-bir-kez-daha-yasatti","status":"publish","type":"post","link":"https:\/\/mersinkadingazetesi.com\/?p=32249","title":{"rendered":"MERS\u0130N B\u00dcY\u00dcK\u015eEH\u0130R ERDEML\u0130L\u0130 \u00c7OCUKLARA 23 N\u0130SAN CO\u015eKUSUNU B\u0130R KEZ DAHA YA\u015eATTI"},"content":{"rendered":"<p>Mersin B\u00fcy\u00fck\u015fehir Belediyesi \u00e7ocuklara 23 Nisan ruhunu ya\u015fatmaya devam ediyor. B\u00fcy\u00fck\u015fehir Belediyesi Kad\u0131n ve Aile Hizmetleri Dairesi \u00f6nc\u00fcl\u00fc\u011f\u00fcnde Erdemli il\u00e7esinde yer alan bir ilk\u00f6\u011fretim okulunun etkinlik iste\u011fi yerine getirildi. Okulun bah\u00e7esinde kurulan etkinlik alan\u0131nda \u00e7ocuklar g\u00f6n\u00fcllerince e\u011flendi.<\/p>\n<p>\u00c7ocuklar 23 Nisan&#8217;\u0131 bir kez daha ya\u015fad\u0131<\/p>\n<p>Erdemli&#8217;nin Tapureli Mahallesi&#8217;nde yer alan \u015eehit Ali \u0130hsan \u00d6ger \u0130lkokulu&#8217;nun talebi \u00fczerine harekete ge\u00e7en B\u00fcy\u00fck\u015fehir, okulun bah\u00e7esine \u015fi\u015fme oyun grubu kurdu. Yakla\u015f\u0131k 300 \u00e7ocuk kendileri i\u00e7in kurulan etkinlik stantlar\u0131nda y\u00fcz boyama yapt\u0131r\u0131rken, patlam\u0131\u015f m\u0131s\u0131r ve pamuk \u015fekeri ikramlar\u0131n\u0131 ald\u0131. Ulu \u00d6nder Mustafa Kemal Atat\u00fcrk&#8217;\u00fcn resminin bas\u0131l\u0131 oldu\u011fu ti\u015f\u00f6rtler ve balon da\u011f\u0131t\u0131m\u0131n\u0131n yap\u0131ld\u0131\u011f\u0131 etkinlikte ayr\u0131ca \u00e7ocuklara e\u011flenceli m\u00fczik dinletisi ger\u00e7ekle\u015ftirildi.<\/p>\n<p>&#8220;Bug\u00fcn ayn\u0131 23 Nisan gibi&#8221;<\/p>\n<p>\u00d6\u011frencilerden M\u00fcsl\u00fcme \u0130kra Badaz, oyun gruplar\u0131nda \u00e7ok e\u011flendiklerini anlatarak,  &#8220;Bug\u00fcn \u015fi\u015fme park getirdiler, hediyeler getirdiler. E\u011flendirdiler bizi \u00e7ok g\u00fczeldi. Bug\u00fcn ayn\u0131 23 Nisan gibi. 23 Nisan&#8217;da \u015fenlik yapmasak da bug\u00fcn 23 Nisan gibi geliyor bana. Bize \u015fi\u015fme park ve hediyeler getirdi\u011fi i\u00e7in Ba\u015fkan\u0131m\u0131z Vahap Se\u00e7er&#8217;e te\u015fekk\u00fcr ederim&#8221; dedi.<\/p>\n<p>&#8220;Bizim sevincimize ortak oluyorlar&#8221;<\/p>\n<p>5. s\u0131n\u0131f \u00f6\u011frencisi E\u015fe Sahra Ta\u015f, &#8220;B\u00fcy\u00fck\u015fehir ekipleri oynayabilecek yerler kurdular ve e\u011fleniyoruz. Ben de \u00e7ok e\u011flendim. Bu e\u011flence g\u00fczel bir \u015fey. Bizim sevincimize ortak oluyorlar. Seviniyoruz, mutlu oluyoruz. Burada b\u00fcy\u00fckler de mutlu oluyor&#8221; dedi. Ta\u015f, &#8220;Ba\u015fkan\u0131m\u0131z Vahap Se\u00e7er&#8217;e buradan selamlar\u0131m\u0131 yolluyorum ve te\u015fekk\u00fcr ediyorum&#8221; diye konu\u015ftu.<\/p>\n<p>&#8220;Ben burada \u00e7ok e\u011flendim&#8221;<\/p>\n<p>9 ya\u015f\u0131ndaki Toprak \u00d6rs,  &#8220;Bug\u00fcn \u00e7ok g\u00fczel ge\u00e7iyor. Bug\u00fcn mutluyum&#8221;  ifadelerini kullanarak Ba\u015fkan Se\u00e7er&#8217;e te\u015fekk\u00fcr etti. Mustafa Kaan Kurt da, &#8220;Burada kayd\u0131raklar, z\u0131pz\u0131plar var. Ben burada \u00e7ok e\u011flendim. \u00c7ok g\u00fczel olmu\u015f.  B\u00fcy\u00fck\u015fehir Belediyesi&#8217;ne \u00e7ok te\u015fekk\u00fcr ediyorum. Bunlar\u0131 yapmalar\u0131 \u00e7ok g\u00fczel olmu\u015f ve onlara buradan sayg\u0131lar diliyorum&#8221; dedi.<\/p>\n<p>Emine Seda G\u00fcl de kat\u0131ld\u0131\u011f\u0131 aktiviteleri anlatarak, &#8220;B\u00fcy\u00fck\u015fehir Belediyesi&#8217;nden geldiler ve e\u011flence yapt\u0131lar. Y\u00fcz\u00fcme y\u00fcz boyamas\u0131 yapt\u0131rd\u0131m. Bug\u00fcn \u00e7ok e\u011flendim&#8221; derken, Ya\u011fmur Do\u011fan ise &#8220;Parkurda e\u011flendik. Y\u00fczlerimizi boyad\u0131lar. \u00c7ok e\u011flenceli bir yer. Derslerden bunalm\u0131\u015ft\u0131k. Bize de farkl\u0131l\u0131k oldu. Te\u015fekk\u00fcr ediyoruz&#8221; ifadelerine yer verdi.<\/p>\n<p>&#8220;\u00c7ocuklar\u0131n y\u00fczleri g\u00fcl\u00fcyor, onlar g\u00fcl\u00fcnce biz de g\u00fcl\u00fcyoruz&#8221;<\/p>\n<p>Velilerden Adile \u00d6ver, mahallelerinde ilk kez b\u00f6yle bir \u00e7ocuk etkinli\u011finin oldu\u011funu anlatarak, &#8220;\u00c7ocuklar\u0131m\u0131z\u0131n ad\u0131na \u00e7ok te\u015fekk\u00fcr ederiz. \u00c7ok mutluyuz, \u00e7ok memnun olduk. Her zaman bekleriz. \u0130lk defa oldu. \u00c7ocuklar\u0131n y\u00fczleri g\u00fcl\u00fcyor, onlar g\u00fcl\u00fcnce biz de g\u00fcl\u00fcyoruz&#8221; dedi.<\/p>\n<p>\u00c7ocuklar\u0131n \u00e7ok mutlu oldu\u011funu s\u00f6yleyen \u015eerife Zeybek, &#8220;Benim de \u00fc\u00e7 \u00e7ocu\u011fum okuyor burada. Hepsi \u00e7ok mutlu, e\u011fleniyorlar. Bu e\u011flenceyi d\u00fczenledikleri i\u00e7in te\u015fekk\u00fcr ederiz. Daha \u00f6nce olmam\u0131\u015ft\u0131, ilk defa oluyor. \u00c7ok te\u015fekk\u00fcr ediyoruz Ba\u015fkan\u0131m\u0131z&#8217;a&#8221; ifadelerine yer verdi.<\/p>\n<p>Velilerden Embiya Badaz ise &#8220;\u00c7ok iyi bir \u015fey yapt\u0131lar. \u0130lk defa b\u00f6yle bir \u015feyler oluyor. \u00c7ok memnun kald\u0131k \u00e7ocuklar\u0131m\u0131z i\u00e7in&#8221; dedi.<\/p>\n","protected":false},"excerpt":{"rendered":"<p>Mersin B\u00fcy\u00fck\u015fehir Belediyesi \u00e7ocuklara 23 Nisan ruhunu ya\u015fatmaya devam ediyor. B\u00fcy\u00fck\u015fehir Belediyesi Kad\u0131n ve Aile Hizmetleri Dairesi \u00f6nc\u00fcl\u00fc\u011f\u00fcnde Erdemli il\u00e7esinde yer alan bir ilk\u00f6\u011fretim okulunun etkinlik iste\u011fi yerine getirildi. Okulun bah\u00e7esinde kurulan etkinlik alan\u0131nda \u00e7ocuklar g\u00f6n\u00fcllerince e\u011flendi. \u00c7ocuklar 23 Nisan&#8217;\u0131 bir kez daha ya\u015fad\u0131 Erdemli&#8217;nin Tapureli Mahallesi&#8217;nde yer alan \u015eehit Ali \u0130hsan \u00d6ger \u0130lkokulu&#8217;nun talebi [&hellip;]<\/p>\n","protected":false},"author":2,"featured_media":32250,"comment_status":"open","ping_status":"open","sticky":false,"template":"","format":"standard","meta":{"footnotes":""},"categories":[3,5],"tags":[],"class_list":["post-32249","post","type-post","status-publish","format-standard","has-post-thumbnail","hentry","category-manset","category-mersin"],"views":4,"_links":{"self":[{"href":"https:\/\/mersinkadingazetesi.com\/index.php?rest_route=\/wp\/v2\/posts\/32249"}],"collection":[{"href":"https:\/\/mersinkadingazetesi.com\/index.php?rest_route=\/wp\/v2\/posts"}],"about":[{"href":"https:\/\/mersinkadingazetesi.com\/index.php?rest_route=\/wp\/v2\/types\/post"}],"author":[{"embeddable":true,"href":"https:\/\/mersinkadingazetesi.com\/index.php?rest_route=\/wp\/v2\/users\/2"}],"replies":[{"embeddable":true,"href":"https:\/\/mersinkadingazetesi.com\/index.php?rest_route=%2Fwp%2Fv2%2Fcomments&post=32249"}],"version-history":[{"count":0,"href":"https:\/\/mersinkadingazetesi.com\/index.php?rest_route=\/wp\/v2\/posts\/32249\/revisions"}],"wp:featuredmedia":[{"embeddable":true,"href":"https:\/\/mersinkadingazetesi.com\/index.php?rest_route=\/wp\/v2\/media\/32250"}],"wp:attachment":[{"href":"https:\/\/mersinkadingazetesi.com\/index.php?rest_route=%2Fwp%2Fv2%2Fmedia&parent=32249"}],"wp:term":[{"taxonomy":"category","embeddable":true,"href":"https:\/\/mersinkadingazetesi.com\/index.php?rest_route=%2Fwp%2Fv2%2Fcategories&post=32249"},{"taxonomy":"post_tag","embeddable":true,"href":"https:\/\/mersinkadingazetesi.com\/index.php?rest_route=%2Fwp%2Fv2%2Ftags&post=32249"}],"curies":[{"name":"wp","href":"https:\/\/api.w.org\/{rel}","templated":true}]}}