{"id":32252,"date":"2024-04-28T10:50:36","date_gmt":"2024-04-28T07:50:36","guid":{"rendered":"http:\/\/mersinkadingazetesi.com\/?p=32252"},"modified":"2024-04-28T10:50:36","modified_gmt":"2024-04-28T07:50:36","slug":"mersin-buyuksehir-kardes-sehir-degisim-programiyla-gencleri-almanyaya-goturuyor","status":"publish","type":"post","link":"https:\/\/mersinkadingazetesi.com\/?p=32252","title":{"rendered":"MERS\u0130N B\u00dcY\u00dcK\u015eEH\u0130R, KARDE\u015e \u015eEH\u0130R DE\u011e\u0130\u015e\u0130M PROGRAMIYLA GEN\u00c7LER\u0130 ALMANYA&#8217;YA G\u00d6T\u00dcR\u00dcYOR"},"content":{"rendered":"<p>Mersin B\u00fcy\u00fck\u015fehir Belediyesi D\u0131\u015f \u0130li\u015fkiler ve Projeler \u015eubesi &#8216;Uluslararas\u0131 Karde\u015flik, Uluslar \u00d6tesi Birlik&#8217; mottosuyla Karde\u015f \u015eehir \u00d6\u011frenci De\u011fi\u015fim Program\u0131 kapsam\u0131nda Mersinli gen\u00e7lere d\u00fcnyay\u0131 tan\u0131ma f\u0131rsat\u0131 sunuyor. B\u00fcy\u00fck\u015fehir bu kapsamda gen\u00e7leri, Mersin&#8217;in karde\u015f \u015fehri olan Almanya&#8217;n\u0131n Oberhausen kentine g\u00f6t\u00fcrecek. Programa kat\u0131lmak isteyen \u00f6\u011frenciler i\u00e7in son ba\u015fvuru tarihi 3 May\u0131s. Ba\u015fvurular\u0131n &#8216;tomultimersin@mersin.bel.tr&#8217; adresine e-posta yoluyla yap\u0131lmas\u0131 gerekiyor. Ba\u015fvuru yapacak \u00f6\u011frencilerin en az 14 ya\u015f\u0131nda olmas\u0131 ve 19 ya\u015f\u0131ndan g\u00fcn almam\u0131\u015f olmas\u0131 \u015fart\u0131 aran\u0131yor.<\/p>\n<p>B\u00fcy\u00fck\u015fehir&#8217;den Mersinli gen\u00e7lere d\u00fcnyay\u0131 tan\u0131ma f\u0131rsat\u0131<\/p>\n<p>Mersinli gen\u00e7lerin de\u011fi\u015fim program\u0131 ile yabanc\u0131 k\u00fclt\u00fcrleri ve co\u011frafyalar\u0131 yerinde g\u00f6rebilmesi ve kal\u0131c\u0131 dostluklar geli\u015ftirebilmesi ad\u0131na yap\u0131lan Karde\u015f \u015eehir \u00d6\u011frenci De\u011fi\u015fim Program\u0131 sayesinde gen\u00e7ler farkl\u0131 \u00fclkeler g\u00f6rme f\u0131rsat\u0131 yakal\u0131yor. Program kapsam\u0131nda bu yaz gen\u00e7ler Almanya&#8217;n\u0131n Oberhausen kentine gidecek. 3-18 A\u011fustos tarihleri aras\u0131nda yap\u0131lacak gezi i\u00e7in haz\u0131rl\u0131klar\u0131n\u0131 titizlikle s\u00fcrd\u00fcren B\u00fcy\u00fck\u015fehir Belediyesi, ba\u015fvurular\u0131 almay\u0131 s\u00fcrd\u00fcr\u00fcyor. Bilgi almak isteyenler www.mersin.bel.tr ile Teksin Mersin&#8217;in ve Alo 185 \u00fczerinden alabilecek.<\/p>\n<p>Evrim: &#8220;Prensip; iki \u015fehir gen\u00e7leri aras\u0131nda k\u00fclt\u00fcrel, sosyal yak\u0131nla\u015fma sa\u011flamak&#8221;<\/p>\n<p>Mersin B\u00fcy\u00fck\u015fehir Belediyesi Ba\u015fkan Dan\u0131\u015fman\u0131 \u0130brahim Evrim, projeyle alakal\u0131 bilgi vererek, &#8220;Bu Oberhausen karde\u015f kentimizle yapt\u0131\u011f\u0131m\u0131z bir proje. Bir y\u0131l onlar bize geliyorlar, bir y\u0131l biz onlara gidiyoruz. Prensip; iki \u015fehir gen\u00e7leri aras\u0131nda k\u00fclt\u00fcrel, sosyal yak\u0131nla\u015fma sa\u011flamak. \u0130ki y\u0131l boyunca kar\u015f\u0131l\u0131kl\u0131 bir tan\u0131\u015fma ve yak\u0131nla\u015fma vesilesi oluyor. Etkinlikler \u00e7ok g\u00fczel ge\u00e7iyor. Oberhausen Belediyesi buna \u00e7ok \u00f6nem veriyor. G\u00fczel bir proje&#8221; dedi.<\/p>\n<p>Benzer projeyi Mersin&#8217;in di\u011fer karde\u015f \u015fehri Kushimoto ile de yapt\u0131kla\u0131n\u0131 s\u00f6zlerine ekleyen Evrim, haz\u0131rl\u0131klar\u0131n s\u00fcrd\u00fc\u011f\u00fcn\u00fc belirterek, &#8220;\u00c7ok ciddi bir haz\u0131rl\u0131k d\u00f6neminden ge\u00e7iriyor ge\u00e7iyoruz. S\u0131k\u0131 bir y\u00f6netmelik var, \u00e7ocuklar\u0131 \u00e7ok titizlikle se\u00e7iyoruz. Genel Sekreterimiz Ba\u015fkanl\u0131\u011f\u0131&#8217;nda bir \u00fcst kurul olu\u015fuyor. Onlar \u00e7ocuklar\u0131n dil seviyelerini, temsil kabiliyetlerini inceliyorlar ona g\u00f6re se\u00e7iyoruz. Giden \u00e7ocuklar\u0131n y\u00fczde 30&#8217;u kadar da belediye personeli \u00e7ocuklar\u0131na kontenjan\u0131m\u0131z var&#8221; diye konu\u015ftu.<\/p>\n<p>&#8220;Yak\u0131n dostluklar, g\u00fczel hikayeler do\u011fuyor&#8221;<\/p>\n<p>Evrim, yap\u0131lan gezilerin \u00e7ocuklar\u0131n kariyer kararlar\u0131nda da etkili oldu\u011funu kaydederek, &#8220;Ge\u00e7en sene g\u00f6nderdi\u011fimiz k\u0131zlar\u0131m\u0131zdan biri orada y\u00fcksek \u00f6\u011frenime ba\u015flad\u0131. B\u00f6yle \u00e7ok yak\u0131n dostluklar, g\u00fczel hikayeler do\u011fuyor. Ama\u00e7 da bu zaten&#8221; diye belirtti.<\/p>\n<p>Programla ilgili dikkat edilmesi gereken konular; <\/p>\n<p>Veliler; Karde\u015f \u015eehirler \u00d6\u011frenci De\u011fi\u015fim Program\u0131 \u00f6ncesinde u\u00e7ak bileti, vize i\u015flemleri, seyahat sigortas\u0131 gibi \u00f6demeleri kendileri yapar. Program s\u0131ras\u0131nda ya\u015fanacak sa\u011fl\u0131k sorunlar\u0131, seyahat sa\u011fl\u0131k sigortas\u0131 kapsam\u0131nda de\u011filse yap\u0131lan harcamalar veliler taraf\u0131ndan kar\u015f\u0131lan\u0131r. Program, kar\u015f\u0131l\u0131kl\u0131 a\u011f\u0131rlama esas\u0131na dayal\u0131d\u0131r. Programa kat\u0131lan \u00f6\u011frenci, bir sonraki de\u011fi\u015fim program\u0131nda yurt d\u0131\u015f\u0131ndan gelecek olan \u00f6\u011frenciyi a\u011f\u0131rlamakla y\u00fck\u00fcml\u00fcd\u00fcr.<\/p>\n<p>Gerekli Belgeler<\/p>\n<p>Ba\u015fvuru Formu (mersin.bel.tr adresinden indirilebilir)<\/p>\n<p>Kimlik Fotokopisi<\/p>\n<p>\u00d6\u011frenci Belgesi (e-devletten al\u0131nan belge kabul edilir)<\/p>\n<p>Okul Not Ortalamas\u0131n\u0131 G\u00f6steren Belge veya Ba\u015far\u0131 Belgesi (te\u015fekk\u00fcr belgesi, takdir belgesi vb.)<\/p>\n<p>Okuldan Disiplin Cezas\u0131 Almad\u0131\u011f\u0131n\u0131 G\u00f6steren Belge<\/p>\n<p>Adli Sicil Kayd\u0131 (e-devletten al\u0131nan belge kabul edilir)<\/p>\n<p>Ayn\u0131 Hanede \u0130kamet Eden Ki\u015filerin Adli Sicil Kay\u0131tlar\u0131 (e-devletten al\u0131nan belgeler kabul edilir) Aile N\u00fcfus Kay\u0131t \u00d6rne\u011fi (e-devletten al\u0131nan belge kabul edilir)<\/p>\n<p>Aile Hekiminden Al\u0131nacak Sa\u011fl\u0131k Raporu<\/p>\n<p>Onayl\u0131 Veli Muvafakat Belgesi (kurul de\u011ferlendirme sonucundan sonra istenecektir)<\/p>\n<p>2 Adet Vesikal\u0131k Foto\u011fraf (kurul de\u011ferlendirme sonucundan sonra istenecektir) Belirtilen ba\u015fvuru belgelerinin tomultimersin@mersin.bel.tr adresine e-posta yoluyla son ba\u015fvuru tarih ve saatinden \u00f6nce eksiksiz g\u00f6nderilmesi gerekmektedir.<\/p>\n","protected":false},"excerpt":{"rendered":"<p>Mersin B\u00fcy\u00fck\u015fehir Belediyesi D\u0131\u015f \u0130li\u015fkiler ve Projeler \u015eubesi &#8216;Uluslararas\u0131 Karde\u015flik, Uluslar \u00d6tesi Birlik&#8217; mottosuyla Karde\u015f \u015eehir \u00d6\u011frenci De\u011fi\u015fim Program\u0131 kapsam\u0131nda Mersinli gen\u00e7lere d\u00fcnyay\u0131 tan\u0131ma f\u0131rsat\u0131 sunuyor. B\u00fcy\u00fck\u015fehir bu kapsamda gen\u00e7leri, Mersin&#8217;in karde\u015f \u015fehri olan Almanya&#8217;n\u0131n Oberhausen kentine g\u00f6t\u00fcrecek. Programa kat\u0131lmak isteyen \u00f6\u011frenciler i\u00e7in son ba\u015fvuru tarihi 3 May\u0131s. Ba\u015fvurular\u0131n &#8216;tomultimersin@mersin.bel.tr&#8217; adresine e-posta yoluyla yap\u0131lmas\u0131 gerekiyor. [&hellip;]<\/p>\n","protected":false},"author":2,"featured_media":32253,"comment_status":"open","ping_status":"open","sticky":false,"template":"","format":"standard","meta":{"footnotes":""},"categories":[3],"tags":[],"class_list":["post-32252","post","type-post","status-publish","format-standard","has-post-thumbnail","hentry","category-manset"],"views":1,"_links":{"self":[{"href":"https:\/\/mersinkadingazetesi.com\/index.php?rest_route=\/wp\/v2\/posts\/32252"}],"collection":[{"href":"https:\/\/mersinkadingazetesi.com\/index.php?rest_route=\/wp\/v2\/posts"}],"about":[{"href":"https:\/\/mersinkadingazetesi.com\/index.php?rest_route=\/wp\/v2\/types\/post"}],"author":[{"embeddable":true,"href":"https:\/\/mersinkadingazetesi.com\/index.php?rest_route=\/wp\/v2\/users\/2"}],"replies":[{"embeddable":true,"href":"https:\/\/mersinkadingazetesi.com\/index.php?rest_route=%2Fwp%2Fv2%2Fcomments&post=32252"}],"version-history":[{"count":0,"href":"https:\/\/mersinkadingazetesi.com\/index.php?rest_route=\/wp\/v2\/posts\/32252\/revisions"}],"wp:featuredmedia":[{"embeddable":true,"href":"https:\/\/mersinkadingazetesi.com\/index.php?rest_route=\/wp\/v2\/media\/32253"}],"wp:attachment":[{"href":"https:\/\/mersinkadingazetesi.com\/index.php?rest_route=%2Fwp%2Fv2%2Fmedia&parent=32252"}],"wp:term":[{"taxonomy":"category","embeddable":true,"href":"https:\/\/mersinkadingazetesi.com\/index.php?rest_route=%2Fwp%2Fv2%2Fcategories&post=32252"},{"taxonomy":"post_tag","embeddable":true,"href":"https:\/\/mersinkadingazetesi.com\/index.php?rest_route=%2Fwp%2Fv2%2Ftags&post=32252"}],"curies":[{"name":"wp","href":"https:\/\/api.w.org\/{rel}","templated":true}]}}