{"id":32255,"date":"2024-04-29T12:45:08","date_gmt":"2024-04-29T09:45:08","guid":{"rendered":"http:\/\/mersinkadingazetesi.com\/?p=32255"},"modified":"2024-04-29T12:45:08","modified_gmt":"2024-04-29T09:45:08","slug":"birbirinden-seckin-uluslararasi-filmler-mersinli-sinemaseverlerle-bulustu","status":"publish","type":"post","link":"https:\/\/mersinkadingazetesi.com\/?p=32255","title":{"rendered":"B\u0130RB\u0130R\u0130NDEN SE\u00c7K\u0130N ULUSLARARASI F\u0130LMLER, MERS\u0130NL\u0130 S\u0130NEMASEVERLERLE BULU\u015eTU"},"content":{"rendered":"<p>&#8216;Bir film \u015fehri olarak Mersin&#8217; slogan\u0131yla, Mersin B\u00fcy\u00fck\u015fehir Belediyesi K\u00fclt\u00fcr ve Sosyal \u0130\u015fler Daire Ba\u015fkanl\u0131\u011f\u0131 b\u00fcnyesinde yer alan Mersin&#8217;e De\u011fer Katanlar (MEDEKA) Sinema Kurulu \u00f6nc\u00fcl\u00fc\u011f\u00fcnde kurulan Mersin Sinema Ofisi, \u00e7al\u0131\u015fmalar\u0131na h\u0131z kesmeden devam ediyor. 21 Mart &#8211; 30 Nisan tarihleri aras\u0131nda d\u00fczenlenen &#8216;Frankofon Film Festivali&#8217;ne ev sahipli\u011fi yapan Sinema Ofisi, farkl\u0131 \u00fclkelerin sinema k\u00fclt\u00fcrlerini de Mersinlilerle tan\u0131\u015ft\u0131r\u0131yor.<\/p>\n<p>Frans\u0131z K\u00fclt\u00fcr Merkezi&#8217;nin \u0130svi\u00e7re, Bel\u00e7ika, Kanada, L\u00fcksemburg ve Polonya B\u00fcy\u00fckel\u00e7ilikleri ile ortakla\u015fa d\u00fczenledi\u011fi festivale ev sahipli\u011fi yapan Mersin Sinema Ofisi, Kazakistan Cumhuriyeti Antalya Ba\u015fkonsoloslu\u011fu i\u015fbirli\u011finde Kazak Sinemas\u0131&#8217;n\u0131 da sevenleriyle bulu\u015fturdu.<\/p>\n<p>Uluslararas\u0131 film g\u00f6sterimlerine ev sahipli\u011fi yapan Sinema Ofisi, 2024 y\u0131l\u0131 festival program\u0131 kapsam\u0131nda, \u00f6zellikle son d\u00f6nemde \u00f6ne \u00e7\u0131kan, yeni ve bir\u00e7o\u011fu daha \u00f6nce g\u00f6sterime girmemi\u015f ba\u011f\u0131ms\u0131z ve yenilik\u00e7i bir dizi se\u00e7ki sinemaseverle bulu\u015fturuluyor.  Kongre ve Sergi Saray\u0131 \u00c7ok Ama\u00e7l\u0131 Salon&#8217;da 16-17 Nisan tarihlerinde ger\u00e7ekle\u015fen &#8216;Frankofon Film Festivali&#8217;nde; &#8216;Ashkal, L&#8217;enquete de Tun\u0131s&#8217;, &#8216;Auxiliare&#8217;, &#8216;The Olympic Flame&#8217;, &#8216;Invinsible&#8217;, &#8216;Soleil de Nuit&#8217;, &#8216;Ch\u0131en de La Casse Junkyard Dog&#8217; yap\u0131mlar\u0131 yer ald\u0131. B\u00fcy\u00fck\u015fehir Belediyesi b\u00fcnyesinde g\u00f6rev yapan kad\u0131n \u00e7al\u0131\u015fanlar da, Tunuslu y\u00f6netmen Youssef Chebbi&#8217;ne ait &#8216;Ashkal, L&#8217;enquete de Tun\u0131s&#8217; adl\u0131 filmi izledi. Ayn\u0131 zamanda Kazakistan Cumhuriyeti Antalya Ba\u015fkonsoloslu\u011fu i\u015fbirli\u011finde Kazak Sinemas\u0131&#8217;n\u0131n \u00f6nemli eserlerinden birisi olan &#8216;Elmas K\u0131l\u0131\u00e7&#8217; filmini de sinema severlerle bulu\u015fturan ekip, Mersin&#8217;de bir sinema r\u00fczgar\u0131 estirmeye devam ediyor.<\/p>\n<p>Ak\u00e7a: &#8220;Sinema Ofisi uluslararas\u0131 film g\u00f6sterimlerine ev sahipli\u011fi yapmaya ba\u015flad\u0131&#8221;<\/p>\n<p>Yarat\u0131c\u0131l\u0131\u011f\u0131n, sanatsal ifadenin ve k\u00fclt\u00fcrleraras\u0131 diyalogun beyaz perdeye yans\u0131mas\u0131 i\u00e7in ortaya \u00e7\u0131kan Frankofon Film Festivali&#8217;nin ilk kez Mersin&#8217;de yap\u0131ld\u0131\u011f\u0131n\u0131 s\u00f6yleyen B\u00fcy\u00fck\u015fehir Belediyesi Kent Kat\u0131l\u0131m\u0131 ve Sivil Toplum ile \u0130li\u015fkiler \u015eube M\u00fcd\u00fcr\u00fc Ba\u015far Ak\u00e7a, &#8220;Biz bu festivali Frans\u0131z K\u00fclt\u00fcr Merkezi i\u015fbirli\u011fi ile ger\u00e7ekle\u015ftirdik. \u0130ki g\u00fcn boyunca uluslararas\u0131 film festivallerine kat\u0131lan, \u00f6d\u00fcller kazanm\u0131\u015f Frans\u0131z film se\u00e7kileri Mersinde sanatseverlerle bulu\u015ftu. Ayr\u0131ca Mersin Sinema Ofisi&#8217;miz Kazakistan Cumhuriyeti Antalya Ba\u015fkonsoloslu\u011fu i\u015fbirli\u011finde Kazakistan&#8217;\u0131n sinema end\u00fcstrisinde \u00f6nemli ba\u015far\u0131lar elde etmi\u015f Elmas K\u0131l\u0131\u00e7 adl\u0131 film g\u00f6sterimini de Mersinli sanatseverlerle bulu\u015fturdu&#8221; diye konu\u015ftu.<\/p>\n<p>Mersin Sinema Ofisi&#8217;nin uluslararas\u0131 nitelik ta\u015f\u0131yan filmleri kente getirmeye devam edece\u011fini aktaran Ak\u00e7a, &#8220;Sinema Ofisi film yap\u0131m, belgesel proje desteklerinin yan\u0131 s\u0131rada kentte k\u00fclt\u00fcr, sanat anlam\u0131nda sinema sekt\u00f6r\u00fc ile alakal\u0131 ilgili meslek \u00f6rg\u00fctlerle i\u015fbirli\u011fi i\u00e7erisinde at\u00f6lye \u00e7al\u0131\u015fmalar\u0131 ve az \u00f6nce de ifade etti\u011fimiz uluslararas\u0131 niteli\u011fi olan film g\u00f6sterimleriyle de Mersin&#8217;de sanatseverlerle bulu\u015fmaya devam edecek&#8221; s\u00f6zlerine yer verdi.<\/p>\n<p>&#8220;B\u00fcy\u00fck\u015fehir sayesinde sanata doyduk, doymaya da devam ediyoruz&#8221;<\/p>\n<p>Mersin&#8217;de 2 g\u00fcn s\u00fcren film festivaline kat\u0131lan sinemaseverlerden Tu\u011f\u00e7e Ertekin, &#8216;Ashkal&#8217; filmini daha \u00f6nce izlemedi\u011fini belirterek, &#8220;Daha \u00f6nce izlemi\u015f olsam dahi, kat\u0131lmaya hevesle gelece\u011fim bir program. \u00c7\u00fcnk\u00fc sinema; resim, edebiyat, m\u00fczik gibi di\u011fer sanat dallar\u0131ndan \u00e7ok daha fazla keyif veriyor bana. 5 y\u0131ld\u0131r B\u00fcy\u00fck\u015fehir Belediyesi sayesinde sanata doyduk ve doymaya devam ediyoruz. Bu beni \u00e7ok mutlu ediyor. B\u00fcy\u00fck\u015fehir&#8217;in sanatla ilgili d\u00fczenledi\u011fi organizasyonlara elimden geldi\u011fince kat\u0131lmaya \u00e7al\u0131\u015f\u0131yorum. Daha \u00f6nce yap\u0131lan Edebiyat Festivali ve Estetik Sempozyumu&#8217;na da kat\u0131lm\u0131\u015ft\u0131m. Burada olmaktan \u00e7ok b\u00fcy\u00fck keyif ald\u0131m&#8221; dedi.<\/p>\n<p>&#8220;Mersin Sinema Ofisi, kentimiz i\u00e7in b\u00fcy\u00fck bir de\u011fer&#8221;<\/p>\n<p>Aysuda Kurtulu\u015f ise, B\u00fcy\u00fck\u015fehir Belediyesi b\u00fcnyesinde kurulan Sinema Ofisi&#8217;nin kent i\u00e7in b\u00fcy\u00fck bir ayr\u0131cal\u0131k yaratt\u0131\u011f\u0131n\u0131 ifade ederek, &#8220;Ayn\u0131 zamanda kentimiz i\u00e7in \u00e7ok b\u00fcy\u00fck bir de\u011fer. Onlar sayesinde Frans\u0131z filmlerini keyifle izleyebildik. Mersin&#8217;in tan\u0131t\u0131m\u0131 ve geli\u015fmesi hem turizm sekt\u00f6r\u00fcne, hem de sinema sekt\u00f6r\u00fcne b\u00fcy\u00fck bir katk\u0131 sa\u011flayacak. Bu konuda \u00e7ok heyecanl\u0131y\u0131z&#8221; s\u00f6zlerine yer verdi.<\/p>\n<p>Kazak Sinemas\u0131&#8217;n\u0131n e\u015fsiz eseri sergilendi<\/p>\n<p>Kazakistan Devleti&#8217;nin kurulu\u015f hikayesini anlatan Elmas K\u0131l\u0131\u00e7 filmini izlemek i\u00e7in geldiklerini s\u00f6yleyen Ay\u015fe Sofu Budan, &#8220;Mersin halk\u0131na b\u00f6yle bir filmle Kazakistan&#8217;\u0131n kurulu\u015funun hikayesini g\u00f6stermek amac\u0131yla topland\u0131k&#8221; diye konu\u015ftu.<\/p>\n","protected":false},"excerpt":{"rendered":"<p>&#8216;Bir film \u015fehri olarak Mersin&#8217; slogan\u0131yla, Mersin B\u00fcy\u00fck\u015fehir Belediyesi K\u00fclt\u00fcr ve Sosyal \u0130\u015fler Daire Ba\u015fkanl\u0131\u011f\u0131 b\u00fcnyesinde yer alan Mersin&#8217;e De\u011fer Katanlar (MEDEKA) Sinema Kurulu \u00f6nc\u00fcl\u00fc\u011f\u00fcnde kurulan Mersin Sinema Ofisi, \u00e7al\u0131\u015fmalar\u0131na h\u0131z kesmeden devam ediyor. 21 Mart &#8211; 30 Nisan tarihleri aras\u0131nda d\u00fczenlenen &#8216;Frankofon Film Festivali&#8217;ne ev sahipli\u011fi yapan Sinema Ofisi, farkl\u0131 \u00fclkelerin sinema k\u00fclt\u00fcrlerini de [&hellip;]<\/p>\n","protected":false},"author":2,"featured_media":32256,"comment_status":"open","ping_status":"open","sticky":false,"template":"","format":"standard","meta":{"footnotes":""},"categories":[2,3,5],"tags":[],"class_list":["post-32255","post","type-post","status-publish","format-standard","has-post-thumbnail","hentry","category-gundem","category-manset","category-mersin"],"views":5,"_links":{"self":[{"href":"https:\/\/mersinkadingazetesi.com\/index.php?rest_route=\/wp\/v2\/posts\/32255"}],"collection":[{"href":"https:\/\/mersinkadingazetesi.com\/index.php?rest_route=\/wp\/v2\/posts"}],"about":[{"href":"https:\/\/mersinkadingazetesi.com\/index.php?rest_route=\/wp\/v2\/types\/post"}],"author":[{"embeddable":true,"href":"https:\/\/mersinkadingazetesi.com\/index.php?rest_route=\/wp\/v2\/users\/2"}],"replies":[{"embeddable":true,"href":"https:\/\/mersinkadingazetesi.com\/index.php?rest_route=%2Fwp%2Fv2%2Fcomments&post=32255"}],"version-history":[{"count":0,"href":"https:\/\/mersinkadingazetesi.com\/index.php?rest_route=\/wp\/v2\/posts\/32255\/revisions"}],"wp:featuredmedia":[{"embeddable":true,"href":"https:\/\/mersinkadingazetesi.com\/index.php?rest_route=\/wp\/v2\/media\/32256"}],"wp:attachment":[{"href":"https:\/\/mersinkadingazetesi.com\/index.php?rest_route=%2Fwp%2Fv2%2Fmedia&parent=32255"}],"wp:term":[{"taxonomy":"category","embeddable":true,"href":"https:\/\/mersinkadingazetesi.com\/index.php?rest_route=%2Fwp%2Fv2%2Fcategories&post=32255"},{"taxonomy":"post_tag","embeddable":true,"href":"https:\/\/mersinkadingazetesi.com\/index.php?rest_route=%2Fwp%2Fv2%2Ftags&post=32255"}],"curies":[{"name":"wp","href":"https:\/\/api.w.org\/{rel}","templated":true}]}}