{"id":32258,"date":"2024-04-29T12:47:47","date_gmt":"2024-04-29T09:47:47","guid":{"rendered":"http:\/\/mersinkadingazetesi.com\/?p=32258"},"modified":"2024-04-29T12:47:47","modified_gmt":"2024-04-29T09:47:47","slug":"buyuksehirden-okul-oncesi-egitime-bir-katki-daha","status":"publish","type":"post","link":"https:\/\/mersinkadingazetesi.com\/?p=32258","title":{"rendered":"B\u00dcY\u00dcK\u015eEH\u0130R&#8217;DEN OKUL \u00d6NCES\u0130 E\u011e\u0130T\u0130ME B\u0130R KATKI DAHA&#8230;"},"content":{"rendered":"<p>Mersin B\u00fcy\u00fck\u015fehir Belediyesi Kad\u0131n ve Aile Hizmetleri Dairesi koordinesinde Tarsus&#8217;ta a\u00e7\u0131lan &#8216;100. Y\u0131l Atat\u00fcrk \u00c7ocuk Geli\u015fim Merkezi&#8217; faaliyete girdi. Minikler, oryantasyon program\u0131yla etkinliklere ba\u015flad\u0131. 36-72 ay aras\u0131 \u00e7ocuklar\u0131n sabah 08.00 ak\u015fam 17.00 aras\u0131 e\u011fitim alaca\u011f\u0131 \u00e7ocuk geli\u015fim merkezi, ailelerden de tam not ald\u0131.<\/p>\n<p>Minikler y\u0131l boyunca hem e\u011flenecek, hem \u00f6\u011frenecek<\/p>\n<p>Birbirleriyle tan\u0131\u015f\u0131p kayna\u015fan minikler, \u00f6\u011fretmenleri e\u015fli\u011finde ger\u00e7ekle\u015fen etkinliklerle e\u011fitime ba\u015flad\u0131. G\u00fcnlerine \u00f6\u011fretmenleriyle selamla\u015fma rutini ile ba\u015flayan \u00e7ocuklar, sabah yogas\u0131 ve zumba danslar\u0131yla etkinliklerine ba\u015fl\u0131yor. \u00c7ocuklar g\u00fcn boyunca bili\u015fsel ve sanatsal aktiviteler, ana dil etkinlikleri ve bedensel koordinasyonlar\u0131 ile kas becerilerini geli\u015ftirecek uygulamalar yap\u0131yor. 36 ay grubu minikler ise, g\u00fcnlerinin 1-1,5 saatini dinlenerek ge\u00e7iriyor. Ailelerin, di\u011fer \u00f6zel \u00e7ocuk geli\u015fim merkezlerinden daha g\u00fczel olarak de\u011ferlendirdi\u011fi 100. Y\u0131l Atat\u00fcrk \u00c7ocuk Geli\u015fim Merkezi&#8217;nde minikler, y\u0131l boyunca hem e\u011flenecek hem de \u00f6\u011frenecek.<\/p>\n<p>Tan\u0131\u015f\u0131k: &#8220;Uzman kadromuzla, \u00e7ocuklar\u0131n ya\u015f\u0131na uygun programlar\u0131 uyguluyoruz&#8221;<\/p>\n<p>Mersin B\u00fcy\u00fck\u015fehir Belediyesi \u00c7ocuk Geli\u015fim Merkezleri E\u011fitim Koordinat\u00f6r\u00fc \u00d6zlem Tan\u0131\u015f\u0131k, 100. Y\u0131l Atat\u00fcrk \u00c7ocuk Geli\u015fim Merkezi&#8217;nde ilk etapta 60 \u00f6\u011frenci ile ba\u015flad\u0131klar\u0131n\u0131, ilerleyen s\u00fcre\u00e7te bu say\u0131y\u0131 100&#8217;e tamamlayacaklar\u0131n\u0131 ifade ederek, &#8220;Burada \u00e7ocuklar\u0131m\u0131za tam g\u00fcn hizmet veriyoruz. 08.00-17.00 saatleri aras\u0131nda, 3 \u00f6\u011f\u00fcn sa\u011fl\u0131kl\u0131 beslenmelerini ger\u00e7ekle\u015ftiriyoruz. Ayn\u0131 zamanda alan\u0131nda uzman e\u011fitim kadromuzla birlikte, \u00e7ocuklar\u0131n ya\u015f aral\u0131klar\u0131na uygun programlar\u0131 uyguluyoruz. Bu e\u011fitim i\u00e7eriklerinde aktif pasif dengesini, ayn\u0131 zamanda \u00e7ocuklar\u0131m\u0131z\u0131n geli\u015fimsel \u00f6zelliklerini de \u00f6nemsiyoruz&#8221; dedi.<\/p>\n<p>\u00c7ocuklar\u0131n geli\u015fimleriyle ilgili notlar\u0131, evdeki s\u00fcre\u00e7lerini desteklemek i\u00e7in s\u00fcrekli olarak aileleriyle payla\u015ft\u0131klar\u0131n\u0131 da aktaran Tan\u0131\u015f\u0131k, &#8220;36-72 ay aras\u0131 \u00e7ocuklara hizmet veriyoruz. Burada 36-48, 48-60, 60-72 ay \u015feklinde 3 s\u0131n\u0131f\u0131m\u0131z yer al\u0131yor. Miniklerimizin ellerini tutarak ba\u015flad\u0131\u011f\u0131m\u0131z bu yolculukta, onlar\u0131n kalplerine ula\u015fmay\u0131 hedefliyoruz. Onlarla birlikte harika bir d\u00f6nem ge\u00e7irece\u011fimize eminiz&#8221; ifadelerine yer verdi.  <\/p>\n<p>&#8220;\u00d6zel kre\u015flerle kar\u015f\u0131la\u015ft\u0131rd\u0131\u011f\u0131m\u0131zda, sa\u011flanan imkanlar \u00e7ok daha iyi&#8221;<\/p>\n<p>Velilerden Mine \u0130pek Can, 100. Y\u0131l Atat\u00fcrk \u00c7ocuk Geli\u015fim Merkezi&#8217;nin imkanlar\u0131n\u0131 \u00e7ok be\u011fendi\u011fini ifade ederek, &#8220;Mersin B\u00fcy\u00fck\u015fehir Belediyesi&#8217;nin yapt\u0131\u011f\u0131 kre\u015fteyiz. Buras\u0131 3- 5 ya\u015f aral\u0131\u011f\u0131ndaki \u00e7ocuklar i\u00e7in a\u00e7\u0131lan bir yer. \u00d6zel kre\u015flerle kar\u015f\u0131la\u015ft\u0131rd\u0131\u011f\u0131m\u0131zda, sa\u011flanan imkanlar \u00e7ok daha iyi. \u00c7al\u0131\u015fan bir anne olarak sabah 8 ak\u015fam 5 aras\u0131 \u00e7ocuklar\u0131m\u0131z\u0131 g\u00fcvenle b\u0131rak\u0131yoruz. Bence \u00e7ok g\u00fczel bir proje&#8221; diye konu\u015ftu.<\/p>\n<p>&#8220;Kre\u015f \u00e7ok kaliteli yap\u0131lm\u0131\u015f ve her \u015feye \u00f6nem verilmi\u015f&#8221;<\/p>\n<p>Yusuf Kenan Bozda\u011f, olduk\u00e7a heyecanl\u0131 olduklar\u0131n\u0131 ifade ederek, &#8220;\u00c7ocuklar \u00e7ok heyecanl\u0131. Fazla bir s\u0131k\u0131nt\u0131 ya\u015famad\u0131k. Gelir gelmez \u00e7ocuklar s\u0131n\u0131fa giri\u015f yapt\u0131. \u0130\u00e7erisi \u00e7ok g\u00fczel. Bu, belediyenin bize vermi\u015f oldu\u011fu b\u00fcy\u00fck bir avantaj. Yak\u0131nda oturuyorum. D\u0131\u015far\u0131daki kre\u015flere g\u00f6re \u00e7ok daha g\u00fczel, kaliteli yap\u0131lm\u0131\u015f ve her \u015feye \u00f6nem verilmi\u015f. \u00c7ok te\u015fekk\u00fcr ediyoruz&#8221; dedi.<\/p>\n<p>&#8220;Bu b\u00f6lgedeki kre\u015f a\u00e7\u0131\u011f\u0131n\u0131 B\u00fcy\u00fck\u015fehir kapatt\u0131&#8221;<\/p>\n<p>Emine Nur Uyan ise &#8220;Bu \u00e7evrede kre\u015f yoktu, \u00e7ok iyi oldu. B\u00fcy\u00fck\u015fehir Belediyesi \u00e7ok g\u00fczel bir hizmet yapm\u0131\u015f. \u00c7ocuklar i\u00e7in iyi olacak&#8221; dedi.<\/p>\n","protected":false},"excerpt":{"rendered":"<p>Mersin B\u00fcy\u00fck\u015fehir Belediyesi Kad\u0131n ve Aile Hizmetleri Dairesi koordinesinde Tarsus&#8217;ta a\u00e7\u0131lan &#8216;100. Y\u0131l Atat\u00fcrk \u00c7ocuk Geli\u015fim Merkezi&#8217; faaliyete girdi. Minikler, oryantasyon program\u0131yla etkinliklere ba\u015flad\u0131. 36-72 ay aras\u0131 \u00e7ocuklar\u0131n sabah 08.00 ak\u015fam 17.00 aras\u0131 e\u011fitim alaca\u011f\u0131 \u00e7ocuk geli\u015fim merkezi, ailelerden de tam not ald\u0131. Minikler y\u0131l boyunca hem e\u011flenecek, hem \u00f6\u011frenecek Birbirleriyle tan\u0131\u015f\u0131p kayna\u015fan minikler, \u00f6\u011fretmenleri [&hellip;]<\/p>\n","protected":false},"author":2,"featured_media":32259,"comment_status":"open","ping_status":"open","sticky":false,"template":"","format":"standard","meta":{"footnotes":""},"categories":[2,3,5],"tags":[],"class_list":["post-32258","post","type-post","status-publish","format-standard","has-post-thumbnail","hentry","category-gundem","category-manset","category-mersin"],"views":2,"_links":{"self":[{"href":"https:\/\/mersinkadingazetesi.com\/index.php?rest_route=\/wp\/v2\/posts\/32258"}],"collection":[{"href":"https:\/\/mersinkadingazetesi.com\/index.php?rest_route=\/wp\/v2\/posts"}],"about":[{"href":"https:\/\/mersinkadingazetesi.com\/index.php?rest_route=\/wp\/v2\/types\/post"}],"author":[{"embeddable":true,"href":"https:\/\/mersinkadingazetesi.com\/index.php?rest_route=\/wp\/v2\/users\/2"}],"replies":[{"embeddable":true,"href":"https:\/\/mersinkadingazetesi.com\/index.php?rest_route=%2Fwp%2Fv2%2Fcomments&post=32258"}],"version-history":[{"count":0,"href":"https:\/\/mersinkadingazetesi.com\/index.php?rest_route=\/wp\/v2\/posts\/32258\/revisions"}],"wp:featuredmedia":[{"embeddable":true,"href":"https:\/\/mersinkadingazetesi.com\/index.php?rest_route=\/wp\/v2\/media\/32259"}],"wp:attachment":[{"href":"https:\/\/mersinkadingazetesi.com\/index.php?rest_route=%2Fwp%2Fv2%2Fmedia&parent=32258"}],"wp:term":[{"taxonomy":"category","embeddable":true,"href":"https:\/\/mersinkadingazetesi.com\/index.php?rest_route=%2Fwp%2Fv2%2Fcategories&post=32258"},{"taxonomy":"post_tag","embeddable":true,"href":"https:\/\/mersinkadingazetesi.com\/index.php?rest_route=%2Fwp%2Fv2%2Ftags&post=32258"}],"curies":[{"name":"wp","href":"https:\/\/api.w.org\/{rel}","templated":true}]}}