{"id":32261,"date":"2024-04-29T12:50:21","date_gmt":"2024-04-29T09:50:21","guid":{"rendered":"http:\/\/mersinkadingazetesi.com\/?p=32261"},"modified":"2024-04-29T12:50:21","modified_gmt":"2024-04-29T09:50:21","slug":"chpli-baskan-palamuttan-1-mayis-mesaji","status":"publish","type":"post","link":"https:\/\/mersinkadingazetesi.com\/?p=32261","title":{"rendered":"CHP&#8217;li Ba\u015fkan Palamut&#8217;tan 1 May\u0131s mesaj\u0131"},"content":{"rendered":"<p>CHP Akdeniz \u0130l\u00e7e Ba\u015fkan\u0131 Semih Palamut, ekonomik krizin bedelini ilk \u00f6deyen emek\u00e7ilerin, meydanlarda eme\u011fin s\u00f6m\u00fcr\u00fclmesine, i\u015fsizli\u011fe, yoksullu\u011fa, do\u011fan\u0131n talan edilmesine kar\u015f\u0131 ses y\u00fckseltece\u011fini s\u00f6yledi.<\/p>\n<p>Cumhuriyet Halk Partisi (CHP) Akdeniz \u0130l\u00e7e Ba\u015fkan\u0131 Semih Palamut, 1 May\u0131s Emek ve Dayan\u0131\u015fma G\u00fcn\u00fc mesaj\u0131nda al\u0131n terinin de\u011ferine vurgu yapt\u0131.<br \/>\n1 May\u0131s&#8217;\u0131n \u00fcretenin \u00fcretimden gelen g\u00fcc\u00fcn\u00fc kullanarak \u00e7al\u0131\u015fma ve ya\u015fam ko\u015fullar\u0131n\u0131n d\u00fczeltilmesi i\u00e7in verdi\u011fi m\u00fccadelenin simgesi oldu\u011funu ifade eden Ba\u015fkan Palamut, &#8220;Ekonomik ve siyasi krizin bedelini al\u0131n teri ile ge\u00e7inenler \u00f6d\u00fcyor. Gen\u00e7lerimiz i\u015fsiz. Emek\u00e7inin \u00e7al\u0131\u015fma hakk\u0131 yok say\u0131l\u0131yor. \u00d6\u011fretmenler atama bekliyor. M\u00fclakat ad\u0131 alt\u0131nda kay\u0131rmac\u0131l\u0131k nedeniyle gen\u00e7lerimizin hakk\u0131 gasp ediliyor. Emekli, asgari \u00fccretli yoksullukla m\u00fccadele ediyor. Bu adaletsiz d\u00fczeni hep birlikte de\u011fi\u015ftirece\u011fiz&#8221; dedi.<\/p>\n<p>YEN\u0130 B\u0130R UMUDU YE\u015eERTT\u0130K<br \/>\nEmek\u00e7ilerin meydanlarda haklar\u0131n\u0131 arayacaklar\u0131n\u0131 ifade eden Ba\u015fkan Palamut, \u015f\u00f6yle devam etti: &#8220;Kararl\u0131l\u0131\u011f\u0131m\u0131z ve m\u00fccadele azmimizle 31 Mart&#8217;ta yeni bir umudu ye\u015ferttik. Umudu hep birlikte b\u00fcy\u00fct\u00fcp ayd\u0131nl\u0131k g\u00fcnlere ta\u015f\u0131yaca\u011f\u0131z. Ekonomik krizin bedelini ilk \u00f6deyen emek\u00e7iler, bu y\u0131l da eme\u011fin s\u00f6m\u00fcr\u00fclmesine, i\u015fsizli\u011fe, yoksullu\u011fa, do\u011fan\u0131n talan edilmesine kar\u015f\u0131 meydanlardan ses y\u00fckseltecek.<br \/>\nEmek, bar\u0131\u015f, demokrasi m\u00fccadelesinde ya\u015fam\u0131n\u0131 yitirenleri an\u0131yor, 1 May\u0131s Emek ve Dayan\u0131\u015fma G\u00fcn\u00fc&#8217;n\u00fc kutluyorum.&#8221;<\/p>\n","protected":false},"excerpt":{"rendered":"<p>CHP Akdeniz \u0130l\u00e7e Ba\u015fkan\u0131 Semih Palamut, ekonomik krizin bedelini ilk \u00f6deyen emek\u00e7ilerin, meydanlarda eme\u011fin s\u00f6m\u00fcr\u00fclmesine, i\u015fsizli\u011fe, yoksullu\u011fa, do\u011fan\u0131n talan edilmesine kar\u015f\u0131 ses y\u00fckseltece\u011fini s\u00f6yledi. Cumhuriyet Halk Partisi (CHP) Akdeniz \u0130l\u00e7e Ba\u015fkan\u0131 Semih Palamut, 1 May\u0131s Emek ve Dayan\u0131\u015fma G\u00fcn\u00fc mesaj\u0131nda al\u0131n terinin de\u011ferine vurgu yapt\u0131. 1 May\u0131s&#8217;\u0131n \u00fcretenin \u00fcretimden gelen g\u00fcc\u00fcn\u00fc kullanarak \u00e7al\u0131\u015fma ve ya\u015fam [&hellip;]<\/p>\n","protected":false},"author":2,"featured_media":32262,"comment_status":"open","ping_status":"open","sticky":false,"template":"","format":"standard","meta":{"footnotes":""},"categories":[3],"tags":[],"class_list":["post-32261","post","type-post","status-publish","format-standard","has-post-thumbnail","hentry","category-manset"],"views":17,"_links":{"self":[{"href":"https:\/\/mersinkadingazetesi.com\/index.php?rest_route=\/wp\/v2\/posts\/32261"}],"collection":[{"href":"https:\/\/mersinkadingazetesi.com\/index.php?rest_route=\/wp\/v2\/posts"}],"about":[{"href":"https:\/\/mersinkadingazetesi.com\/index.php?rest_route=\/wp\/v2\/types\/post"}],"author":[{"embeddable":true,"href":"https:\/\/mersinkadingazetesi.com\/index.php?rest_route=\/wp\/v2\/users\/2"}],"replies":[{"embeddable":true,"href":"https:\/\/mersinkadingazetesi.com\/index.php?rest_route=%2Fwp%2Fv2%2Fcomments&post=32261"}],"version-history":[{"count":0,"href":"https:\/\/mersinkadingazetesi.com\/index.php?rest_route=\/wp\/v2\/posts\/32261\/revisions"}],"wp:featuredmedia":[{"embeddable":true,"href":"https:\/\/mersinkadingazetesi.com\/index.php?rest_route=\/wp\/v2\/media\/32262"}],"wp:attachment":[{"href":"https:\/\/mersinkadingazetesi.com\/index.php?rest_route=%2Fwp%2Fv2%2Fmedia&parent=32261"}],"wp:term":[{"taxonomy":"category","embeddable":true,"href":"https:\/\/mersinkadingazetesi.com\/index.php?rest_route=%2Fwp%2Fv2%2Fcategories&post=32261"},{"taxonomy":"post_tag","embeddable":true,"href":"https:\/\/mersinkadingazetesi.com\/index.php?rest_route=%2Fwp%2Fv2%2Ftags&post=32261"}],"curies":[{"name":"wp","href":"https:\/\/api.w.org\/{rel}","templated":true}]}}