{"id":32279,"date":"2024-04-30T12:59:46","date_gmt":"2024-04-30T09:59:46","guid":{"rendered":"http:\/\/mersinkadingazetesi.com\/?p=32279"},"modified":"2024-04-30T12:59:47","modified_gmt":"2024-04-30T09:59:47","slug":"ekmenden-secilen-belediye-baskanlarina-tebrik-ziyareti","status":"publish","type":"post","link":"https:\/\/mersinkadingazetesi.com\/?p=32279","title":{"rendered":"Ekmen\u2019den se\u00e7ilen belediye ba\u015fkanlar\u0131na tebrik ziyareti"},"content":{"rendered":"<p>DEVA Partisi Genel Ba\u015fkan Yard\u0131mc\u0131s\u0131 ve Mersin Milletvekili Mehmet Emin Ekmen, DEVA Partisi Mersin il te\u015fkilat\u0131yla birlikte se\u00e7ilen b\u00fcy\u00fck\u015fehir ve il\u00e7e belediye ba\u015fkanlar\u0131na tek tek tebrik ziyaretinde bulundu.<br \/>\nMilletvekili Ekmen, DEVA Partisi Mersin \u0130l Ba\u015fkan\u0131 Taner I\u015f\u0131kbay, Ba\u015fkan Yard\u0131mc\u0131s\u0131 Ferhat Ekmen ve Yeni\u015fehir Belediye Ba\u015fkan Aday\u0131 Faik Tok ile birlikte ilk ziyaretini yeniden se\u00e7ilen Mersin B\u00fcy\u00fck\u015fehir Belediye Ba\u015fkan\u0131 Vahap Se\u00e7er\u2019e yapt\u0131. Elde edilen net ba\u015far\u0131 nedeniyle Vahap Se\u00e7er\u2019i tebrik eden Ekmen, Mersinin kozmopolit yap\u0131s\u0131na bak\u0131nca bu sonucun olduk\u00e7a \u00f6nemli oldu\u011funa i\u015faret etti.<br \/>\nEkmen, daha sonra DEVA Partisi Mezitli Belediye Ba\u015fkan Aday\u0131 Nihat \u00d6zen\u2019in de beraberindeki heyete dahil olmas\u0131yla Mezitli Belediye Ba\u015fkan\u0131 Ahmet Serkan Tuncer\u2019e hay\u0131rl\u0131 olsun ziyaretinde bulundu. Buradan Toroslar il\u00e7esine ge\u00e7en Ekmen, se\u00e7ilen Belediye Ba\u015fkan\u0131 Abdurrahman Y\u0131ld\u0131z\u2019\u0131 tebrik ederek ba\u015far\u0131 dileklerini iletti.<br \/>\nMilletvekili Ekmen, daha sonra te\u015fkilat heyetiyle birlikte Yeni\u015fehir Belediye Ba\u015fkan Yard\u0131mc\u0131s\u0131 Zeki Ecer\u2019i makam\u0131nda ziyaret etti. Ekmen son olarak Akdeniz il\u00e7esine ge\u00e7erek E\u015f Belediye Ba\u015fkanlar\u0131 Ho\u015fyar Sar\u0131y\u0131ld\u0131z ve Nuriye Aslan\u2019a hay\u0131rl\u0131 olsun ziyaretinde bulundu. Her bir ba\u015fkan\u0131 tek tek tebrik eden Ekmen, Mersin halk\u0131na g\u00fczel hizmetlerde bulunulmas\u0131 i\u00e7in temennilerini ileterek ba\u015far\u0131lar diledi.<\/p>\n","protected":false},"excerpt":{"rendered":"<p>DEVA Partisi Genel Ba\u015fkan Yard\u0131mc\u0131s\u0131 ve Mersin Milletvekili Mehmet Emin Ekmen, DEVA Partisi Mersin il te\u015fkilat\u0131yla birlikte se\u00e7ilen b\u00fcy\u00fck\u015fehir ve il\u00e7e belediye ba\u015fkanlar\u0131na tek tek tebrik ziyaretinde bulundu. Milletvekili Ekmen, DEVA Partisi Mersin \u0130l Ba\u015fkan\u0131 Taner I\u015f\u0131kbay, Ba\u015fkan Yard\u0131mc\u0131s\u0131 Ferhat Ekmen ve Yeni\u015fehir Belediye Ba\u015fkan Aday\u0131 Faik Tok ile birlikte ilk ziyaretini yeniden se\u00e7ilen Mersin [&hellip;]<\/p>\n","protected":false},"author":2,"featured_media":32280,"comment_status":"open","ping_status":"open","sticky":false,"template":"","format":"standard","meta":{"footnotes":""},"categories":[3,6],"tags":[],"class_list":["post-32279","post","type-post","status-publish","format-standard","has-post-thumbnail","hentry","category-manset","category-siyaset-2"],"views":1,"_links":{"self":[{"href":"https:\/\/mersinkadingazetesi.com\/index.php?rest_route=\/wp\/v2\/posts\/32279"}],"collection":[{"href":"https:\/\/mersinkadingazetesi.com\/index.php?rest_route=\/wp\/v2\/posts"}],"about":[{"href":"https:\/\/mersinkadingazetesi.com\/index.php?rest_route=\/wp\/v2\/types\/post"}],"author":[{"embeddable":true,"href":"https:\/\/mersinkadingazetesi.com\/index.php?rest_route=\/wp\/v2\/users\/2"}],"replies":[{"embeddable":true,"href":"https:\/\/mersinkadingazetesi.com\/index.php?rest_route=%2Fwp%2Fv2%2Fcomments&post=32279"}],"version-history":[{"count":0,"href":"https:\/\/mersinkadingazetesi.com\/index.php?rest_route=\/wp\/v2\/posts\/32279\/revisions"}],"wp:featuredmedia":[{"embeddable":true,"href":"https:\/\/mersinkadingazetesi.com\/index.php?rest_route=\/wp\/v2\/media\/32280"}],"wp:attachment":[{"href":"https:\/\/mersinkadingazetesi.com\/index.php?rest_route=%2Fwp%2Fv2%2Fmedia&parent=32279"}],"wp:term":[{"taxonomy":"category","embeddable":true,"href":"https:\/\/mersinkadingazetesi.com\/index.php?rest_route=%2Fwp%2Fv2%2Fcategories&post=32279"},{"taxonomy":"post_tag","embeddable":true,"href":"https:\/\/mersinkadingazetesi.com\/index.php?rest_route=%2Fwp%2Fv2%2Ftags&post=32279"}],"curies":[{"name":"wp","href":"https:\/\/api.w.org\/{rel}","templated":true}]}}