{"id":32286,"date":"2024-05-01T12:41:45","date_gmt":"2024-05-01T09:41:45","guid":{"rendered":"http:\/\/mersinkadingazetesi.com\/?p=32286"},"modified":"2024-05-01T12:41:45","modified_gmt":"2024-05-01T09:41:45","slug":"ahmet-serkan-tuncerden-1-mayis-mesaji","status":"publish","type":"post","link":"https:\/\/mersinkadingazetesi.com\/?p=32286","title":{"rendered":"AHMET SERKAN TUNCER&#8217;DEN 1 MAYIS MESAJI"},"content":{"rendered":"<p>Mezitli Belediye Ba\u015fkan\u0131 Ahmet Serkan Tuncer, 1 May\u0131s Emek ve Dayan\u0131\u015fma G\u00fcn\u00fc nedeniyle bir mesaj yay\u0131nlad\u0131.<\/p>\n<p>Ba\u015fkan Tuncer; 1 May\u0131s&#8217;\u0131n eme\u011fiyle topluma hizmet eden t\u00fcm i\u015f\u00e7ilerin haklar\u0131n\u0131n hat\u0131rlanmas\u0131 ve de\u011fer verilmesi a\u00e7\u0131s\u0131ndan b\u00fcy\u00fck \u00f6nem ta\u015f\u0131d\u0131\u011f\u0131n\u0131 ifade ederek;&#8221;1 May\u0131s, i\u015f\u00e7i s\u0131n\u0131f\u0131n\u0131n tarih boyunca kazand\u0131\u011f\u0131 haklar\u0131 korumak ve iyile\u015ftirmek i\u00e7in verdi\u011fi m\u00fccadelenin bir simgesidir. Bug\u00fcn, bizlere emek\u00e7ilerin katk\u0131lar\u0131n\u0131 hat\u0131rlama ve onlar\u0131n hak ettikleri de\u011feri g\u00f6sterme f\u0131rsat\u0131 sunmaktad\u0131r. \u015eehrimizin her k\u00f6\u015fesinde, emekleriyle \u015fehrimizin geli\u015fimine katk\u0131 sa\u011flayan i\u015f\u00e7i karde\u015flerimizi selaml\u0131yor, onlar\u0131n g\u00fcc\u00fcn\u00fc ve azmini takdirle kar\u015f\u0131l\u0131yorum.&#8221; dedi.<\/p>\n<p>Ba\u015fkan Tuncer, Mezitli Belediyesi olarak i\u015f\u00e7ilerin \u00e7al\u0131\u015fma ko\u015fullar\u0131n\u0131n iyile\u015ftirilmesi ve haklar\u0131n\u0131n korunmas\u0131 i\u00e7in daha fazla \u00e7aba harcayacaklar\u0131n\u0131 belirterek;&#8221;Herkesin g\u00fcvenceli ve adil bir \u00e7al\u0131\u015fma ortam\u0131nda olmas\u0131, \u015fehrimizin refah\u0131 i\u00e7in \u00f6nemlidir. Bu vesileyle; t\u00fcm i\u015f\u00e7i karde\u015flerimin 1 May\u0131s \u0130\u015f\u00e7i Bayram\u0131&#8217;n\u0131 bir kez daha kutluyor, sa\u011fl\u0131k, mutluluk ve ba\u015far\u0131 dolu g\u00fcnler diliyorum. Gelecekte de emekleriyle \u015fehrimize de\u011fer katan herkesi desteklemeye ve yanlar\u0131nda olmaya devam edece\u011fiz. Hepinize sevgi ve sayg\u0131lar\u0131m\u0131 sunuyorum.&#8221; ifadelerini kulland\u0131<\/p>\n","protected":false},"excerpt":{"rendered":"<p>Mezitli Belediye Ba\u015fkan\u0131 Ahmet Serkan Tuncer, 1 May\u0131s Emek ve Dayan\u0131\u015fma G\u00fcn\u00fc nedeniyle bir mesaj yay\u0131nlad\u0131. Ba\u015fkan Tuncer; 1 May\u0131s&#8217;\u0131n eme\u011fiyle topluma hizmet eden t\u00fcm i\u015f\u00e7ilerin haklar\u0131n\u0131n hat\u0131rlanmas\u0131 ve de\u011fer verilmesi a\u00e7\u0131s\u0131ndan b\u00fcy\u00fck \u00f6nem ta\u015f\u0131d\u0131\u011f\u0131n\u0131 ifade ederek;&#8221;1 May\u0131s, i\u015f\u00e7i s\u0131n\u0131f\u0131n\u0131n tarih boyunca kazand\u0131\u011f\u0131 haklar\u0131 korumak ve iyile\u015ftirmek i\u00e7in verdi\u011fi m\u00fccadelenin bir simgesidir. Bug\u00fcn, bizlere emek\u00e7ilerin [&hellip;]<\/p>\n","protected":false},"author":2,"featured_media":32287,"comment_status":"open","ping_status":"open","sticky":false,"template":"","format":"standard","meta":{"footnotes":""},"categories":[3],"tags":[],"class_list":["post-32286","post","type-post","status-publish","format-standard","has-post-thumbnail","hentry","category-manset"],"views":1,"_links":{"self":[{"href":"https:\/\/mersinkadingazetesi.com\/index.php?rest_route=\/wp\/v2\/posts\/32286"}],"collection":[{"href":"https:\/\/mersinkadingazetesi.com\/index.php?rest_route=\/wp\/v2\/posts"}],"about":[{"href":"https:\/\/mersinkadingazetesi.com\/index.php?rest_route=\/wp\/v2\/types\/post"}],"author":[{"embeddable":true,"href":"https:\/\/mersinkadingazetesi.com\/index.php?rest_route=\/wp\/v2\/users\/2"}],"replies":[{"embeddable":true,"href":"https:\/\/mersinkadingazetesi.com\/index.php?rest_route=%2Fwp%2Fv2%2Fcomments&post=32286"}],"version-history":[{"count":0,"href":"https:\/\/mersinkadingazetesi.com\/index.php?rest_route=\/wp\/v2\/posts\/32286\/revisions"}],"wp:featuredmedia":[{"embeddable":true,"href":"https:\/\/mersinkadingazetesi.com\/index.php?rest_route=\/wp\/v2\/media\/32287"}],"wp:attachment":[{"href":"https:\/\/mersinkadingazetesi.com\/index.php?rest_route=%2Fwp%2Fv2%2Fmedia&parent=32286"}],"wp:term":[{"taxonomy":"category","embeddable":true,"href":"https:\/\/mersinkadingazetesi.com\/index.php?rest_route=%2Fwp%2Fv2%2Fcategories&post=32286"},{"taxonomy":"post_tag","embeddable":true,"href":"https:\/\/mersinkadingazetesi.com\/index.php?rest_route=%2Fwp%2Fv2%2Ftags&post=32286"}],"curies":[{"name":"wp","href":"https:\/\/api.w.org\/{rel}","templated":true}]}}