{"id":32289,"date":"2024-05-01T12:43:03","date_gmt":"2024-05-01T09:43:03","guid":{"rendered":"http:\/\/mersinkadingazetesi.com\/?p=32289"},"modified":"2024-05-01T12:43:03","modified_gmt":"2024-05-01T09:43:03","slug":"akdeniz-belediye-esbaskanlari-23-nisan-etkinligine-katildi-okul-yonetimine-sorusturma-acildi","status":"publish","type":"post","link":"https:\/\/mersinkadingazetesi.com\/?p=32289","title":{"rendered":"Akdeniz Belediye E\u015fba\u015fkanlar\u0131 23 Nisan etkinli\u011fine kat\u0131ld\u0131; okul y\u00f6netimine soru\u015fturma a\u00e7\u0131ld\u0131"},"content":{"rendered":"<p>DEM Parti Mersin Milletvekili Av. Ali Bozan, Akdeniz Belediyesi E\u015fba\u015fkanlar\u0131 Ho\u015fyar Sar\u0131y\u0131ld\u0131z ve Nuriye Arslan&#8217;\u0131n, 23 Nisan etkinlikleri kapsam\u0131nda Mersin&#8217;in Akdeniz il\u00e7esinde bulunan Hatice Ulu\u011f \u0130lkokulu&#8217;nda a\u00e7\u0131lan resim sergisine kat\u0131ld\u0131klar\u0131 i\u00e7in okul y\u00f6netimi hakk\u0131nda soru\u015fturma ba\u015flat\u0131ld\u0131\u011f\u0131 iddias\u0131 \u00fczerine konuyu Meclis&#8217;e ta\u015f\u0131d\u0131. Bozan, &#8220;Kenti saran bu iddia i\u00e7in a\u00e7\u0131klama bekliyoruz&#8221; dedi.<\/p>\n<p>Halklar\u0131n E\u015fitlik ve Demokrasi Partisi (DEM Parti) Mersin Milletvekili Av. Ali Bozan, Meclis k\u00fcrs\u00fcs\u00fcnde konuya ili\u015fkin \u015fu s\u00f6zleri s\u00f6yledi:<\/p>\n<p>&#8220;23 Nisan \u00c7ocuk Bayram\u0131 dolay\u0131s\u0131yla Hatice Ulu\u011f \u0130lkokulunda ba\u015far\u0131l\u0131 bir \u00f6\u011frencinin bir resim sergisi a\u00e7\u0131l\u0131yor. Okul idaresi taraf\u0131ndan sergiye kent protokol\u00fc davet ediliyor. Kent protokol\u00fcnden sadece Akdeniz Belediyesi E\u015fba\u015fkanlar\u0131 bu sergiye kat\u0131l\u0131yor ve \u00e7ocuklar\u0131n co\u015fkusuna ortak oluyor. Sonra ne mi oluyor? Bug\u00fcn o okulun idarecileri ile ilgili soru\u015fturma y\u00fcr\u00fct\u00fcld\u00fc\u011f\u00fcn\u00fc duyuyoruz. Kenti bu iddia sarm\u0131\u015f ve kentte herkes bu iddia ile ilgili bir cevap bekliyor. \u015eimdi mafyalar\u0131n, \u00e7etelerin ara\u015ft\u0131r\u0131lmas\u0131n\u0131 istiyoruz ya; i\u015fte tam da mafya budur, tam da \u00e7etele\u015fme budur. Bug\u00fcne kadar bayrak \u00fczerinden, \u0130stiklal Mar\u015f\u0131 \u00fczerinden her f\u0131rsatta partimizi ter\u00f6rize edenlerin ger\u00e7ek y\u00fcz\u00fcn\u00fc ortaya koyan budur. T\u00fcm \u00fclke kamuoyunu Mersin&#8217;de bu \u00e7irkinli\u011fe f\u0131rsat a\u00e7anlara, bu \u00fclkenin huzurunu ka\u00e7\u0131rmaya \u00e7al\u0131\u015fanlara, bir okul m\u00fcd\u00fcr\u00fcn\u00fc g\u00f6revden alma d\u00fc\u015f\u00fcncesi sefilli\u011fine ula\u015fanlara kar\u015f\u0131 ses \u00e7\u0131karmaya davet ediyorum&#8221;.<\/p>\n","protected":false},"excerpt":{"rendered":"<p>DEM Parti Mersin Milletvekili Av. Ali Bozan, Akdeniz Belediyesi E\u015fba\u015fkanlar\u0131 Ho\u015fyar Sar\u0131y\u0131ld\u0131z ve Nuriye Arslan&#8217;\u0131n, 23 Nisan etkinlikleri kapsam\u0131nda Mersin&#8217;in Akdeniz il\u00e7esinde bulunan Hatice Ulu\u011f \u0130lkokulu&#8217;nda a\u00e7\u0131lan resim sergisine kat\u0131ld\u0131klar\u0131 i\u00e7in okul y\u00f6netimi hakk\u0131nda soru\u015fturma ba\u015flat\u0131ld\u0131\u011f\u0131 iddias\u0131 \u00fczerine konuyu Meclis&#8217;e ta\u015f\u0131d\u0131. Bozan, &#8220;Kenti saran bu iddia i\u00e7in a\u00e7\u0131klama bekliyoruz&#8221; dedi. Halklar\u0131n E\u015fitlik ve Demokrasi Partisi [&hellip;]<\/p>\n","protected":false},"author":2,"featured_media":32290,"comment_status":"open","ping_status":"open","sticky":false,"template":"","format":"standard","meta":{"footnotes":""},"categories":[3,5],"tags":[],"class_list":["post-32289","post","type-post","status-publish","format-standard","has-post-thumbnail","hentry","category-manset","category-mersin"],"views":46,"_links":{"self":[{"href":"https:\/\/mersinkadingazetesi.com\/index.php?rest_route=\/wp\/v2\/posts\/32289"}],"collection":[{"href":"https:\/\/mersinkadingazetesi.com\/index.php?rest_route=\/wp\/v2\/posts"}],"about":[{"href":"https:\/\/mersinkadingazetesi.com\/index.php?rest_route=\/wp\/v2\/types\/post"}],"author":[{"embeddable":true,"href":"https:\/\/mersinkadingazetesi.com\/index.php?rest_route=\/wp\/v2\/users\/2"}],"replies":[{"embeddable":true,"href":"https:\/\/mersinkadingazetesi.com\/index.php?rest_route=%2Fwp%2Fv2%2Fcomments&post=32289"}],"version-history":[{"count":0,"href":"https:\/\/mersinkadingazetesi.com\/index.php?rest_route=\/wp\/v2\/posts\/32289\/revisions"}],"wp:featuredmedia":[{"embeddable":true,"href":"https:\/\/mersinkadingazetesi.com\/index.php?rest_route=\/wp\/v2\/media\/32290"}],"wp:attachment":[{"href":"https:\/\/mersinkadingazetesi.com\/index.php?rest_route=%2Fwp%2Fv2%2Fmedia&parent=32289"}],"wp:term":[{"taxonomy":"category","embeddable":true,"href":"https:\/\/mersinkadingazetesi.com\/index.php?rest_route=%2Fwp%2Fv2%2Fcategories&post=32289"},{"taxonomy":"post_tag","embeddable":true,"href":"https:\/\/mersinkadingazetesi.com\/index.php?rest_route=%2Fwp%2Fv2%2Ftags&post=32289"}],"curies":[{"name":"wp","href":"https:\/\/api.w.org\/{rel}","templated":true}]}}