{"id":32303,"date":"2024-05-01T12:50:14","date_gmt":"2024-05-01T09:50:14","guid":{"rendered":"http:\/\/mersinkadingazetesi.com\/?p=32303"},"modified":"2024-05-01T12:50:14","modified_gmt":"2024-05-01T09:50:14","slug":"kadinlar-hem-sosyallestikleri-hem-de-moral-bulduklari-bir-gun-gecirdi","status":"publish","type":"post","link":"https:\/\/mersinkadingazetesi.com\/?p=32303","title":{"rendered":"KADINLAR, HEM SOSYALLE\u015eT\u0130KLER\u0130 HEM DE MORAL BULDUKLARI B\u0130R G\u00dcN GE\u00c7\u0130RD\u0130"},"content":{"rendered":"<p>G\u00fc\u00e7l\u00fc kad\u0131n g\u00fc\u00e7l\u00fc toplum anlay\u0131\u015f\u0131 ile kentte kad\u0131n g\u00f6r\u00fcn\u00fcrl\u00fc\u011f\u00fcn\u00fc art\u0131ran Mersin B\u00fcy\u00fck\u015fehir Belediyesi Kad\u0131n ve Aile Hizmetleri Dairesi Ba\u015fkanl\u0131\u011f\u0131 b\u00fcnyesinde Etkinlik ve Sanat Merkezinde &#8216;Kad\u0131n ve Bisiklet&#8217; temal\u0131 sanat \u00e7al\u0131\u015fmas\u0131 etkinli\u011fi d\u00fczenledi. Etkinlikte; kad\u0131nlar\u0131n sosyalli\u011fini art\u0131rmak, sanat \u00e7al\u0131\u015fmalar\u0131nda yer almalar\u0131n\u0131 desteklemek, \u00e7evre bilinci olu\u015fturmak, \u00f6zg\u00fcrl\u00fck ve bisiklet konular\u0131nda fark\u0131ndal\u0131k olu\u015fturmak ama\u00e7land\u0131. Tuvalini ve boyas\u0131n\u0131 kap\u0131p gelen kad\u0131n ve \u00e7ocuklar denize kar\u015f\u0131 a\u00e7\u0131k alanda renkleri \u00f6zg\u00fcrce kulland\u0131. Etkinlikte, TADEKA (Tarsus&#8217;a De\u011fer Katanlar Kurulu) Plastik Sanatlar Kurulu&#8217;ndan 42 sanatsever de yer ald\u0131. Sanat\u0131n iyile\u015ftirici g\u00fcc\u00fcn\u00fc hep birlikte deneyimleyen kad\u0131nlar hem sosyal hem ruhsal y\u00f6nden \u015fifaland\u0131klar\u0131 g\u00fczel bir ge\u00e7irdiler.<\/p>\n<p>T\u00fcfek\u00e7i: &#8220;B\u00f6yle ortamlarda harika \u00fcretim \u00e7\u0131k\u0131yor&#8221;<\/p>\n<p>TADEKA Plastik Sanatlar Kurulu \u00fcyelerinden sanat\u00e7\u0131 Sema T\u00fcfek\u00e7i, etkinlik i\u00e7in Tarsus&#8217;tan geldiklerini ve \u00e7ok g\u00fczel bir organizasyon oldu\u011funu ifade etti. Etkinli\u011fe kat\u0131lmaktan dolay\u0131 olduk\u00e7a mutlu oldu\u011funu aktaran T\u00fcfek\u00e7i, &#8220;B\u00f6yle ortamlarda harika \u00fcretim \u00e7\u0131kar. Sanat demek, \u00f6zg\u00fcrl\u00fck demek; bisiklet de \u00f6zg\u00fcrl\u00fck demek. Bir kad\u0131n\u0131n bisiklete binmesi ve \u00f6zg\u00fcrce h\u0131zl\u0131 bir \u015fekilde gidebilmesi herhalde insan\u0131n ya\u015fayabilece\u011fi en g\u00fczel duygulardan biridir. Bir sanat\u00e7\u0131 ancak yarat\u0131mlar\u0131n\u0131 \u00f6zg\u00fcr bir \u015fekilde \u00e7al\u0131\u015ft\u0131\u011f\u0131 zaman ortaya koyar. O y\u00fczden bu ikisi \u00e7ok g\u00fczel bir ikili&#8221; dedi. Etkinlikte herkesi kad\u0131n\u0131, do\u011fay\u0131 ve bisikleti kendi \u00f6zg\u00fcn tarz\u0131 ile resmetti\u011fini dile getiren T\u00fcfek\u00e7i, B\u00fcy\u00fck\u015fehir Belediyesi&#8217;nin yapt\u0131\u011f\u0131 \u00e7al\u0131\u015fmalarla di\u011fer belediyelerin \u00f6n\u00fcne ge\u00e7irdi\u011fini de s\u00f6zlerine ekledi.<\/p>\n<p>&#8220;B\u00fcy\u00fck\u015fehir, yapt\u0131\u011f\u0131 \u00e7al\u0131\u015fmalarla di\u011fer belediyelerin \u00f6n\u00fcne ge\u00e7iyor&#8221;<\/p>\n<p>B\u00fcy\u00fck\u015fehir Belediyesi&#8217;nin kad\u0131na de\u011fer veren bir belediye oldu\u011funu s\u00f6yleyen T\u00fcfek\u00e7i, &#8220;Kad\u0131na verilen de\u011ferle birlikte kad\u0131nlar g\u00fc\u00e7leniyor. Sosyal ortamlarda kendisine imk\u00e2n buluyor ve emeklerini bir \u015fekilde de\u011ferlendiriyor Bunlar\u0131n hepsi \u00e7ok \u00f6nemli. Bu \u00e7al\u0131\u015fmalar\u0131n \u00fclkemize de katk\u0131 sa\u011flayaca\u011f\u0131n\u0131 d\u00fc\u015f\u00fcn\u00fcyorum. Kad\u0131nlar\u0131n g\u00fc\u00e7l\u00fc olmas\u0131 demek g\u00fc\u00e7l\u00fc bir T\u00fcrkiye demektir&#8221; diyerek yap\u0131lan faaliyetlerin toplumda bir de\u011fer kataca\u011f\u0131n\u0131 vurgulad\u0131.<\/p>\n<p>Etkinlikte, kad\u0131nlar hem sosyalle\u015fti hem de moral buldu<\/p>\n<p>Akademisyen Neriman Beslem, etkinli\u011fi duyunca sevindi\u011fini ve b\u00fct\u00fcn i\u015flerini b\u0131rak\u0131p geldi\u011fini dile getirerek, &#8220;Benim i\u00e7in de\u011ferli ve \u00e7ok g\u00fczel bir ortam. Kad\u0131n \u00f6zg\u00fcrle\u015fti\u011finde b\u00fct\u00fcn d\u00fcnyaya hayat katar. Kad\u0131n\u0131n ruhu o kadar derin ki, \u00f6zg\u00fcr oldu\u011funda b\u00fct\u00fcn derinlikler i\u00e7erisinde insanl\u0131\u011f\u0131n iyili\u011fine ve refah\u0131na olacak \u00e7ok \u015fey yapabilir. Bisiklet de do\u011faya uygun bir ara\u00e7 ve herkesin kullanmas\u0131 gereken bir ara\u00e7. Etkinli\u011fi m\u00fckemmel buldum. Benim ruhuma \u00e7ok iyi geldi. Haftan\u0131n 5 g\u00fcn\u00fc yo\u011fun bir \u015fekilde \u00e7al\u0131\u015f\u0131yoruz. Burada b\u00fct\u00fcn stresimi att\u0131m&#8221; ifadelerini kulland\u0131.<\/p>\n<p>Resim \u00f6\u011fretmeni Esin K\u00fc\u00e7\u00fck, etkinlik sayesinde kad\u0131nlar\u0131n hem sosyalle\u015ftiklerini hem de moral bulduklar\u0131n\u0131 ifade ederek, &#8220;Etkinlik, festival havas\u0131nda \u00e7ok g\u00fczel ge\u00e7ti ve burada olmaktan \u00e7ok mutlu oldum. \u0130yi ki gelmi\u015fim diyorum. Sosyalle\u015fti\u011fimiz, kad\u0131nlarla birlikte el ele oldu\u011fumuz g\u00fczel bir g\u00fcn ge\u00e7irdik&#8221; dedi.<\/p>\n<p>TADEKA \u00fcyelerinden Nagehan Karg\u0131l\u0131, daha \u00f6nce b\u00f6yle bir etkinli\u011fe hi\u00e7 kat\u0131lmad\u0131\u011f\u0131n\u0131 belirterek, &#8220;Daha \u00f6nce arkada\u015f\u0131m\u0131zla b\u00f6yle bir \u00e7al\u0131\u015fma yapmam\u0131\u015ft\u0131k. Kad\u0131nlar bir arada olmaktan dolay\u0131 mutlular. Ayn\u0131 zamanda sosyalle\u015fiyoruz. Ben daha \u00f6nce b\u00f6yle etkinlikleri Avrupa \u00fclkelerinde g\u00f6rm\u00fc\u015ft\u00fcm ama biz bunu daha \u00f6nce ya\u015famam\u0131\u015ft\u0131k. B\u00fcy\u00fck\u015fehir sayesinde bunu ya\u015fad\u0131k. \u00c7ok memnunuz&#8221; diye konu\u015ftu.<\/p>\n<p>Etkinlik sayesinde yeni insanlar tan\u0131d\u0131\u011f\u0131n\u0131 s\u00f6yleyen Ela G\u00fcnge\u00e7, &#8220;Burada zaman su gibi ak\u0131p ge\u00e7ti. B\u00fcy\u00fck\u015fehir Belediyesi bize b\u00f6yle bir alan sa\u011flad\u0131\u011f\u0131 i\u00e7in gayet mutlu oldum ve vakit \u00e7ok e\u011flenceli ge\u00e7ti. Ben B\u00fcy\u00fck\u015fehir Belediyesi&#8217;nin yapt\u0131\u011f\u0131 di\u011fer etkinlikle kat\u0131l\u0131yorum. Daha \u00f6nce \u00fclkemizde hi\u00e7 b\u00f6yle bir etkinlik duymad\u0131m ve b\u00f6yle bir yere ilk kez geliyorum&#8221; dedi.<\/p>\n<p>Etkinli\u011fe kat\u0131lan \u00e7ocuklardan Zeynep Uyar ise, &#8220;Babamla sahilde gezerken buray\u0131 g\u00f6rd\u00fcm ve etkinlik yap\u0131ld\u0131\u011f\u0131n\u0131 fark edince kat\u0131lmak istedim. Ders yo\u011funlu\u011fumdan sonra bana iyi geldi ve enerjim y\u00fckseldi&#8221; s\u00f6zlerine yer verdi.<\/p>\n","protected":false},"excerpt":{"rendered":"<p>G\u00fc\u00e7l\u00fc kad\u0131n g\u00fc\u00e7l\u00fc toplum anlay\u0131\u015f\u0131 ile kentte kad\u0131n g\u00f6r\u00fcn\u00fcrl\u00fc\u011f\u00fcn\u00fc art\u0131ran Mersin B\u00fcy\u00fck\u015fehir Belediyesi Kad\u0131n ve Aile Hizmetleri Dairesi Ba\u015fkanl\u0131\u011f\u0131 b\u00fcnyesinde Etkinlik ve Sanat Merkezinde &#8216;Kad\u0131n ve Bisiklet&#8217; temal\u0131 sanat \u00e7al\u0131\u015fmas\u0131 etkinli\u011fi d\u00fczenledi. Etkinlikte; kad\u0131nlar\u0131n sosyalli\u011fini art\u0131rmak, sanat \u00e7al\u0131\u015fmalar\u0131nda yer almalar\u0131n\u0131 desteklemek, \u00e7evre bilinci olu\u015fturmak, \u00f6zg\u00fcrl\u00fck ve bisiklet konular\u0131nda fark\u0131ndal\u0131k olu\u015fturmak ama\u00e7land\u0131. Tuvalini ve boyas\u0131n\u0131 kap\u0131p [&hellip;]<\/p>\n","protected":false},"author":2,"featured_media":32304,"comment_status":"open","ping_status":"open","sticky":false,"template":"","format":"standard","meta":{"footnotes":""},"categories":[1,2,3],"tags":[],"class_list":["post-32303","post","type-post","status-publish","format-standard","has-post-thumbnail","hentry","category-genel","category-gundem","category-manset"],"views":1,"_links":{"self":[{"href":"https:\/\/mersinkadingazetesi.com\/index.php?rest_route=\/wp\/v2\/posts\/32303"}],"collection":[{"href":"https:\/\/mersinkadingazetesi.com\/index.php?rest_route=\/wp\/v2\/posts"}],"about":[{"href":"https:\/\/mersinkadingazetesi.com\/index.php?rest_route=\/wp\/v2\/types\/post"}],"author":[{"embeddable":true,"href":"https:\/\/mersinkadingazetesi.com\/index.php?rest_route=\/wp\/v2\/users\/2"}],"replies":[{"embeddable":true,"href":"https:\/\/mersinkadingazetesi.com\/index.php?rest_route=%2Fwp%2Fv2%2Fcomments&post=32303"}],"version-history":[{"count":0,"href":"https:\/\/mersinkadingazetesi.com\/index.php?rest_route=\/wp\/v2\/posts\/32303\/revisions"}],"wp:featuredmedia":[{"embeddable":true,"href":"https:\/\/mersinkadingazetesi.com\/index.php?rest_route=\/wp\/v2\/media\/32304"}],"wp:attachment":[{"href":"https:\/\/mersinkadingazetesi.com\/index.php?rest_route=%2Fwp%2Fv2%2Fmedia&parent=32303"}],"wp:term":[{"taxonomy":"category","embeddable":true,"href":"https:\/\/mersinkadingazetesi.com\/index.php?rest_route=%2Fwp%2Fv2%2Fcategories&post=32303"},{"taxonomy":"post_tag","embeddable":true,"href":"https:\/\/mersinkadingazetesi.com\/index.php?rest_route=%2Fwp%2Fv2%2Ftags&post=32303"}],"curies":[{"name":"wp","href":"https:\/\/api.w.org\/{rel}","templated":true}]}}