{"id":32306,"date":"2024-05-01T12:55:23","date_gmt":"2024-05-01T09:55:23","guid":{"rendered":"http:\/\/mersinkadingazetesi.com\/?p=32306"},"modified":"2024-05-01T12:55:23","modified_gmt":"2024-05-01T09:55:23","slug":"mersin-milletvekili-kistan-yeni-iliclere-sebep-olacak-maden-kanununa-tepki","status":"publish","type":"post","link":"https:\/\/mersinkadingazetesi.com\/?p=32306","title":{"rendered":"MERS\u0130N M\u0130LLETVEK\u0130L\u0130 KI\u015e&#8217;TAN YEN\u0130 \u0130L\u0130\u00c7&#8217;LERE SEBEP OLACAK MADEN KANUNU&#8217;NA TEPK\u0130"},"content":{"rendered":"<p>Mersin Milletvekili G\u00fclcan K\u0131\u015f, Erzincan \u0130li\u00e7 maden facias\u0131nda toprak alt\u0131nda kalan 9 i\u015f\u00e7inin tamam\u0131na ula\u015f\u0131lamam\u0131\u015fken, ailelerin g\u00f6zleri ya\u015fl\u0131 iken, topraklar\u0131m\u0131zda yeni talanlara davetiye \u00e7\u0131karan Maden Yasas\u0131&#8217;na tepki g\u00f6sterdi. <\/p>\n<p>Akp, \u0130mar Plans\u0131z Enerji Santrallerine Kap\u0131 Aral\u0131yor<\/p>\n<p>TBMM Genel Kurulu&#8217;nda g\u00f6r\u00fc\u015f\u00fclen Maden Kanunu \u00fczerine CHP Grubu ad\u0131na konu\u015fma yapan K\u0131\u015f, \u0130mar plans\u0131z enerji santrallerine kap\u0131 araland\u0131\u011f\u0131n\u0131, yabanc\u0131lara topraklar\u0131m\u0131zda yeni kapit\u00fclasyonlar ve tavizler verilece\u011fini, do\u011fa talan\u0131na kap\u0131 araland\u0131\u011f\u0131n\u0131 belirterek tepki g\u00f6sterdi. <\/p>\n<p>T\u00fcrkiye haritas\u0131na bak\u0131nca 22 y\u0131lda \u00fclkenin her yerinde do\u011fan\u0131n, enerji yat\u0131r\u0131mlar\u0131 ad\u0131 alt\u0131nda tahrip edildi\u011fini ve kanunla da ama\u00e7lanan\u0131n bu oldu\u011funu belirten K\u0131\u015f, &#8220;madencilik faaliyetlerini zorla\u015ft\u0131r\u0131lan mevcut uygulamalar\u0131nda kald\u0131r\u0131lmas\u0131 hedeflenmektedir&#8221; dedi.  <\/p>\n<p>K\u00fcrs\u00fc konu\u015fmas\u0131nda, orman alanlar\u0131n\u0131n, tar\u0131m alanlar\u0131n\u0131n, zeytinliklerin yok edildi\u011fini ifade eden K\u0131\u015f, bu itiraf\u0131n bizzat \u00c7evre Bakan\u0131 \u00d6zhaseki&#8217;den gelmesinin \u00e7ok manidar oldu\u011funa vurgu yapt\u0131. <\/p>\n<p>K\u0131\u015f \u015funlar\u0131 s\u00f6yledi: &#8220;\u00c7evre Bakan\u0131 \u00d6zhaseki k\u0131sa s\u00fcre \u00f6nce, &#8220;Her taraf\u0131 yemye\u015fil, z\u00fcmr\u00fct gibi olan Anadolu co\u011frafyas\u0131n\u0131 adeta talan ettik. A\u011fa\u00e7lar\u0131m\u0131z\u0131 yok ettik, ormanlar\u0131m\u0131z\u0131 da kel hale getirdik&#8221; dedi. Kaz da\u011flar\u0131n\u0131n, Akbelen&#8217;in hali ortada. Say\u0131n Bakan 22 y\u0131ll\u0131k AKP h\u00fck\u00fcmetinin \u00f6zetini yapm\u0131\u015ft\u0131r. Yani T\u00fcrkiye&#8217;nin d\u00f6rt bir yan\u0131 talan ediliyor. Kanun teklifinin b\u00fct\u00fcn\u00fcne bakt\u0131\u011f\u0131m\u0131zda \u015funu g\u00f6r\u00fcyoruz:Apar topar haz\u0131rlanm\u0131\u015f, sadece belli bir ama\u00e7 do\u011frultusunda Meclise getirilmi\u015ftir. Birilerine verilmi\u015f s\u00f6zlerin yerine getirilmesini hedeflemektedir. Ne enerji sekt\u00f6r\u00fc temsilcilerine, ne de T\u00fcrk M\u00fchendis ve Mimar Odalar\u0131 Birli\u011fi&#8217;nin fikirlerine, ba\u015fvurulmad\u0131\u011f\u0131 \u00e7ok a\u00e7\u0131k \u015fekilde g\u00f6r\u00fclmektedir.&#8221;<\/p>\n<p>Milletvekili K\u0131\u015f, AKP h\u00fck\u00fcmeti&#8217;nin ekonomik krizden \u00e7\u0131k\u0131\u015folarak s\u0131cak para aray\u0131\u015f\u0131na devam etti\u011fini bunun i\u00e7in de yabanc\u0131 devletlere tavizler verildi\u011fini belirterek \u015funlar\u0131s\u00f6yledi: &#8220;D\u0131\u015fi\u015fleri Komisyonu&#8217;nda g\u00f6r\u00fc\u015f\u00fclmesi beklenenBirle\u015fik Arap Emirlikleri ile enerji anla\u015fmas\u0131n\u0131n \u00f6nhaz\u0131rl\u0131\u011f\u0131n\u0131n yap\u0131lmak istendi\u011fi a\u00e7\u0131kt\u0131r. AKP&#8217;nin, ekonomikkriz nedeniyle, acil olarak d\u0131\u015far\u0131dan s\u0131cak paraya ihtiyac\u0131oldu\u011funu da hesaba katt\u0131\u011f\u0131m\u0131zda, Birle\u015fik Arap Emirlikleriba\u015fta olmak \u00fczere yabanc\u0131lara, topraklar\u0131m\u0131zda rant alanlar\u0131a\u00e7\u0131ld\u0131\u011f\u0131 g\u00f6r\u00fclmektedir&#8221;.<\/p>\n<p>T\u00fcrkiye Enerjide D\u0131\u015fa Ba\u011f\u0131ml\u0131l\u0131kta Y\u00fczde 75&#8217;i Ge\u00e7ti<\/p>\n<p>Enerjide d\u0131\u015fa ba\u011f\u0131ml\u0131l\u0131\u011f\u0131n y\u00fczde 75&#8217;i ge\u00e7ti\u011fine dikkat \u00e7eken K\u0131\u015f, AKP&#8217;nin kamu yarar\u0131 g\u00f6zetmeyen, d\u0131\u015fa ba\u011f\u0131ml\u0131l\u0131\u011f\u0131 artt\u0131racak, ak\u0131ldan, bilimden, ger\u00e7ek\u00e7i enerji politikalar\u0131ndan uzak bir kanun teklifinde diretti\u011fini ifade etti. <\/p>\n<p>Kanun teklifinde, yenilenebilir enerji kaynaklar\u0131ndan elektrik\u00fcreten santral sahiplerine, d\u00f6vizle al\u0131m garantisi verilmekistedi\u011fine vurgu yapan K\u0131\u015f, bu durumun elektrik fiyatlar\u0131ndaciddi art\u0131\u015flar\u0131 beraberinde getirece\u011fini ve vatanda\u015flar\u0131nfaturlar\u0131na yans\u0131yaca\u011f\u0131n\u0131 belirtti. <\/p>\n<p>Akkuyu N\u00fckleer Santrali Bekleyen Tehlike<\/p>\n<p>K\u0131\u015f konu\u015fmas\u0131na \u015f\u00f6yle devam etti: &#8220;D\u00fczenleme ile, \u0130mar plan\u0131yap\u0131lmaks\u0131z\u0131n do\u011fal alanlar \u00fczerine enerji tesisi kurulmas\u0131n\u0131n\u00f6n\u00fc a\u00e7\u0131lmaktad\u0131r. Kamu kurumlar\u0131 ve ilgili belediyelerinyetkisi alt\u0131nda olmas\u0131 gereken imar plan\u0131 yetkileri, ortadankald\u0131r\u0131l\u0131yor. Kamuya ait kaynaklar\u0131n verimsiz kullan\u0131lmas\u0131 vedenetimin yap\u0131lmamas\u0131n\u0131n \u00f6n\u00fc a\u00e7\u0131l\u0131yor. Yine teklifte sak\u0131ncal\u0131buldu\u011fumuz bir di\u011fer madde de:<\/p>\n<p>N\u00fckleer maddelerin ta\u015f\u0131nmas\u0131 i\u015fine ili\u015fkindir. N\u00fckleermaddelerin ta\u015f\u0131nmas\u0131 i\u015fine dair sigortalama ve teminat y\u00fck\u00fcml\u00fcl\u00fc\u011f\u00fcn\u00fcn, ta\u015f\u0131may\u0131 yapacak \u00fc\u00e7\u00fcnc\u00fc tarafa y\u00fckletilmesi istenmektedir. Bilindi\u011fi \u00fczere, N\u00fckleer maddelerin ta\u015f\u0131nmas\u0131 s\u00fcreci ciddi riskler bar\u0131nd\u0131rmaktad\u0131r.<\/p>\n<p>Se\u00e7im b\u00f6lgem Mersin&#8217;de ki Akkuyu N\u00fckleer G\u00fc\u00e7 Santrali projesinin, at\u0131klar\u0131n\u0131n y\u00f6netimi konusu bile hala belirlenmemi\u015ftir. Akkuyu N\u00fckleer Santral A\u015e&#8217;nin ve Rosatom&#8217;un bu konudaki y\u00fck\u00fcml\u00fcl\u00fckleri belirsizken, n\u00fckleer madde ta\u015f\u0131ma i\u015finin \u00fc\u00e7\u00fcnc\u00fc ki\u015filere devri kabul edilemez.\u0130\u015fleten, hukuki sorumluluktan ka\u00e7maktad\u0131r. N\u00fckleer madde ta\u015f\u0131nmas\u0131 s\u0131ras\u0131nda do\u011facak zararlarla ilgili T\u00fcrkiye,i\u015fletenden bir hak talep edemeyecektir. 14. Madde kanun teklifi metninden \u00e7\u0131kar\u0131lmal\u0131d\u0131r.<\/p>\n<p>Milletvekili K\u0131\u015f, T\u00fcrkiye&#8217;nin enerjide kontrol\u00fc eline almad\u0131\u011f\u0131s\u00fcrece d\u0131\u015fa ba\u011f\u0131ml\u0131l\u0131\u011f\u0131n devam edece\u011fini, bu nedenle\u00fclkemizin bir an evvel ulusal \u00e7\u0131karlar\u0131 g\u00f6zeten, yerli, kararl\u0131ve ger\u00e7ek\u00e7i bir enerji politikas\u0131 olu\u015fturmas\u0131 gerekti\u011fine dikkat\u00e7ekti. <\/p>\n","protected":false},"excerpt":{"rendered":"<p>Mersin Milletvekili G\u00fclcan K\u0131\u015f, Erzincan \u0130li\u00e7 maden facias\u0131nda toprak alt\u0131nda kalan 9 i\u015f\u00e7inin tamam\u0131na ula\u015f\u0131lamam\u0131\u015fken, ailelerin g\u00f6zleri ya\u015fl\u0131 iken, topraklar\u0131m\u0131zda yeni talanlara davetiye \u00e7\u0131karan Maden Yasas\u0131&#8217;na tepki g\u00f6sterdi. Akp, \u0130mar Plans\u0131z Enerji Santrallerine Kap\u0131 Aral\u0131yor TBMM Genel Kurulu&#8217;nda g\u00f6r\u00fc\u015f\u00fclen Maden Kanunu \u00fczerine CHP Grubu ad\u0131na konu\u015fma yapan K\u0131\u015f, \u0130mar plans\u0131z enerji santrallerine kap\u0131 araland\u0131\u011f\u0131n\u0131, yabanc\u0131lara [&hellip;]<\/p>\n","protected":false},"author":2,"featured_media":32307,"comment_status":"open","ping_status":"open","sticky":false,"template":"","format":"standard","meta":{"footnotes":""},"categories":[2,3,6],"tags":[],"class_list":["post-32306","post","type-post","status-publish","format-standard","has-post-thumbnail","hentry","category-gundem","category-manset","category-siyaset-2"],"views":8,"_links":{"self":[{"href":"https:\/\/mersinkadingazetesi.com\/index.php?rest_route=\/wp\/v2\/posts\/32306"}],"collection":[{"href":"https:\/\/mersinkadingazetesi.com\/index.php?rest_route=\/wp\/v2\/posts"}],"about":[{"href":"https:\/\/mersinkadingazetesi.com\/index.php?rest_route=\/wp\/v2\/types\/post"}],"author":[{"embeddable":true,"href":"https:\/\/mersinkadingazetesi.com\/index.php?rest_route=\/wp\/v2\/users\/2"}],"replies":[{"embeddable":true,"href":"https:\/\/mersinkadingazetesi.com\/index.php?rest_route=%2Fwp%2Fv2%2Fcomments&post=32306"}],"version-history":[{"count":0,"href":"https:\/\/mersinkadingazetesi.com\/index.php?rest_route=\/wp\/v2\/posts\/32306\/revisions"}],"wp:featuredmedia":[{"embeddable":true,"href":"https:\/\/mersinkadingazetesi.com\/index.php?rest_route=\/wp\/v2\/media\/32307"}],"wp:attachment":[{"href":"https:\/\/mersinkadingazetesi.com\/index.php?rest_route=%2Fwp%2Fv2%2Fmedia&parent=32306"}],"wp:term":[{"taxonomy":"category","embeddable":true,"href":"https:\/\/mersinkadingazetesi.com\/index.php?rest_route=%2Fwp%2Fv2%2Fcategories&post=32306"},{"taxonomy":"post_tag","embeddable":true,"href":"https:\/\/mersinkadingazetesi.com\/index.php?rest_route=%2Fwp%2Fv2%2Ftags&post=32306"}],"curies":[{"name":"wp","href":"https:\/\/api.w.org\/{rel}","templated":true}]}}