{"id":32341,"date":"2024-05-03T12:31:03","date_gmt":"2024-05-03T09:31:03","guid":{"rendered":"http:\/\/mersinkadingazetesi.com\/?p=32341"},"modified":"2024-05-03T12:31:03","modified_gmt":"2024-05-03T09:31:03","slug":"basin-ozgurlugunu-sonuna-kadar-savunuyoruz","status":"publish","type":"post","link":"https:\/\/mersinkadingazetesi.com\/?p=32341","title":{"rendered":"BASIN \u00d6ZG\u00dcRL\u00dc\u011e\u00dcN\u00dc SONUNA KADAR SAVUNUYORUZ"},"content":{"rendered":"<p>Cumhuriyet Halk Partisi Mezitli \u0130l\u00e7e Ba\u015fkan\u0131 Av. Ula\u015f Y\u0131lmaz, ileti\u015fim \u00f6zg\u00fcrl\u00fc\u011f\u00fcn\u00fcn \u00f6nemine i\u015faret ederek, &#8220;G\u00fc\u00e7l\u00fc, yans\u0131z, ilkeli, demokratik bir medya temel hedefimiz. Bas\u0131n haklar\u0131 ve ileti\u015fim \u00f6zg\u00fcrl\u00fc\u011f\u00fcn\u00fc sonuna kadar savunuyoruz&#8221; ifadelerini kulland\u0131.<\/p>\n<p>Cumhuriyet Halk Partisi (CHP) Mezitli \u0130l\u00e7e Ba\u015fkan\u0131 Av. Ula\u015f Y\u0131lmaz, 3 May\u0131s D\u00fcnya Bas\u0131n \u00d6zg\u00fcrl\u00fc\u011f\u00fc G\u00fcn\u00fc mesaj\u0131nda, Bas\u0131n \u00d6zg\u00fcrl\u00fc\u011f\u00fc Endeksinde T\u00fcrkiye&#8217;nin 180 \u00fclke i\u00e7erisinde 158. s\u0131rada yer ald\u0131\u011f\u0131n\u0131 s\u00f6yledi.<br \/>\n\u0130leti\u015fim \u00f6zg\u00fcrl\u00fc\u011f\u00fcn\u00fcn demokratik sistemin temel ko\u015fullar\u0131ndan biri oldu\u011funa i\u015faret eden Y\u0131lmaz, &#8220;Cumhuriyet Halk Partisi olarak g\u00fc\u00e7l\u00fc, yans\u0131z, ilkeli, demokratik bir medya temel hedefimiz. Yay\u0131nlarda sans\u00fcr veya \u00f6n denetime kesinlikle kar\u015f\u0131 olan anlay\u0131\u015f\u0131m\u0131zla, bas\u0131n haklar\u0131 ve ileti\u015fim \u00f6zg\u00fcrl\u00fc\u011f\u00fcn\u00fc sonuna kadar savunuyoruz&#8221; dedi.<\/p>\n<p>YEREL BASIN G\u00dc\u00c7LEND\u0130R\u0130LMEL\u0130<br \/>\nYerel medyan\u0131n da \u00f6nemine vurgu yapan Y\u0131lmaz, \u015f\u00f6yle devam etti: &#8220;Yerel demokrasinin g\u00fc\u00e7lendirilmesinde \u00f6nemli bir i\u015flevi olan yerel g\u00f6rsel ve yaz\u0131l\u0131 medyan\u0131n geli\u015fmesi i\u00e7in gerekli \u00f6nlemler al\u0131nmal\u0131d\u0131r. Yerel radyo, televizyon ve gazeteler ile internet yay\u0131nc\u0131l\u0131\u011f\u0131n\u0131n mali ve kurumsal yap\u0131lar\u0131 g\u00fc\u00e7lendirilmelidir. Ger\u00e7ekleri yazd\u0131klar\u0131 i\u00e7in g\u00f6zalt\u0131na al\u0131nan, tutuklanan gazeteciler, demokrasi m\u00fccadelesinde ya\u015fam\u0131n\u0131 yitiren gazetecileri sayg\u0131yla an\u0131yor; 3 May\u0131s D\u00fcnya Bas\u0131n \u00d6zg\u00fcrl\u00fc\u011f\u00fc G\u00fcn\u00fc&#8217;n\u00fc kutluyorum.&#8221;<\/p>\n","protected":false},"excerpt":{"rendered":"<p>Cumhuriyet Halk Partisi Mezitli \u0130l\u00e7e Ba\u015fkan\u0131 Av. Ula\u015f Y\u0131lmaz, ileti\u015fim \u00f6zg\u00fcrl\u00fc\u011f\u00fcn\u00fcn \u00f6nemine i\u015faret ederek, &#8220;G\u00fc\u00e7l\u00fc, yans\u0131z, ilkeli, demokratik bir medya temel hedefimiz. Bas\u0131n haklar\u0131 ve ileti\u015fim \u00f6zg\u00fcrl\u00fc\u011f\u00fcn\u00fc sonuna kadar savunuyoruz&#8221; ifadelerini kulland\u0131. Cumhuriyet Halk Partisi (CHP) Mezitli \u0130l\u00e7e Ba\u015fkan\u0131 Av. Ula\u015f Y\u0131lmaz, 3 May\u0131s D\u00fcnya Bas\u0131n \u00d6zg\u00fcrl\u00fc\u011f\u00fc G\u00fcn\u00fc mesaj\u0131nda, Bas\u0131n \u00d6zg\u00fcrl\u00fc\u011f\u00fc Endeksinde T\u00fcrkiye&#8217;nin 180 \u00fclke [&hellip;]<\/p>\n","protected":false},"author":2,"featured_media":32342,"comment_status":"open","ping_status":"open","sticky":false,"template":"","format":"standard","meta":{"footnotes":""},"categories":[3],"tags":[],"class_list":["post-32341","post","type-post","status-publish","format-standard","has-post-thumbnail","hentry","category-manset"],"views":1,"_links":{"self":[{"href":"https:\/\/mersinkadingazetesi.com\/index.php?rest_route=\/wp\/v2\/posts\/32341"}],"collection":[{"href":"https:\/\/mersinkadingazetesi.com\/index.php?rest_route=\/wp\/v2\/posts"}],"about":[{"href":"https:\/\/mersinkadingazetesi.com\/index.php?rest_route=\/wp\/v2\/types\/post"}],"author":[{"embeddable":true,"href":"https:\/\/mersinkadingazetesi.com\/index.php?rest_route=\/wp\/v2\/users\/2"}],"replies":[{"embeddable":true,"href":"https:\/\/mersinkadingazetesi.com\/index.php?rest_route=%2Fwp%2Fv2%2Fcomments&post=32341"}],"version-history":[{"count":0,"href":"https:\/\/mersinkadingazetesi.com\/index.php?rest_route=\/wp\/v2\/posts\/32341\/revisions"}],"wp:featuredmedia":[{"embeddable":true,"href":"https:\/\/mersinkadingazetesi.com\/index.php?rest_route=\/wp\/v2\/media\/32342"}],"wp:attachment":[{"href":"https:\/\/mersinkadingazetesi.com\/index.php?rest_route=%2Fwp%2Fv2%2Fmedia&parent=32341"}],"wp:term":[{"taxonomy":"category","embeddable":true,"href":"https:\/\/mersinkadingazetesi.com\/index.php?rest_route=%2Fwp%2Fv2%2Fcategories&post=32341"},{"taxonomy":"post_tag","embeddable":true,"href":"https:\/\/mersinkadingazetesi.com\/index.php?rest_route=%2Fwp%2Fv2%2Ftags&post=32341"}],"curies":[{"name":"wp","href":"https:\/\/api.w.org\/{rel}","templated":true}]}}