{"id":32344,"date":"2024-05-03T12:35:47","date_gmt":"2024-05-03T09:35:47","guid":{"rendered":"http:\/\/mersinkadingazetesi.com\/?p=32344"},"modified":"2024-05-03T12:35:47","modified_gmt":"2024-05-03T09:35:47","slug":"chpli-gulcan-kis-mersin-milletvekillerini-goreve-cagirdi","status":"publish","type":"post","link":"https:\/\/mersinkadingazetesi.com\/?p=32344","title":{"rendered":"CHP&#8217;L\u0130 G\u00dcLCAN KI\u015e, MERS\u0130N M\u0130LLETVEK\u0130LLER\u0130N\u0130 G\u00d6REVE \u00c7A\u011eIRDI"},"content":{"rendered":"<p>Mersin&#8217;in y\u0131llard\u0131r bitirilemeyen projeler sebebiyle b\u00fcy\u00fck ma\u011fduriyet ya\u015fad\u0131\u011f\u0131n\u0131 belirten CHP&#8217;li K\u0131\u015f, TBMM Genel Kurulu&#8217;nda g\u00fcndem d\u0131\u015f\u0131 konu\u015fma yapt\u0131.<\/p>\n<p>CHP&#8217;li K\u0131\u015f, parti ayr\u0131m\u0131 g\u00f6zetmeksizin t\u00fcm Mersin milletvekillerine g\u00fc\u00e7 birli\u011fi \u00e7a\u011fr\u0131s\u0131 yapt\u0131.<\/p>\n<p>AKP&#8217;de \u00fcst \u00fcste Bakanl\u0131k yapanlar\u0131n Mersin&#8217;den birinci s\u0131ra milletvekili yap\u0131ld\u0131klar\u0131na de\u011finen K\u0131\u015f, \u00fclke ekonomisine en \u00e7ok katk\u0131 veren il olarak Mersin&#8217;in hak etti\u011fini alamad\u0131\u011f\u0131n\u0131 vurgulad\u0131. <\/p>\n<p>&#8220;MERS\u0130NL\u0130LER ARTIK VAAT DE\u011e\u0130L, YATIRIM BEKL\u0130YOR&#8221;<\/p>\n<p>CHP Mersin Milletvekili G\u00fclcan K\u0131\u015f, Mersin kamuoyunun y\u0131llard\u0131r bekledi\u011fi ancak bir t\u00fcrl\u00fc hayata ge\u00e7irilmeyen ula\u015f\u0131m projelerini bir kez daha meclis g\u00fcndemine ta\u015f\u0131d\u0131.<\/p>\n<p>G\u00fclcan K\u0131\u015f, AKP h\u00fck\u00fcmetine ba\u015fta havaliman\u0131 ve \u00c7e\u015fmeli-Ta\u015fucu otoyolu olmak \u00fczere ula\u015f\u0131m projelerinde daha fazla vaat vermek yerine yat\u0131r\u0131mlar\u0131 h\u0131zland\u0131rma \u00e7a\u011fr\u0131s\u0131 yapt\u0131.<\/p>\n<p>Konu\u015fmas\u0131na, T\u00fcrkiye&#8217;de en \u00e7ok vergi veren iller s\u0131ralamas\u0131nda Mersin&#8217;in ilk 6&#8217;da oldu\u011funu vurgulayarak ba\u015flayan G\u00fclcan K\u0131\u015f, &#8220;Mersin \u00fclke ekonomisine katk\u0131 pay\u0131nda ilk 10&#8217;da yer almaktad\u0131r. Ancak kamu yat\u0131r\u0131mlar\u0131 konusunda hakk\u0131n\u0131 alamayan bir kenttir. Sadece se\u00e7im d\u00f6nemlerinde AKP&#8217;li Bakanlar\u0131n u\u011frak noktas\u0131 olmu\u015f, hayata ge\u00e7irilemeyen, vaatlerin s\u0131raland\u0131\u011f\u0131 bir kent haline d\u00f6n\u00fc\u015ft\u00fcr\u00fclm\u00fc\u015ft\u00fcr. \u0130\u015fte ben sizlere, bir kent, y\u0131llarca nas\u0131l ihmal edilmi\u015f, nas\u0131l bilin\u00e7li olarak unutulmu\u015f \u00f6rnekleriyle bunu dikkatinize sunaca\u011f\u0131m&#8221; dedi.<\/p>\n<p>&#8220;13 YILDIR B\u0130TMEK B\u0130LMEYEN HAVAL\u0130MANI&#8221;<\/p>\n<p>Daha \u00f6nce de TBMM&#8217;de bas\u0131n toplant\u0131s\u0131 yaparak 13 y\u0131ld\u0131r bitirilemeyen \u00c7ukurova Havaliman\u0131&#8217;n\u0131 g\u00fcndeme getiren  K\u0131\u015f, Ula\u015ft\u0131rma Bakan\u0131 Uralo\u011flu taraf\u0131ndan Ocak 2024 i\u00e7in tarih s\u00f6z\u00fc verilip a\u00e7\u0131lmayan \u00c7ukurova Havaliman\u0131 hakk\u0131nda konu\u015ftu.<\/p>\n<p>3 kez temel atma t\u00f6reni yap\u0131lan, 8 Ula\u015ft\u0131rma Bakan\u0131 de\u011fi\u015ftiren ve 13 y\u0131ld\u0131r bitirilemeyen, \u00c7ukurova Havaliman\u0131&#8217;n\u0131n in\u015faat \u00e7al\u0131\u015fmalar\u0131n\u0131n hala devam etti\u011fini bildiren K\u0131\u015f, projenin bitirilememesi sebebiyle Mersin&#8217;in ve dolay\u0131s\u0131yla T\u00fcrkiye&#8217;nin kayb\u0131n\u0131n \u00e7ok b\u00fcy\u00fck oldu\u011funu ifade etti.<\/p>\n<p>Cumhurba\u015fkan\u0131 Erdo\u011fan&#8217;\u0131n se\u00e7im \u00f6ncesi &#8220;oy vermezseniz hizmet yok&#8221; anlay\u0131\u015f\u0131n\u0131n Mersin&#8217;de ya\u015fand\u0131\u011f\u0131na de\u011finen K\u0131\u015f, Mersin B\u00fcy\u00fck\u015fehir Belediyesi&#8217;nin kendi \u00f6z kaynaklar\u0131yla \u00e7al\u0131\u015fmalar\u0131na gece g\u00fcnd\u00fcz devam etti\u011fini vurgulad\u0131.<\/p>\n<p>&#8220;MERS\u0130N&#8217;DE SOSYAL BELED\u0130YEC\u0130L\u0130K KAZANDI&#8221;<\/p>\n<p>31 Mart 2024 Se\u00e7imlerinde Mersin&#8217;de yine sosyal belediyecili\u011fin kazand\u0131\u011f\u0131n\u0131, tarihi oy fark\u0131 ile Mersinlilerin yeniden memnuniyetle Vahap Se\u00e7er dedi\u011fini kaydeden G\u00fclcan K\u0131\u015f, &#8220;B\u00fcy\u00fcyen, geli\u015fen ve art\u0131k kabu\u011funa s\u0131\u011fmayan Mersinimiz, ula\u015f\u0131m noktas\u0131nda, h\u00fck\u00fcmetin \u00fczerine d\u00fc\u015feni yapmad\u0131\u011f\u0131, s\u00f6z verilip bitirilemeyen projelerin merkezi haline getirilmi\u015ftir&#8221; ifadelerini kulland\u0131.<\/p>\n<p>&#8220;MERS\u0130N B\u00dcY\u00dcK\u015eEH\u0130R 85 G\u00dcNDE KATLI KAV\u015eAK YAPTI, KARAYOLLARI B\u0130R KAV\u015eA\u011eI 7 YILDIR B\u0130T\u0130REMED\u0130&#8221;<\/p>\n<p>Karayollar\u0131 B\u00f6lge M\u00fcd\u00fcrl\u00fc\u011f\u00fc&#8217;n\u00fcn sorumlulu\u011funda olan Akbelen katl\u0131 kav\u015fa\u011f\u0131n\u0131n 2017&#8217;den bu yana tamamlanamad\u0131\u011f\u0131n\u0131 da ifade eden G\u00fclcan K\u0131\u015f, &#8220;Mersin B\u00fcy\u00fck\u015fehir Belediye Ba\u015fkan\u0131m\u0131z defalarca g\u00fcndeme getirdi. \u00c7\u00f6z\u00fcm\u00fc i\u00e7in t\u00fcm partilere \u00e7a\u011fr\u0131 yapt\u0131. Mersin B\u00fcy\u00fck\u015fehir Belediyesi, kentteki ola\u011fan trafi\u011fi daha ak\u0131c\u0131 ve konforlu hale getirmek i\u00e7in benzer imalatlar\u0131 ortalama olarak 85 g\u00fcnde tamamlamaktad\u0131r. Ancak, Karayollar\u0131&#8217;n\u0131n uhdesinde bulunan Akbelen katl\u0131 kav\u015fa\u011f\u0131nda 7 y\u0131ld\u0131r tek \u00e7ivi bile \u00e7ak\u0131lmad\u0131&#8221; dedi.<\/p>\n<p>&#8220;\u00c7E\u015eMEL\u0130-TA\u015eUCU YOLUNU K\u0130M YAPACAK?&#8221;<\/p>\n<p>D-400 Karayolundaki bak\u0131m ve d\u00fczenleme \u00e7al\u0131\u015fmalar\u0131n\u0131n da senelerdir geciktirildi\u011fine dikkat \u00e7eken G\u00fclcan K\u0131\u015f, Mersin kamuoyunun y\u0131llad\u0131r g\u00fcndeminde olan \u00c7e\u015fmeli-Ta\u015fucu Otoyolu projesinin hayata ge\u00e7irilmemesini de ele\u015ftirdi. G\u00fclcan K\u0131\u015f \u015funlar\u0131 kaydetti:<\/p>\n<p>&#8220;Mersin ile Silifke aras\u0131ndaki yol, halk aras\u0131nda \u00e7ile yolu olarak an\u0131l\u0131yor. AKP&#8217;li Mersin vekilleri iyi bilirler. \u00c7e\u015fmeli- Ta\u015fucu aras\u0131, \u00f6zellikle yaz aylar\u0131nda i\u015fkenceye d\u00f6n\u00fcyor. AKP&#8217;li vekillere sormak istiyorum, yaz\u0131n bu yolu mutlaka kullan\u0131yorsunuz. 1 saatlik yolu, 5 saatten \u00f6nce \u00e7\u0131kan\u0131n\u0131z var m\u0131? Hi\u00e7 mi sorumluluk hissetmiyorsunuz? Kim yapacak o yolu? Bu h\u00fck\u00fcmetin Ula\u015ft\u0131rma Bakanl\u0131\u011f\u0131 de\u011fil mi? Ama hen\u00fcz hi\u00e7bir ad\u0131m yok. B\u00fcy\u00fck\u015fehir Belediyemiz \u00fczerine d\u00fc\u015feni yap\u0131yor. Yani Ba\u015fkan\u0131m\u0131z\u0131n ald\u0131\u011f\u0131 y\u00fczde 60 oy, tesad\u00fcf de\u011fildir. Bu noktada s\u00f6z Ula\u015ft\u0131rma Bakanl\u0131\u011f\u0131&#8217;nda. Herkes \u00fczerine d\u00fc\u015feni yaparsa, tamamlanan projelerle Mersin&#8217;de ya\u015fam kalitesi y\u00fckselecektir&#8221;.<\/p>\n<p>&#8220;MERS\u0130N \u0130\u00c7\u0130N G\u00dc\u00c7B\u0130RL\u0130\u011e\u0130 ZAMANI&#8221;<\/p>\n<p>CHP Milletvekili K\u0131\u015f, Mersin&#8217;in 13 milletvekili olarak i\u015f birli\u011fi yap\u0131lmas\u0131 \u00f6nerisi yaparak \u015funlar\u0131 s\u00f6yledi: <\/p>\n<p>&#8220;14 May\u0131s 2023 se\u00e7imlerinde, Mersin halk\u0131 TBMM&#8217;ye 13 milletvekili g\u00f6nderdi. AKP \u00fcst \u00fcste Bakanlar\u0131n\u0131 Mersin&#8217;den milletvekili yapt\u0131. Ancak anlatt\u0131\u011f\u0131m gibi Mersinimiz hak etti\u011fini alam\u0131yor. Bu k\u00fcrs\u00fcden daha \u00f6nce yapt\u0131\u011f\u0131m \u00e7a\u011fr\u0131y\u0131 yineliyorum: &#8220;Gelin, parti ayr\u0131m\u0131 yapmadan, g\u00fc\u00e7 birli\u011fi i\u00e7inde Mersinimiz i\u00e7in gereken ad\u0131mlar\u0131 derhal atal\u0131m. Bu konuda t\u00fcm vekillerimizi i\u015f birli\u011fi yapmaya davet ediyorum. Cumhuriyet Halk Partisi Mersin Milletvekili olarak ben g\u00f6reve haz\u0131r\u0131m. \u00c7a\u011fr\u0131ma yan\u0131t verecek milletvekillerini bekliyorum.&#8221;<\/p>\n","protected":false},"excerpt":{"rendered":"<p>Mersin&#8217;in y\u0131llard\u0131r bitirilemeyen projeler sebebiyle b\u00fcy\u00fck ma\u011fduriyet ya\u015fad\u0131\u011f\u0131n\u0131 belirten CHP&#8217;li K\u0131\u015f, TBMM Genel Kurulu&#8217;nda g\u00fcndem d\u0131\u015f\u0131 konu\u015fma yapt\u0131. CHP&#8217;li K\u0131\u015f, parti ayr\u0131m\u0131 g\u00f6zetmeksizin t\u00fcm Mersin milletvekillerine g\u00fc\u00e7 birli\u011fi \u00e7a\u011fr\u0131s\u0131 yapt\u0131. AKP&#8217;de \u00fcst \u00fcste Bakanl\u0131k yapanlar\u0131n Mersin&#8217;den birinci s\u0131ra milletvekili yap\u0131ld\u0131klar\u0131na de\u011finen K\u0131\u015f, \u00fclke ekonomisine en \u00e7ok katk\u0131 veren il olarak Mersin&#8217;in hak etti\u011fini alamad\u0131\u011f\u0131n\u0131 vurgulad\u0131. [&hellip;]<\/p>\n","protected":false},"author":2,"featured_media":32345,"comment_status":"open","ping_status":"open","sticky":false,"template":"","format":"standard","meta":{"footnotes":""},"categories":[3,6],"tags":[],"class_list":["post-32344","post","type-post","status-publish","format-standard","has-post-thumbnail","hentry","category-manset","category-siyaset-2"],"views":6,"_links":{"self":[{"href":"https:\/\/mersinkadingazetesi.com\/index.php?rest_route=\/wp\/v2\/posts\/32344"}],"collection":[{"href":"https:\/\/mersinkadingazetesi.com\/index.php?rest_route=\/wp\/v2\/posts"}],"about":[{"href":"https:\/\/mersinkadingazetesi.com\/index.php?rest_route=\/wp\/v2\/types\/post"}],"author":[{"embeddable":true,"href":"https:\/\/mersinkadingazetesi.com\/index.php?rest_route=\/wp\/v2\/users\/2"}],"replies":[{"embeddable":true,"href":"https:\/\/mersinkadingazetesi.com\/index.php?rest_route=%2Fwp%2Fv2%2Fcomments&post=32344"}],"version-history":[{"count":0,"href":"https:\/\/mersinkadingazetesi.com\/index.php?rest_route=\/wp\/v2\/posts\/32344\/revisions"}],"wp:featuredmedia":[{"embeddable":true,"href":"https:\/\/mersinkadingazetesi.com\/index.php?rest_route=\/wp\/v2\/media\/32345"}],"wp:attachment":[{"href":"https:\/\/mersinkadingazetesi.com\/index.php?rest_route=%2Fwp%2Fv2%2Fmedia&parent=32344"}],"wp:term":[{"taxonomy":"category","embeddable":true,"href":"https:\/\/mersinkadingazetesi.com\/index.php?rest_route=%2Fwp%2Fv2%2Fcategories&post=32344"},{"taxonomy":"post_tag","embeddable":true,"href":"https:\/\/mersinkadingazetesi.com\/index.php?rest_route=%2Fwp%2Fv2%2Ftags&post=32344"}],"curies":[{"name":"wp","href":"https:\/\/api.w.org\/{rel}","templated":true}]}}