{"id":32365,"date":"2024-05-05T09:49:18","date_gmt":"2024-05-05T06:49:18","guid":{"rendered":"http:\/\/mersinkadingazetesi.com\/?p=32365"},"modified":"2024-05-05T09:49:18","modified_gmt":"2024-05-05T06:49:18","slug":"mersin-buyuksehir-belediyesinden-bir-ilk-daha","status":"publish","type":"post","link":"https:\/\/mersinkadingazetesi.com\/?p=32365","title":{"rendered":"MERS\u0130N B\u00dcY\u00dcK\u015eEH\u0130R BELED\u0130YES\u0130&#8217;NDEN B\u0130R \u0130LK DAHA&#8230;"},"content":{"rendered":"<p>Mersin B\u00fcy\u00fck\u015fehir Belediyesi \u0130klim De\u011fi\u015fikli\u011fi ve S\u0131f\u0131r At\u0131k Dairesi \u00f6nc\u00fcl\u00fc\u011f\u00fcnde &#8216;Mersin Ye\u015fil D\u00f6n\u00fc\u015f\u00fcm Merkezi&#8217; kurulacak. Merkez hem \u015fehirdeki hem de b\u00f6lgedeki sekt\u00f6rler i\u00e7in ye\u015fil ekonomiye dair \u00f6nemli bir odak olacak. Mersin Ye\u015fil D\u00f6n\u00fc\u015f\u00fcm Merkezi; i\u015f d\u00fcnyas\u0131n\u0131 ye\u015fil d\u00f6n\u00fc\u015f\u00fcm \u00e7abalar\u0131n\u0131n bir par\u00e7as\u0131 haline getirme, i\u015f d\u00fcnyas\u0131 temsilcilerinin kat\u0131l\u0131mlar\u0131 ile kentteki ye\u015fil d\u00f6n\u00fc\u015f\u00fcm politikalar\u0131n\u0131 geli\u015ftirme, i\u015f insanlar\u0131n\u0131 bu do\u011frultuda destekleme ve y\u00f6nlendirme ile ticaret ve sanayi odas\u0131, akademi ve ilgili sivil toplum kurulu\u015flar\u0131n\u0131n i\u015f birli\u011fini sa\u011flama rol\u00fcn\u00fc \u00fcstlenecek. Bu kapsamda B\u00fcy\u00fck\u015fehir Belediyesi&#8217;nin ev sahipli\u011finde; Mersin&#8217;deki \u00e7e\u015fitli kurum ve kurulu\u015flar, akademisyenler ve STK temsilcileri ile Mersin Ye\u015fil D\u00f6n\u00fc\u015f\u00fcm Merkezi bilgilendirme toplant\u0131s\u0131 yap\u0131ld\u0131.<\/p>\n<p>Dr. Zorlu: &#8220;\u0130klim de\u011fi\u015fikli\u011fi ile m\u00fccadele konusunda \u00f6nemli ad\u0131mlar at\u0131yoruz&#8221;<\/p>\n<p>\u0130klim de\u011fi\u015fikli\u011fi ile m\u00fccadele konusunda Mersin B\u00fcy\u00fck\u015fehir Belediyesi olarak \u00f6nemli ad\u0131mlar att\u0131klar\u0131n\u0131, bunlardan birinin de kurulacak olan Ye\u015fil D\u00f6n\u00fc\u015f\u00fcm Merkezi oldu\u011funu kaydeden \u0130klim De\u011fi\u015fikli\u011fi ve S\u0131f\u0131r At\u0131k Dairesi Ba\u015fkan\u0131 Dr. Kemal Zorlu, iklim de\u011fi\u015fikli\u011finin hayat\u0131n her alan\u0131nda kendisini g\u00f6sterdi\u011finden ve son y\u0131llarda da etkisini art\u0131rd\u0131\u011f\u0131ndan s\u00f6z ederek, &#8220;Mersin B\u00fcy\u00fck\u015fehir Belediyesi olarak, belediyemizin kendi faaliyetleri i\u00e7erisinde, daha iklim dostu bir bak\u0131\u015f a\u00e7\u0131s\u0131n\u0131 etkin k\u0131labilmek amac\u0131yla bir toplant\u0131 ger\u00e7ekle\u015ftirdik. Ye\u015fil D\u00f6n\u00fc\u015f\u00fcm Merkezi \u00e7er\u00e7evesinde, her birimin kendi faaliyetleri ile ilgili neler yapmas\u0131 gerekti\u011fine dair g\u00f6r\u00fc\u015flerini not ald\u0131k. Ayr\u0131ca d\u0131\u015f payda\u015flar\u0131m\u0131z olan \u00fcniversiteler, sivil toplum \u00f6rg\u00fctleri, kamu kurum ve kuru\u015flar\u0131n\u0131n temsilcileri ile de bir araya geldik&#8221; dedi.<\/p>\n<p>&#8220;Kentteki t\u00fcm insanlar\u0131n, iklim de\u011fi\u015fikli\u011fi konusunda bilin\u00e7lenmesini ama\u00e7l\u0131yoruz&#8221;<\/p>\n<p>Ama\u00e7lar\u0131n\u0131n hem belediye i\u00e7erisinde, hem de belediye d\u0131\u015f\u0131nda Mersin&#8217;de y\u00fcr\u00fct\u00fclen faaliyetlerin daha ye\u015fil bir perspektifle yap\u0131lmas\u0131, iklim de\u011fi\u015fiklikleri noktas\u0131nda daha uyumlu ve \u00e7evreye zararlar\u0131 en az olacak \u015fekilde faaliyetlerin ger\u00e7ekle\u015ftirilmesi oldu\u011funu ifade eden Dr. Zorlu, &#8220;Bundan sonra iklim de\u011fi\u015fikli\u011fi ve \u00e7evre konusu ile ilgili y\u00fcr\u00fctece\u011fimiz faaliyetlerimizi, Ye\u015fil D\u00f6n\u00fc\u015f\u00fcm Merkezi&#8217;nin \u00e7at\u0131s\u0131 alt\u0131nda ger\u00e7ekle\u015ftirmeyi planl\u0131yoruz. Sadece belediye faaliyetleri ya da \u00fcretim sekt\u00f6rleri de\u011fil, kentte ya\u015fayan t\u00fcm insanlar\u0131n iklim de\u011fi\u015fikli\u011fi konusunda bilin\u00e7lenmesini ama\u00e7l\u0131yoruz. Vatanda\u015flar\u0131n; kendi evlerinde kullanm\u0131\u015f oldu\u011fu elektrik, su, do\u011falgaz gibi kaynaklar\u0131n daha s\u00fcrd\u00fcr\u00fclebilir olmas\u0131 ve \u00fcretilen at\u0131k miktar\u0131n\u0131n olabildi\u011fince azalt\u0131lmas\u0131 gibi faaliyetlerle ilgili e\u011fitim \u00e7al\u0131\u015fmalar\u0131n\u0131 da ger\u00e7ekle\u015ftirece\u011fiz&#8221; diye konu\u015ftu.<\/p>\n<p>&#8220;Mersin B\u00fcy\u00fck\u015fehir Belediyesi olarak bir ilke daha imza at\u0131yoruz&#8221;<\/p>\n<p>T\u00fcrkiye&#8217;de belediyeler i\u00e7erisinde herhangi bir Ye\u015fil D\u00f6n\u00fc\u015f\u00fcm Merkezi olmad\u0131\u011f\u0131n\u0131 ve Mersin&#8217;de bir ilk olaca\u011f\u0131n\u0131 da s\u00f6zlerine ekleyen Dr. Zorlu, &#8220;Biz Ye\u015fil D\u00f6n\u00fc\u015f\u00fcm Merkezi&#8217;ni kurarak, T\u00fcrkiye&#8217;deki B\u00fcy\u00fck\u015fehir Belediyesi ya da il belediyeleri i\u00e7erisinde, ilk Ye\u015fil D\u00f6n\u00fc\u015f\u00fcm Merkezi&#8217;ni kuran belediye unvan\u0131n\u0131 da alaca\u011f\u0131z&#8221; dedi.<\/p>\n<p>G\u00fcle\u00e7: &#8220;Belediyelerin yerel ekonomik kalk\u0131nma \u00e7al\u0131\u015fmalar\u0131ndaki g\u00fcc\u00fcn\u00fc art\u0131rmaya \u00e7al\u0131\u015f\u0131yoruz&#8221;<\/p>\n<p>RESLOG T\u00fcrkiye Ulusal Proje Y\u00f6neticisi Burcu \u00d6z\u00fcpak G\u00fcle\u00e7 ise, Mersin B\u00fcy\u00fck\u015fehir Belediyesi ile uzun zamand\u0131r RESLOG projesi kapsam\u0131nda \u00e7al\u0131\u015ft\u0131klar\u0131n\u0131 belirterek, &#8220;\u015eu anda Mersin&#8217;de g\u00f6\u00e7 master plan\u0131 \u00e7al\u0131\u015fmalar\u0131m\u0131z ile deprem sonras\u0131 yol haritas\u0131n\u0131n ve kent \u00f6nceliklerinin belirlenmesine y\u00f6nelik \u00e7al\u0131\u015fmalar\u0131m\u0131z\u0131 tamamlad\u0131k. Yerel ekonomik kalk\u0131nma \u00e7al\u0131\u015fmas\u0131n\u0131n sonucu i\u00e7in bir araya geldik. Yenilik\u00e7i ve i\u015f birli\u011fi alan\u0131 olu\u015fturan bir proje oldu\u011fu i\u00e7in de mutluluk duyuyoruz. Projede; belediyelerin bu anlamdaki yerel ekonomik kalk\u0131nma \u00e7al\u0131\u015fmalar\u0131ndaki g\u00fcc\u00fcn\u00fc art\u0131rmay\u0131 ve buradaki rollerini g\u00fc\u00e7lendirmeye \u00e7al\u0131\u015f\u0131yoruz&#8221; dedi.<\/p>\n<p>Ye\u015fil d\u00f6n\u00fc\u015f\u00fcm dendi\u011finde sadece kentsel altyap\u0131dan bahsetmediklerini, ayn\u0131 zamanda toplumsal bir d\u00f6n\u00fc\u015f\u00fcmden bahsettiklerini kaydeden G\u00fcle\u00e7, &#8220;Bunun i\u00e7in de kentteki t\u00fcm payda\u015flar\u0131n birlikte hareket etmesi gerekir. Mersin Ye\u015fil D\u00f6n\u00fc\u015f\u00fcm Merkezi&#8217;nin de, bu i\u015f birli\u011finin ilk a\u015famas\u0131 oldu\u011fu i\u00e7in \u00f6nemli oldu\u011funu d\u00fc\u015f\u00fcn\u00fcyor ve RESLOG projesi olarak destekliyoruz&#8221; ifadelerini kulland\u0131.<\/p>\n","protected":false},"excerpt":{"rendered":"<p>Mersin B\u00fcy\u00fck\u015fehir Belediyesi \u0130klim De\u011fi\u015fikli\u011fi ve S\u0131f\u0131r At\u0131k Dairesi \u00f6nc\u00fcl\u00fc\u011f\u00fcnde &#8216;Mersin Ye\u015fil D\u00f6n\u00fc\u015f\u00fcm Merkezi&#8217; kurulacak. Merkez hem \u015fehirdeki hem de b\u00f6lgedeki sekt\u00f6rler i\u00e7in ye\u015fil ekonomiye dair \u00f6nemli bir odak olacak. Mersin Ye\u015fil D\u00f6n\u00fc\u015f\u00fcm Merkezi; i\u015f d\u00fcnyas\u0131n\u0131 ye\u015fil d\u00f6n\u00fc\u015f\u00fcm \u00e7abalar\u0131n\u0131n bir par\u00e7as\u0131 haline getirme, i\u015f d\u00fcnyas\u0131 temsilcilerinin kat\u0131l\u0131mlar\u0131 ile kentteki ye\u015fil d\u00f6n\u00fc\u015f\u00fcm politikalar\u0131n\u0131 geli\u015ftirme, i\u015f insanlar\u0131n\u0131 [&hellip;]<\/p>\n","protected":false},"author":2,"featured_media":32366,"comment_status":"open","ping_status":"open","sticky":false,"template":"","format":"standard","meta":{"footnotes":""},"categories":[2,3,5],"tags":[],"class_list":["post-32365","post","type-post","status-publish","format-standard","has-post-thumbnail","hentry","category-gundem","category-manset","category-mersin"],"views":4,"_links":{"self":[{"href":"https:\/\/mersinkadingazetesi.com\/index.php?rest_route=\/wp\/v2\/posts\/32365"}],"collection":[{"href":"https:\/\/mersinkadingazetesi.com\/index.php?rest_route=\/wp\/v2\/posts"}],"about":[{"href":"https:\/\/mersinkadingazetesi.com\/index.php?rest_route=\/wp\/v2\/types\/post"}],"author":[{"embeddable":true,"href":"https:\/\/mersinkadingazetesi.com\/index.php?rest_route=\/wp\/v2\/users\/2"}],"replies":[{"embeddable":true,"href":"https:\/\/mersinkadingazetesi.com\/index.php?rest_route=%2Fwp%2Fv2%2Fcomments&post=32365"}],"version-history":[{"count":0,"href":"https:\/\/mersinkadingazetesi.com\/index.php?rest_route=\/wp\/v2\/posts\/32365\/revisions"}],"wp:featuredmedia":[{"embeddable":true,"href":"https:\/\/mersinkadingazetesi.com\/index.php?rest_route=\/wp\/v2\/media\/32366"}],"wp:attachment":[{"href":"https:\/\/mersinkadingazetesi.com\/index.php?rest_route=%2Fwp%2Fv2%2Fmedia&parent=32365"}],"wp:term":[{"taxonomy":"category","embeddable":true,"href":"https:\/\/mersinkadingazetesi.com\/index.php?rest_route=%2Fwp%2Fv2%2Fcategories&post=32365"},{"taxonomy":"post_tag","embeddable":true,"href":"https:\/\/mersinkadingazetesi.com\/index.php?rest_route=%2Fwp%2Fv2%2Ftags&post=32365"}],"curies":[{"name":"wp","href":"https:\/\/api.w.org\/{rel}","templated":true}]}}