{"id":32378,"date":"2024-05-06T12:35:30","date_gmt":"2024-05-06T09:35:30","guid":{"rendered":"http:\/\/mersinkadingazetesi.com\/?p=32378"},"modified":"2024-05-06T12:35:30","modified_gmt":"2024-05-06T09:35:30","slug":"baskan-yildizdan-ilcenin-yuksek-kesimlerinde-dolu-felaketinden-zarar-goren-ureticilere-gecmis-olsun","status":"publish","type":"post","link":"https:\/\/mersinkadingazetesi.com\/?p=32378","title":{"rendered":"BA\u015eKAN YILDIZ&#8217;DAN, \u0130L\u00c7EN\u0130N Y\u00dcKSEK KES\u0130MLER\u0130NDE DOLU FELAKET\u0130NDEN ZARAR G\u00d6REN \u00dcRET\u0130C\u0130LERE GE\u00c7M\u0130\u015e OLSUN"},"content":{"rendered":"<p>Mersin&#8217;in merkez il\u00e7esi Toroslar&#8217;\u0131n y\u00fcksek kesimlerinde etkili olan dolu ya\u011f\u0131\u015f\u0131 nedeniyle ekili alanlar zarar g\u00f6rd\u00fc.<\/p>\n<p>Toroslar Belediye Ba\u015fkan\u0131 Abdurrahman Y\u0131ld\u0131z, meydana gelen dolu felaketinden zarar g\u00f6ren vatanda\u015flara ve \u00fcreticilere ge\u00e7mi\u015f olsun dileklerini iletti.<\/p>\n<p>&#8220;\u00dcRET\u0130C\u0130M\u0130Z\u0130N HER ZAMAN YANINDA OLACA\u011eIZ&#8221;<\/p>\n<p>Ba\u015fkan Y\u0131ld\u0131z, \u015funlar\u0131 s\u00f6yledi; &#8220;D\u00fcn il\u00e7emizin y\u00fcksek kesimlerinde meydana gelen dolu felaketinden etkilenen t\u00fcm hem\u015fehrilerimize ve \u00fcreticilerimize ge\u00e7mi\u015f olsun dileklerimi iletiyorum. Ya\u011f\u0131\u015f s\u0131ras\u0131nda ve ard\u0131ndan mahalle muhtarlar\u0131m\u0131z ve \u00fcretcilerimizle g\u00f6r\u00fc\u015ferek hasar tespit de\u011ferlendirmesi yapt\u0131k. Acil Durum Afet Ekiplerimiz ile olas\u0131 t\u00fcm olumsuzluklara kar\u015f\u0131 teyakkuz halinde olmaya devam edece\u011fiz. Temennimiz, bir daha b\u00f6yle felaketlerin ya\u015fanmamas\u0131d\u0131r.&#8221;<\/p>\n","protected":false},"excerpt":{"rendered":"<p>Mersin&#8217;in merkez il\u00e7esi Toroslar&#8217;\u0131n y\u00fcksek kesimlerinde etkili olan dolu ya\u011f\u0131\u015f\u0131 nedeniyle ekili alanlar zarar g\u00f6rd\u00fc. Toroslar Belediye Ba\u015fkan\u0131 Abdurrahman Y\u0131ld\u0131z, meydana gelen dolu felaketinden zarar g\u00f6ren vatanda\u015flara ve \u00fcreticilere ge\u00e7mi\u015f olsun dileklerini iletti. &#8220;\u00dcRET\u0130C\u0130M\u0130Z\u0130N HER ZAMAN YANINDA OLACA\u011eIZ&#8221; Ba\u015fkan Y\u0131ld\u0131z, \u015funlar\u0131 s\u00f6yledi; &#8220;D\u00fcn il\u00e7emizin y\u00fcksek kesimlerinde meydana gelen dolu felaketinden etkilenen t\u00fcm hem\u015fehrilerimize ve \u00fcreticilerimize [&hellip;]<\/p>\n","protected":false},"author":2,"featured_media":32379,"comment_status":"open","ping_status":"open","sticky":false,"template":"","format":"standard","meta":{"footnotes":""},"categories":[1],"tags":[],"class_list":["post-32378","post","type-post","status-publish","format-standard","has-post-thumbnail","hentry","category-genel"],"views":22,"_links":{"self":[{"href":"https:\/\/mersinkadingazetesi.com\/index.php?rest_route=\/wp\/v2\/posts\/32378"}],"collection":[{"href":"https:\/\/mersinkadingazetesi.com\/index.php?rest_route=\/wp\/v2\/posts"}],"about":[{"href":"https:\/\/mersinkadingazetesi.com\/index.php?rest_route=\/wp\/v2\/types\/post"}],"author":[{"embeddable":true,"href":"https:\/\/mersinkadingazetesi.com\/index.php?rest_route=\/wp\/v2\/users\/2"}],"replies":[{"embeddable":true,"href":"https:\/\/mersinkadingazetesi.com\/index.php?rest_route=%2Fwp%2Fv2%2Fcomments&post=32378"}],"version-history":[{"count":0,"href":"https:\/\/mersinkadingazetesi.com\/index.php?rest_route=\/wp\/v2\/posts\/32378\/revisions"}],"wp:featuredmedia":[{"embeddable":true,"href":"https:\/\/mersinkadingazetesi.com\/index.php?rest_route=\/wp\/v2\/media\/32379"}],"wp:attachment":[{"href":"https:\/\/mersinkadingazetesi.com\/index.php?rest_route=%2Fwp%2Fv2%2Fmedia&parent=32378"}],"wp:term":[{"taxonomy":"category","embeddable":true,"href":"https:\/\/mersinkadingazetesi.com\/index.php?rest_route=%2Fwp%2Fv2%2Fcategories&post=32378"},{"taxonomy":"post_tag","embeddable":true,"href":"https:\/\/mersinkadingazetesi.com\/index.php?rest_route=%2Fwp%2Fv2%2Ftags&post=32378"}],"curies":[{"name":"wp","href":"https:\/\/api.w.org\/{rel}","templated":true}]}}