{"id":32430,"date":"2024-05-08T12:45:04","date_gmt":"2024-05-08T09:45:04","guid":{"rendered":"http:\/\/mersinkadingazetesi.com\/?p=32430"},"modified":"2024-05-08T12:45:04","modified_gmt":"2024-05-08T09:45:04","slug":"chpli-kis-ihracat-yasagi-cozum-degil-sorun-dogurur-ureticinin-girdi-maliyetleri-dusurulmeli-diyor","status":"publish","type":"post","link":"https:\/\/mersinkadingazetesi.com\/?p=32430","title":{"rendered":"CHP&#8217;L\u0130 KI\u015e, &#8220;\u0130HRACAT YASA\u011eI \u00c7\u00d6Z\u00dcM DE\u011e\u0130L SORUN DO\u011eURUR. \u00dcRET\u0130C\u0130N\u0130N G\u0130RD\u0130 MAL\u0130YETLER\u0130 D\u00dc\u015e\u00dcR\u00dcLMEL\u0130&#8221; D\u0130YOR"},"content":{"rendered":"<p>CHP Mersin Milletvekili G\u00fclcan K\u0131\u015f, aylard\u0131r ekonomik krizin ve hayat pahal\u0131l\u0131\u011f\u0131n\u0131n faturas\u0131n\u0131 farkl\u0131 sekt\u00f6rlere \u00e7\u0131karan AKP h\u00fck\u00fcmetinin bu kez de beyaz et sekt\u00f6r\u00fcnde b\u00fcy\u00fck zararlara yol a\u00e7acak kararlara imza att\u0131\u011f\u0131n\u0131 s\u00f6yledi. H\u00fck\u00fcmetin, tavuk eti fiyatlar\u0131n\u0131 d\u00fc\u015f\u00fcrmek i\u00e7in girdi maliyetlerini azaltmak yerine ihracat\u0131 yasaklama yoluna gitti\u011fini kaydeden K\u0131\u015f, &#8220;Bu kararla i\u015fletmeler zarar g\u00f6recek, binlerce i\u015f\u00e7i ve emek\u00e7inin haklar\u0131 da gasp edilmi\u015f olacakt\u0131r&#8221; dedi.<\/p>\n<p>CHP Mersin Milletvekili G\u00fclcan K\u0131\u015f, AKP h\u00fck\u00fcmetinin tavuk ihracat\u0131na k\u0131s\u0131tlama getirmesini meclis g\u00fcndemine ta\u015f\u0131d\u0131. Hayat pahal\u0131l\u0131\u011f\u0131n\u0131n \u00f6nlenmesi i\u00e7in \u00fcreticinin girdi maliyetlerinin d\u00fc\u015f\u00fcr\u00fclmesi gerekti\u011fine i\u015faret eden K\u0131\u015f, ihracat yasa\u011f\u0131n\u0131n beyaz et fiyatlar\u0131n\u0131 d\u00fc\u015f\u00fcrmeyece\u011fini, \u00e7ok say\u0131da i\u015fletmenin zarar etmesine yol a\u00e7aca\u011f\u0131 uyar\u0131s\u0131nda bulundu.<\/p>\n<p>K\u0131\u015f, &#8220;Ticaret Bakanl\u0131\u011f\u0131 beyaz et ihracat\u0131na s\u0131n\u0131rlama getirmi\u015ftir. Tavuk \u00fcreticili\u011finde \u00fclkemizde ilk 5&#8217;te yer alan se\u00e7im b\u00f6lgem Mersin&#8217;de \u00fcreticilerimiz bu kararla ma\u011fdur edilmi\u015ftir. Getirilen k\u0131s\u0131tlamayla sekt\u00f6rde s\u00f6z sahibi olan ba\u015fta Tarsus il\u00e7emizdeki \u00fcreticilerimiz olmak \u00fczere t\u00fcm beyaz et \u00fcreticileri y\u0131llard\u0131r edindikleri kazan\u0131mlara darbe vuruldu\u011funu belirtmi\u015flerdir. Ekonomik krizin faturas\u0131n\u0131 sekt\u00f6re kesmenin do\u011fru olmad\u0131\u011f\u0131n\u0131 belirten \u00fcreticilerimiz, ihracata k\u0131s\u0131tlaman\u0131n \u00fclke ekonomisine olumsuz etki yapaca\u011f\u0131n\u0131 vurgulamaktad\u0131rlar. Bu kararla i\u015fletmeler zarar g\u00f6recek, binlerce i\u015f\u00e7i ve emek\u00e7inin haklar\u0131 da gasp edilmi\u015f olacakt\u0131r. Tavuk eti fiyatlar\u0131n\u0131n artmas\u0131; yem fiyatlar\u0131n\u0131n y\u00fckselmesi, nakliye \u00fccretlerinin art\u0131\u015f\u0131 gibi sebeplere ba\u011fl\u0131d\u0131r. Bundan dolay\u0131 bu yanl\u0131\u015f karardan derh\u00e2l d\u00f6n\u00fclerek sorunlar\u0131n \u00e7\u00f6z\u00fcm\u00fc i\u00e7in H\u00fck\u00fbmeti sekt\u00f6re deva olmaya \u00e7a\u011f\u0131r\u0131yoruz&#8221; dedi.<\/p>\n","protected":false},"excerpt":{"rendered":"<p>CHP Mersin Milletvekili G\u00fclcan K\u0131\u015f, aylard\u0131r ekonomik krizin ve hayat pahal\u0131l\u0131\u011f\u0131n\u0131n faturas\u0131n\u0131 farkl\u0131 sekt\u00f6rlere \u00e7\u0131karan AKP h\u00fck\u00fcmetinin bu kez de beyaz et sekt\u00f6r\u00fcnde b\u00fcy\u00fck zararlara yol a\u00e7acak kararlara imza att\u0131\u011f\u0131n\u0131 s\u00f6yledi. H\u00fck\u00fcmetin, tavuk eti fiyatlar\u0131n\u0131 d\u00fc\u015f\u00fcrmek i\u00e7in girdi maliyetlerini azaltmak yerine ihracat\u0131 yasaklama yoluna gitti\u011fini kaydeden K\u0131\u015f, &#8220;Bu kararla i\u015fletmeler zarar g\u00f6recek, binlerce i\u015f\u00e7i ve [&hellip;]<\/p>\n","protected":false},"author":2,"featured_media":32431,"comment_status":"open","ping_status":"open","sticky":false,"template":"","format":"standard","meta":{"footnotes":""},"categories":[3,6],"tags":[],"class_list":["post-32430","post","type-post","status-publish","format-standard","has-post-thumbnail","hentry","category-manset","category-siyaset-2"],"views":1,"_links":{"self":[{"href":"https:\/\/mersinkadingazetesi.com\/index.php?rest_route=\/wp\/v2\/posts\/32430"}],"collection":[{"href":"https:\/\/mersinkadingazetesi.com\/index.php?rest_route=\/wp\/v2\/posts"}],"about":[{"href":"https:\/\/mersinkadingazetesi.com\/index.php?rest_route=\/wp\/v2\/types\/post"}],"author":[{"embeddable":true,"href":"https:\/\/mersinkadingazetesi.com\/index.php?rest_route=\/wp\/v2\/users\/2"}],"replies":[{"embeddable":true,"href":"https:\/\/mersinkadingazetesi.com\/index.php?rest_route=%2Fwp%2Fv2%2Fcomments&post=32430"}],"version-history":[{"count":0,"href":"https:\/\/mersinkadingazetesi.com\/index.php?rest_route=\/wp\/v2\/posts\/32430\/revisions"}],"wp:featuredmedia":[{"embeddable":true,"href":"https:\/\/mersinkadingazetesi.com\/index.php?rest_route=\/wp\/v2\/media\/32431"}],"wp:attachment":[{"href":"https:\/\/mersinkadingazetesi.com\/index.php?rest_route=%2Fwp%2Fv2%2Fmedia&parent=32430"}],"wp:term":[{"taxonomy":"category","embeddable":true,"href":"https:\/\/mersinkadingazetesi.com\/index.php?rest_route=%2Fwp%2Fv2%2Fcategories&post=32430"},{"taxonomy":"post_tag","embeddable":true,"href":"https:\/\/mersinkadingazetesi.com\/index.php?rest_route=%2Fwp%2Fv2%2Ftags&post=32430"}],"curies":[{"name":"wp","href":"https:\/\/api.w.org\/{rel}","templated":true}]}}