{"id":32447,"date":"2024-05-09T12:52:25","date_gmt":"2024-05-09T09:52:25","guid":{"rendered":"http:\/\/mersinkadingazetesi.com\/?p=32447"},"modified":"2024-05-09T12:52:25","modified_gmt":"2024-05-09T09:52:25","slug":"gulcan-kistan-atama-ve-mulakat-tepkisi","status":"publish","type":"post","link":"https:\/\/mersinkadingazetesi.com\/?p=32447","title":{"rendered":"G\u00dcLCAN KI\u015e&#8217;TAN ATAMA VE M\u00dcLAKAT TEPK\u0130S\u0130"},"content":{"rendered":"<p>CHP Mersin Milletvekili G\u00fclcan K\u0131\u015f, bizzat Milli E\u011fitim Bakan\u0131 taraf\u0131ndan &#8220;68 bin \u00f6\u011fretmen a\u00e7\u0131\u011f\u0131 var&#8221; denilmesine ra\u011fmen atama say\u0131s\u0131n\u0131n 20 binle s\u0131n\u0131rl\u0131 kalmas\u0131na ve \u00f6\u011fretmen atamalar\u0131nda m\u00fclakat\u0131n devam etmesine tepki g\u00f6sterdi. K\u0131\u015f, &#8220;M\u00fclakat adaletsizli\u011fini se\u00e7imden \u00f6nce itiraf edenler \u015fimdi vazge\u00e7ti.  \u015eimdi ne m\u00fclakat kalk\u0131yor ne de s\u00f6z verilen atama say\u0131s\u0131 ger\u00e7ekle\u015fiyor. 22 y\u0131lda h\u00fck\u00fcmetin m\u00fclakat\u0131 nas\u0131l kulland\u0131\u011f\u0131n\u0131 \u00f6rnekleriyle g\u00f6rd\u00fck.  Binlerce gen\u00e7 s\u0131navlarda dereceye girmesine ra\u011fmen m\u00fclakatlarda elendi.  Atamas\u0131 yap\u0131lmayan onlarca gen\u00e7 \u00f6\u011fretmen ya\u015fam\u0131na son verdi.  Atanmayan her \u00f6\u011fretmen bug\u00fcn ba\u015fka i\u015flerde \u00e7al\u0131\u015fmak zorunda kal\u0131yor. \u00d6\u011fretmenlerimizi de\u011fersizle\u015ftiren bu anlay\u0131\u015f \u00fclkemizin gelece\u011fine de en b\u00fcy\u00fck darbeyi vurmaktad\u0131r&#8221; dedi.<\/p>\n<p>22 y\u0131lda 9 Milli E\u011fitim Bakan\u0131n\u0131n gelip ge\u00e7ti\u011fini, sistemin 17 kez de\u011fi\u015fti\u011fini ifade eden G\u00fclcan K\u0131\u015f, &#8220;9 de\u011fil, 99 e\u011fitim bakan\u0131 da de\u011fi\u015ftirseniz e\u011fitim sistemini d\u00fczeltemezsiniz.  Ne kendinizi ne de bu milleti kand\u0131r\u0131n! Siyasi ve ekonomik d\u00fczlemde, milli \u00e7\u0131karlar ve ihtiya\u00e7lar do\u011frultusunda at\u0131lacak ad\u0131mlar e\u011fitim sisteminin de d\u00fczelmesini sa\u011flayacakt\u0131r&#8221; ifadelerini kulland\u0131.<\/p>\n<p>\u0130stanbul&#8217;da bir lisede emektar \u00f6\u011fretmen ve okul m\u00fcd\u00fcr\u00fc \u0130brahim Oktugan&#8217;\u0131n bir \u00f6\u011frenci taraf\u0131ndan \u00f6ld\u00fcr\u00fclmesini k\u0131nayan G\u00fclcan K\u0131\u015f, &#8220;E\u011fitimcimize Allahtan rahmet, yak\u0131nlar\u0131na ba\u015fsa\u011fl\u0131\u011f\u0131 diliyorum. T\u00fcm bunlar, iktidar\u0131n e\u011fitimi ve e\u011fitim emek\u00e7isini de\u011fersizle\u015ftirme politikalar\u0131n\u0131n sonucudur.  Bir tarafta; \u00dclkenin gelece\u011finde s\u00f6z sahibi olmak i\u00e7in aylarca m\u00fccadele veren atanmay\u0131 bekleyen \u00f6\u011fretmenler, bir tarafta g\u00f6z g\u00f6re g\u00f6re cinayete kurban giden e\u011fitimciler. AKP \u0130ktidar\u0131na sesleniyorum: Koruyam\u0131yorsunuz, sahip \u00e7\u0131kam\u0131yorsunuz ve bunun ba\u015f sorumlusu sizlersiniz&#8221; ifadelerini kulland\u0131.<\/p>\n<p>CHP Mersin Milletvekili G\u00fclcan K\u0131\u015f, TBMM genel kurulunda s\u00f6z alarak \u00f6\u011fretmen atamalar\u0131n\u0131n 20 bin ki\u015fiyle s\u0131n\u0131rland\u0131r\u0131lmas\u0131na ve Milli E\u011fitim Bakan\u0131 Yusuf Tekin&#8217;in &#8220;atamalarda m\u00fclakat&#8221; \u0131srar\u0131na tepki g\u00f6sterdi.<\/p>\n<p>K\u0131\u015f, konu\u015fmas\u0131na \u0130stanbul&#8217;da bir lisede emektar \u00f6\u011fretmen ve okul m\u00fcd\u00fcr\u00fc \u0130brahim Oktugan&#8217;\u0131n bir \u00f6\u011frenci taraf\u0131ndan \u00f6ld\u00fcr\u00fclmesini k\u0131nayarak ba\u015flad\u0131.<\/p>\n<p>K\u0131\u015f, &#8220;Bu sald\u0131r\u0131y\u0131 k\u0131n\u0131yor, hayat\u0131n\u0131 kaybeden e\u011fitimcimize Allahtan rahmet, yak\u0131nlar\u0131na ba\u015fsa\u011fl\u0131\u011f\u0131 diliyorum. T\u00fcm bunlar, iktidar\u0131n e\u011fitimi ve e\u011fitim emek\u00e7isini de\u011fersizle\u015ftirme politikalar\u0131n\u0131n sonucudur.  \u00d6\u011fretmen cinayetleri ve \u015fiddeti had safhaya ula\u015fm\u0131\u015ft\u0131r. D\u00fcnyada, ba\u015f\u00f6\u011fretmen unvanl\u0131 bir liderin kurdu\u011fu tek \u00fclke T\u00fcrkiye Cumhuriyetidir. Cumhuriyetimiz, Ba\u015f\u00f6\u011fretmen Gazi Mustafa Kemal Atat\u00fcrk&#8217;\u00fcn liderli\u011finde, ilke ve devrimleri \u0131\u015f\u0131\u011f\u0131nda ayaktad\u0131r.  Gelece\u011fin belirleyicisi \u00f6\u011fretmenlerimiz de; Cumhuriyetimizin can damar\u0131d\u0131r. Ancak \u00f6\u011fretmenlerimize ve e\u011fitim emek\u00e7ilerimize reva g\u00f6r\u00fclen tablo asl\u0131nda d\u00fcn ya\u015fan\u0131lanlarda gizlidir. Bir tarafta; \u00dclkenin gelece\u011finde s\u00f6z sahibi olmak i\u00e7in aylarca m\u00fccadele veren atanmay\u0131 bekleyen \u00f6\u011fretmenler, bir tarafta g\u00f6z g\u00f6re g\u00f6re cinayete kurban giden e\u011fitimciler. AKP \u0130ktidar\u0131na sesleniyorum: Koruyam\u0131yorsunuz, sahip \u00e7\u0131kam\u0131yorsunuz ve bunun ba\u015f sorumlusu sizlersiniz&#8221; dedi.<\/p>\n<p>9 KEZ BAKANLAR 17 KEZ S\u0130STEM DE\u011e\u0130\u015eT\u0130<\/p>\n<p>AKP&#8217;nin iktidara geldi\u011fi 2002 y\u0131l\u0131ndan bu yana en fazla bakan de\u011fi\u015ftiren kurumun Milli E\u011fitim Bakanl\u0131\u011f\u0131 oldu\u011funu ifade eden G\u00fclcan K\u0131\u015f, &#8220;Tam 9 farkl\u0131 isim Bakan koltu\u011funa oturdu.  17 kez de e\u011fitim sistemi de\u011fi\u015fti.  \u0130simler de\u011fi\u015fti, m\u00fcfredatlar de\u011fi\u015fti, fakat e\u011fitime bak\u0131\u015f a\u00e7\u0131lar\u0131 hi\u00e7 de\u011fi\u015fmedi. \u0130ktidara geldi\u011finde &#8220;atanmayan \u00f6\u011fretmen kalmayacak&#8221; diyenler, bu rakam\u0131 1 milyona \u00e7\u0131kard\u0131.  22 y\u0131ll\u0131k s\u00fcre\u00e7te, kamusal e\u011fitim \u00e7\u00f6km\u00fc\u015f, e\u011fitim \u00f6zelle\u015ftirilmi\u015f, laik, bilimsel e\u011fitim anlay\u0131\u015f\u0131 terk edilmi\u015ftir.  K\u0131sacas\u0131 e\u011fitimde \u00e7aresiz, \u00e7\u00f6z\u00fcms\u00fcz bir iktidarla kar\u015f\u0131 kar\u015f\u0131yay\u0131z&#8221; ifadelerini kulland\u0131.<\/p>\n<p>99 BAKAN DA GELSE D\u00dcZELTEMEZS\u0130N\u0130Z<\/p>\n<p>22 y\u0131l i\u00e7inde e\u011fitime ayr\u0131lan b\u00fct\u00e7enin giderek azald\u0131\u011f\u0131na da dikkat \u00e7eken G\u00fclcan K\u0131\u015f, &#8220;E\u011fitimde tasarruf olmaz, yat\u0131r\u0131m olur bunu defalarca s\u00f6yledik.  Ekonomik krizin faturas\u0131n\u0131 e\u011fitime \u00e7\u0131karmay\u0131n dedik.  Ancak al\u0131nan kararlar, sistem de\u011fi\u015fikli\u011fi, e\u011fitimin niteli\u011fini her ge\u00e7en a\u015fa\u011f\u0131ya \u00e7ekmektedir.  T\u0131pk\u0131 ekonomi de oldu\u011fu gibi e\u011fitim alan\u0131nda da \u00e7\u00f6z\u00fcms\u00fcz bir iktidar var kar\u015f\u0131m\u0131zda. Nitekim Cumhurba\u015fkan\u0131 Erdo\u011fan bile &#8220;E\u011fitimde arzu etti\u011fimiz ba\u015far\u0131y\u0131 sa\u011flayamad\u0131k&#8221; itiraf\u0131nda bulunmu\u015ftur. Ekonomi do\u011fru bir politikaya evrilmez ise, e\u011fitimde de hi\u00e7bir \u015fey d\u00fczelmeyecektir.  9 de\u011fil, 99 e\u011fitim bakan\u0131 da de\u011fi\u015ftirseniz e\u011fitim sistemini d\u00fczeltemezsiniz.  Ne kendinizi ne de bu milleti kand\u0131r\u0131n! Siyasi ve ekonomik d\u00fczlemde, milli \u00e7\u0131karlar ve ihtiya\u00e7lar do\u011frultusunda at\u0131lacak ad\u0131mlar e\u011fitim sisteminin de d\u00fczelmesini sa\u011flayacakt\u0131r&#8221; ifadelerini kulland\u0131.<\/p>\n<p>NE M\u00dcLAKAT KALKIYOR NE DE S\u00d6Z VER\u0130LEN ATAMA SAYISI GER\u00c7EKLE\u015e\u0130YOR<\/p>\n<p>Konu\u015fmas\u0131nda, \u00f6\u011fretmen atamalar\u0131n\u0131n 20 bin ki\u015fiyle s\u0131n\u0131rl\u0131 kalmas\u0131na ve m\u00fclakat uygulamas\u0131na devam edilmesi karar\u0131na da de\u011finen G\u00fclcan K\u0131\u015f \u015funlar\u0131 s\u00f6yledi:<\/p>\n<p>&#8220;E\u011fitimin vazge\u00e7ilmez sac aya\u011f\u0131 \u00f6\u011fretmenlerimiz, 9 ayd\u0131r atama haberi bekliyordu.  Bizzat Bakan\u0131n a\u011fz\u0131ndan 68 bin \u00f6\u011fretmen ihtiyac\u0131 oldu\u011fu a\u00e7\u0131kland\u0131. Kamuda en y\u00fcksek atama MEB&#8217;de olacak dendi. Sonu\u00e7: T\u00fcm itirazlara, aylard\u0131r seslerini her platformdan duyurmaya \u00e7al\u0131\u015fan y\u00fczbinlerce \u00f6\u011fretmene ve ailelerine ra\u011fmen sadece 20 bin atama karar\u0131.  Hi\u00e7bir \u00fclkede \u00f6\u011fretmenlik mesle\u011fi bu kadar itibars\u0131zla\u015ft\u0131r\u0131lmam\u0131\u015ft\u0131r.  31 Mart Yerel Se\u00e7imlerini geride b\u0131rakt\u0131k. Bu se\u00e7imde halk\u0131n verdi\u011fi mesaj \u00e7ok anlaml\u0131yd\u0131.  Ancak bak\u0131yorsunuz; halk\u0131yla, \u00f6\u011fretmenleriyle inatla\u015fmaya devam eden bir h\u00fck\u00fcmet var kar\u015f\u0131m\u0131zda.  M\u00fclakat adaletsizli\u011fini se\u00e7imden \u00f6nce itiraf edenler \u015fimdi vazge\u00e7ti.  &#8220;68 bin \u00f6\u011fretmen a\u00e7\u0131\u011f\u0131 var&#8221; dediler. \u015eimdi ne m\u00fclakat kalk\u0131yor ne de s\u00f6z verilen atama say\u0131s\u0131 ger\u00e7ekle\u015fiyor. 22 y\u0131lda h\u00fck\u00fcmetin m\u00fclakat\u0131 nas\u0131l kulland\u0131\u011f\u0131n\u0131 \u00f6rnekleriyle g\u00f6rd\u00fck.  Binlerce gen\u00e7 s\u0131navlarda dereceye girmesine ra\u011fmen m\u00fclakatlarda elendi.  Bunu s\u00f6ylemek \u00e7ok ac\u0131 ama Atamas\u0131 yap\u0131lmayan onlarca gen\u00e7 \u00f6\u011fretmen ya\u015fam\u0131na son verdi.  Atanmayan her \u00f6\u011fretmen bug\u00fcn ba\u015fka i\u015flerde \u00e7al\u0131\u015fmak zorunda kal\u0131yor. \u00d6\u011fretmenlerimizi de\u011fersizle\u015ftiren bu anlay\u0131\u015f \u00fclkemizin gelece\u011fine de en b\u00fcy\u00fck darbeyi vurmaktad\u0131r.  E\u011fitimin sorunlar\u0131 giderek derinle\u015fmekte, niteli\u011fi ise her ge\u00e7en g\u00fcn azalmaktad\u0131r.  Bu politikalarla da sorunlar\u0131n \u00e7\u00f6z\u00fclemeyece\u011fi a\u015fikard\u0131r.  Ba\u015f\u00f6\u011fretmenimiz Gazi Mustafa Kemal Atat\u00fcrk&#8217;\u00fcn dedi\u011fi gibi; Hayatta en hakiki m\u00fcr\u015fit ilimdir fendir, ilim ve fenden ba\u015fka yol g\u00f6sterici aramak gaflettir, delalettir, cehalettir. Bu s\u00f6zler \u0131\u015f\u0131\u011f\u0131nda,  bilimden, ak\u0131ldan beslenen kamucu milli e\u011fitim politikas\u0131n\u0131 hayata ge\u00e7irdi\u011fimiz anda, Cumhuriyetimizin ikinci y\u00fczy\u0131l\u0131na yara\u015f\u0131r bir toplum in\u015fa etmi\u015f olaca\u011f\u0131z. \u00d6zelikle AKP&#8217;li vekillere seslenmek istiyorum \u015funu unutmay\u0131n;  e\u011fitimdir ki bir milleti ya h\u00fcr, ba\u011f\u0131ms\u0131z, \u015fanl\u0131 bir millet yapar ya da esaret ve sefalete terk eder.&#8221;<\/p>\n","protected":false},"excerpt":{"rendered":"<p>CHP Mersin Milletvekili G\u00fclcan K\u0131\u015f, bizzat Milli E\u011fitim Bakan\u0131 taraf\u0131ndan &#8220;68 bin \u00f6\u011fretmen a\u00e7\u0131\u011f\u0131 var&#8221; denilmesine ra\u011fmen atama say\u0131s\u0131n\u0131n 20 binle s\u0131n\u0131rl\u0131 kalmas\u0131na ve \u00f6\u011fretmen atamalar\u0131nda m\u00fclakat\u0131n devam etmesine tepki g\u00f6sterdi. K\u0131\u015f, &#8220;M\u00fclakat adaletsizli\u011fini se\u00e7imden \u00f6nce itiraf edenler \u015fimdi vazge\u00e7ti. \u015eimdi ne m\u00fclakat kalk\u0131yor ne de s\u00f6z verilen atama say\u0131s\u0131 ger\u00e7ekle\u015fiyor. 22 y\u0131lda h\u00fck\u00fcmetin m\u00fclakat\u0131 [&hellip;]<\/p>\n","protected":false},"author":2,"featured_media":32448,"comment_status":"open","ping_status":"open","sticky":false,"template":"","format":"standard","meta":{"footnotes":""},"categories":[3,6],"tags":[],"class_list":["post-32447","post","type-post","status-publish","format-standard","has-post-thumbnail","hentry","category-manset","category-siyaset-2"],"views":2,"_links":{"self":[{"href":"https:\/\/mersinkadingazetesi.com\/index.php?rest_route=\/wp\/v2\/posts\/32447"}],"collection":[{"href":"https:\/\/mersinkadingazetesi.com\/index.php?rest_route=\/wp\/v2\/posts"}],"about":[{"href":"https:\/\/mersinkadingazetesi.com\/index.php?rest_route=\/wp\/v2\/types\/post"}],"author":[{"embeddable":true,"href":"https:\/\/mersinkadingazetesi.com\/index.php?rest_route=\/wp\/v2\/users\/2"}],"replies":[{"embeddable":true,"href":"https:\/\/mersinkadingazetesi.com\/index.php?rest_route=%2Fwp%2Fv2%2Fcomments&post=32447"}],"version-history":[{"count":0,"href":"https:\/\/mersinkadingazetesi.com\/index.php?rest_route=\/wp\/v2\/posts\/32447\/revisions"}],"wp:featuredmedia":[{"embeddable":true,"href":"https:\/\/mersinkadingazetesi.com\/index.php?rest_route=\/wp\/v2\/media\/32448"}],"wp:attachment":[{"href":"https:\/\/mersinkadingazetesi.com\/index.php?rest_route=%2Fwp%2Fv2%2Fmedia&parent=32447"}],"wp:term":[{"taxonomy":"category","embeddable":true,"href":"https:\/\/mersinkadingazetesi.com\/index.php?rest_route=%2Fwp%2Fv2%2Fcategories&post=32447"},{"taxonomy":"post_tag","embeddable":true,"href":"https:\/\/mersinkadingazetesi.com\/index.php?rest_route=%2Fwp%2Fv2%2Ftags&post=32447"}],"curies":[{"name":"wp","href":"https:\/\/api.w.org\/{rel}","templated":true}]}}