{"id":32468,"date":"2024-05-10T12:40:09","date_gmt":"2024-05-10T09:40:09","guid":{"rendered":"http:\/\/mersinkadingazetesi.com\/?p=32468"},"modified":"2024-05-10T12:40:09","modified_gmt":"2024-05-10T09:40:09","slug":"emekliler-yazi-bahar-senligi-ile-karsiladi","status":"publish","type":"post","link":"https:\/\/mersinkadingazetesi.com\/?p=32468","title":{"rendered":"EMEKL\u0130LER YAZI &#8216;BAHAR \u015eENL\u0130\u011e\u0130&#8217; \u0130LE KAR\u015eILADI"},"content":{"rendered":"<p>Mersin B\u00fcy\u00fck\u015fehir Belediyesi Sosyal Hizmetler Dairesi b\u00fcnyesinde hizmet veren Emekli Evleri, 2024 yaz\u0131n\u0131  &#8216;Bahar \u015eenli\u011fi&#8217; ile kar\u015f\u0131lad\u0131. Birbirinden farkl\u0131 sosyal ve k\u00fclt\u00fcrel etkinlikler, geziler, turlar ve piknik programlar\u0131yla ikinci baharlar\u0131n\u0131 B\u00fcy\u00fck\u015fehir sayesinde dolu dolu ya\u015fayan ya\u015f alm\u0131\u015flar, verilen konserle yaza &#8216;merhaba&#8217; dedi.<\/p>\n<p>Yeni\u015fehir Emekli Evi&#8217;nin bah\u00e7esinde d\u00fczenlenen etkinli\u011fe Yeni\u015fehir&#8217;in yan\u0131 s\u0131ra Mezitli ve Toroslar Halkkent Emekli Evi \u00fcyeleri de kat\u0131ld\u0131. K\u00fclt\u00fcr ve Sosyal Hizmetler Dairesi Ba\u015fkanl\u0131\u011f\u0131&#8217;na ba\u011fl\u0131 T\u00fcrk Sanat M\u00fczi\u011fi Toplulu\u011fu taraf\u0131ndan verilen konserle e\u011flenen ya\u015f alm\u0131\u015flar, oyunlar ve danslarla yaz\u0131 kar\u015f\u0131lad\u0131. Hi\u00e7bir etkinli\u011fi ka\u00e7\u0131rmayan ve olduk\u00e7a yo\u011fun kat\u0131l\u0131m g\u00f6steren emekliler, birbirleriyle kayna\u015f\u0131rken ayn\u0131 zamanda keyifli vakit ge\u00e7irdi.<\/p>\n<p>D\u00f6nmezler: &#8220;\u00dcyelerimizin memnuniyetlerini y\u00fczlerinden anl\u0131yoruz&#8221;<\/p>\n<p>Mersin B\u00fcy\u00fck\u015fehir Belediyesi Sosyal Hizmetler Dairesi Ba\u015fkanl\u0131\u011f\u0131 Sosyal Hizmetler \u015eube M\u00fcd\u00fcr\u00fc Suzan D\u00f6nmezler, etkinlik hakk\u0131nda bilgi vererek, &#8220;Yeni\u015fehir Emekli Evimizde, Mezitli, Yeni\u015fehir ve Toroslar Emekli Evi \u00fcyelerimize Bahar \u015eenli\u011fi kapsam\u0131nda keyifli vakit ge\u00e7irmelerini sa\u011flamak amac\u0131yla bir etkinli\u011fimiz var. Emekli Evi \u00fcyelerimiz gayet keyifli ve e\u011flenceli vakit ge\u00e7iriyorlar. Gayet memnun olduklar\u0131n\u0131 y\u00fczlerinden anl\u0131yoruz&#8221; diye aktard\u0131.<\/p>\n<p>Antmen: &#8220;Emekli Evi ger\u00e7ekten \u00e7ok g\u00fczel ve ba\u015far\u0131l\u0131 i\u015fler yap\u0131yor&#8221;<\/p>\n<p>&#8216;Bahar \u015eenli\u011fi&#8217; kapsam\u0131nda doyas\u0131ya e\u011flenen Yeni\u015fehir Emekli Evi \u00fcyelerinden Nurg\u00fcl Antmen, yap\u0131lan organizasyon i\u00e7in te\u015fekk\u00fcrlerini ileterek, &#8220;Yap\u0131lan t\u00fcm etkinlikler birbirinden g\u00fczel. Hepsinden \u00e7ok mutlu oluyoruz. Ortam \u00e7ok g\u00fczel. Farkl\u0131 etkinliklere de gelip kat\u0131ld\u0131\u011f\u0131m oldu. Kolon kanseri ile ilgili bir program vard\u0131. Ona kat\u0131ld\u0131m ve anlat\u0131m g\u00fczeldi, bizim anlayaca\u011f\u0131m\u0131z dildendi. O etkinlikten de g\u00fczelce faydaland\u0131k. Bize \u00e7ok yararl\u0131 bir etkinlikti. Haftada bir de \u00c7ar\u015famba g\u00fcnleri burada m\u00fczik var. Zaman zaman da onlar\u0131 izlemeye geliyorum ve o da \u00e7ok g\u00fczel. Arada da spora kat\u0131l\u0131yorum, o da g\u00fczel. Emekli Evi ger\u00e7ekten \u00e7ok g\u00fczel ve ba\u015far\u0131l\u0131 i\u015fler yap\u0131yor&#8221; dedi.<\/p>\n<p>Yelda\u011f: &#8220;Bahar \u015eenli\u011fi \u00e7ok g\u00fczel ge\u00e7ti&#8221;<\/p>\n<p>Yeni\u015fehir Emekli Evi \u00fcyelerinden Harika Yelda\u011f ise e\u011flencenin \u00e7ok g\u00fczel oldu\u011funu anlatarak, &#8220;Vahap Bey&#8217;e \u00e7ok te\u015fekk\u00fcr ediyoruz, \u00e7ok memnunuz ve \u00e7ok g\u00fczel bir e\u011flence. Bahar \u015eenli\u011fi \u00e7ok g\u00fczel ge\u00e7ti. Her zaman kat\u0131lmak istiyorum ve kat\u0131laca\u011f\u0131m da&#8221; diye konu\u015ftu.<\/p>\n<p>Yeni\u015fehir Emekli Evi \u00fcyelerinden Emirhan \u00c7etin de Mersin B\u00fcy\u00fck\u015fehir Belediye Ba\u015fkan\u0131 Vahap Se\u00e7er&#8217;e te\u015fekk\u00fcrlerini ileterek, &#8220;Emekli Evi&#8217;nde \u00e7ok g\u00fczel etkinlikler oluyor. Bahar \u015eenli\u011fi \u00e7ok g\u00fczel ge\u00e7ti. Daha \u00f6nce de kat\u0131ld\u0131m, bu daha da iyi ve  g\u00fczel oldu. Daha co\u015fkulu ve kalabal\u0131kt\u0131&#8221; ifadelerini kulland\u0131.<\/p>\n<p>Emekliler &#8216;Bahar \u015eenli\u011fi&#8217;nde g\u00f6n\u00fcllerince e\u011flendi<\/p>\n<p>Yeni\u015fehir Emekli Evi \u00fcyelerinden Nihat \u0130brahimo\u011flu de y\u0131llard\u0131r Emekli Evi&#8217;nin \u00fcyesi oldu\u011fundan bahsederek, emekli Evi&#8217;nde s\u0131k s\u0131k etkinliklerini d\u00fczenlendi\u011fini ifade etti. \u0130brahimo\u011flu, &#8220;Emekli oldu\u011fumuz i\u00e7in bize de de\u011fi\u015fiklik oluyor. Bu t\u00fcr organizasyonlara s\u00fcrekli kat\u0131l\u0131yorum. Zaten evim de yak\u0131n. Bu sayede arkada\u015flar\u0131m\u0131zla hep beraber oluyoruz&#8221; dedi.<\/p>\n","protected":false},"excerpt":{"rendered":"<p>Mersin B\u00fcy\u00fck\u015fehir Belediyesi Sosyal Hizmetler Dairesi b\u00fcnyesinde hizmet veren Emekli Evleri, 2024 yaz\u0131n\u0131 &#8216;Bahar \u015eenli\u011fi&#8217; ile kar\u015f\u0131lad\u0131. Birbirinden farkl\u0131 sosyal ve k\u00fclt\u00fcrel etkinlikler, geziler, turlar ve piknik programlar\u0131yla ikinci baharlar\u0131n\u0131 B\u00fcy\u00fck\u015fehir sayesinde dolu dolu ya\u015fayan ya\u015f alm\u0131\u015flar, verilen konserle yaza &#8216;merhaba&#8217; dedi. Yeni\u015fehir Emekli Evi&#8217;nin bah\u00e7esinde d\u00fczenlenen etkinli\u011fe Yeni\u015fehir&#8217;in yan\u0131 s\u0131ra Mezitli ve Toroslar Halkkent [&hellip;]<\/p>\n","protected":false},"author":2,"featured_media":32469,"comment_status":"open","ping_status":"open","sticky":false,"template":"","format":"standard","meta":{"footnotes":""},"categories":[2,3],"tags":[],"class_list":["post-32468","post","type-post","status-publish","format-standard","has-post-thumbnail","hentry","category-gundem","category-manset"],"views":8,"_links":{"self":[{"href":"https:\/\/mersinkadingazetesi.com\/index.php?rest_route=\/wp\/v2\/posts\/32468"}],"collection":[{"href":"https:\/\/mersinkadingazetesi.com\/index.php?rest_route=\/wp\/v2\/posts"}],"about":[{"href":"https:\/\/mersinkadingazetesi.com\/index.php?rest_route=\/wp\/v2\/types\/post"}],"author":[{"embeddable":true,"href":"https:\/\/mersinkadingazetesi.com\/index.php?rest_route=\/wp\/v2\/users\/2"}],"replies":[{"embeddable":true,"href":"https:\/\/mersinkadingazetesi.com\/index.php?rest_route=%2Fwp%2Fv2%2Fcomments&post=32468"}],"version-history":[{"count":0,"href":"https:\/\/mersinkadingazetesi.com\/index.php?rest_route=\/wp\/v2\/posts\/32468\/revisions"}],"wp:featuredmedia":[{"embeddable":true,"href":"https:\/\/mersinkadingazetesi.com\/index.php?rest_route=\/wp\/v2\/media\/32469"}],"wp:attachment":[{"href":"https:\/\/mersinkadingazetesi.com\/index.php?rest_route=%2Fwp%2Fv2%2Fmedia&parent=32468"}],"wp:term":[{"taxonomy":"category","embeddable":true,"href":"https:\/\/mersinkadingazetesi.com\/index.php?rest_route=%2Fwp%2Fv2%2Fcategories&post=32468"},{"taxonomy":"post_tag","embeddable":true,"href":"https:\/\/mersinkadingazetesi.com\/index.php?rest_route=%2Fwp%2Fv2%2Ftags&post=32468"}],"curies":[{"name":"wp","href":"https:\/\/api.w.org\/{rel}","templated":true}]}}