{"id":32484,"date":"2024-05-12T09:53:34","date_gmt":"2024-05-12T06:53:34","guid":{"rendered":"http:\/\/mersinkadingazetesi.com\/?p=32484"},"modified":"2024-05-12T09:53:34","modified_gmt":"2024-05-12T06:53:34","slug":"anneler-gunu-renkli-bir-programla-kutlandi","status":"publish","type":"post","link":"https:\/\/mersinkadingazetesi.com\/?p=32484","title":{"rendered":"ANNELER G\u00dcN\u00dc RENKL\u0130 B\u0130R PROGRAMLA KUTLANDI"},"content":{"rendered":"<p>Toroslar il\u00e7emizde bulunan Toroslar Vilayetler Hizmet Birli\u011fi Anaokulunda Anneler G\u00fcn\u00fc vesilesiyle anlaml\u0131 bir program d\u00fczenlendi. Vali Yard\u0131mc\u0131s\u0131 Say\u0131n Adem Y\u0131lmaz&#8217;\u0131n te\u015frifleriyle ger\u00e7ekle\u015fen anneler g\u00fcn\u00fc kutlama program\u0131nda e\u011flenceli ve duygusal anlar ya\u015fand\u0131. Program sayg\u0131 duru\u015fu ve \u0130stiklal Mar\u015f\u0131&#8217;n\u0131n okunmas\u0131yla ba\u015flad\u0131.<br \/>\nProtokol konu\u015fmalar\u0131n\u0131n ard\u0131ndan anaokulu \u00f6\u011frencileri taraf\u0131ndan haz\u0131rlanan m\u00fczikal bir g\u00f6steri sunuldu. 3 ya\u015f grubu \u00f6\u011frencilerin sevimli tebess\u00fcm g\u00f6sterisi, davul \u00e7alma performans\u0131 ve co\u015fkulu \u015fark\u0131lar\u0131 izleyicileri mest etti. Program, anneler ve \u00e7ocuklar\u0131n\u0131n birlikte dans etmesiyle sona erdi.  Duygusal anlara sahne olan g\u00f6steriler, misafirler taraf\u0131ndan b\u00fcy\u00fck be\u011feni toplad\u0131.<br \/>\nProgram\u0131n ard\u0131ndan anne-\u00e7ocuk foto\u011fraf sergisi gezildi. Anaokulu \u00f6\u011frencilerinin anneleriyle birlikte yapt\u0131\u011f\u0131 foto\u011fraf \u00e7ekiminde renkli anlar ya\u015fand\u0131 .<br \/>\n\u0130l Mill\u00ee E\u011fitim M\u00fcd\u00fcr\u00fc Fazilet Durmu\u015f,  \u00f6\u011frenci velilerle sohbet etti. Anne velilerimizin Anneler G\u00fcn\u00fc&#8217;n\u00fc kutlad\u0131.<\/p>\n","protected":false},"excerpt":{"rendered":"<p>Toroslar il\u00e7emizde bulunan Toroslar Vilayetler Hizmet Birli\u011fi Anaokulunda Anneler G\u00fcn\u00fc vesilesiyle anlaml\u0131 bir program d\u00fczenlendi. Vali Yard\u0131mc\u0131s\u0131 Say\u0131n Adem Y\u0131lmaz&#8217;\u0131n te\u015frifleriyle ger\u00e7ekle\u015fen anneler g\u00fcn\u00fc kutlama program\u0131nda e\u011flenceli ve duygusal anlar ya\u015fand\u0131. Program sayg\u0131 duru\u015fu ve \u0130stiklal Mar\u015f\u0131&#8217;n\u0131n okunmas\u0131yla ba\u015flad\u0131. Protokol konu\u015fmalar\u0131n\u0131n ard\u0131ndan anaokulu \u00f6\u011frencileri taraf\u0131ndan haz\u0131rlanan m\u00fczikal bir g\u00f6steri sunuldu. 3 ya\u015f grubu \u00f6\u011frencilerin sevimli [&hellip;]<\/p>\n","protected":false},"author":2,"featured_media":32485,"comment_status":"open","ping_status":"open","sticky":false,"template":"","format":"standard","meta":{"footnotes":""},"categories":[3],"tags":[],"class_list":["post-32484","post","type-post","status-publish","format-standard","has-post-thumbnail","hentry","category-manset"],"views":1,"_links":{"self":[{"href":"https:\/\/mersinkadingazetesi.com\/index.php?rest_route=\/wp\/v2\/posts\/32484"}],"collection":[{"href":"https:\/\/mersinkadingazetesi.com\/index.php?rest_route=\/wp\/v2\/posts"}],"about":[{"href":"https:\/\/mersinkadingazetesi.com\/index.php?rest_route=\/wp\/v2\/types\/post"}],"author":[{"embeddable":true,"href":"https:\/\/mersinkadingazetesi.com\/index.php?rest_route=\/wp\/v2\/users\/2"}],"replies":[{"embeddable":true,"href":"https:\/\/mersinkadingazetesi.com\/index.php?rest_route=%2Fwp%2Fv2%2Fcomments&post=32484"}],"version-history":[{"count":0,"href":"https:\/\/mersinkadingazetesi.com\/index.php?rest_route=\/wp\/v2\/posts\/32484\/revisions"}],"wp:featuredmedia":[{"embeddable":true,"href":"https:\/\/mersinkadingazetesi.com\/index.php?rest_route=\/wp\/v2\/media\/32485"}],"wp:attachment":[{"href":"https:\/\/mersinkadingazetesi.com\/index.php?rest_route=%2Fwp%2Fv2%2Fmedia&parent=32484"}],"wp:term":[{"taxonomy":"category","embeddable":true,"href":"https:\/\/mersinkadingazetesi.com\/index.php?rest_route=%2Fwp%2Fv2%2Fcategories&post=32484"},{"taxonomy":"post_tag","embeddable":true,"href":"https:\/\/mersinkadingazetesi.com\/index.php?rest_route=%2Fwp%2Fv2%2Ftags&post=32484"}],"curies":[{"name":"wp","href":"https:\/\/api.w.org\/{rel}","templated":true}]}}