{"id":32490,"date":"2024-05-12T09:59:19","date_gmt":"2024-05-12T06:59:19","guid":{"rendered":"http:\/\/mersinkadingazetesi.com\/?p=32490"},"modified":"2024-05-12T09:59:19","modified_gmt":"2024-05-12T06:59:19","slug":"baskan-yildizdan-annelere-cicek","status":"publish","type":"post","link":"https:\/\/mersinkadingazetesi.com\/?p=32490","title":{"rendered":"&#8220;BA\u015eKAN YILDIZ&#8217;DAN ANNELERE \u00c7\u0130\u00c7EK&#8221;"},"content":{"rendered":"<p>Toroslar Belediye Ba\u015fkan\u0131 Abdurrahman Y\u0131ld\u0131z,  Anneler G\u00fcn\u00fc program\u0131 \u00e7er\u00e7evesinde Toroslar Belediyesi Teknik ve Mesleki E\u011fitim Kurslar\u0131&#8217;n\u0131n (TORTEK) e\u011fitmenleri ve kursiyerleri ile bir araya geldi.<\/p>\n<p>Kad\u0131n \u00e7al\u0131\u015fanlar\u0131n\u0131 birimlerinde ziyaret ederek belediye seras\u0131nda yeti\u015ftirilen Anneler G\u00fcn\u00fc \u00e7i\u00e7eklerini takdim eden Ba\u015fkan Y\u0131ld\u0131z, daha sonra TORTEK kursiyerlerinin haz\u0131rlad\u0131\u011f\u0131 Anneler G\u00fcn\u00fc etkinli\u011fine e\u015fi Feride Y\u0131ld\u0131z ile birlikte kat\u0131ld\u0131.<\/p>\n<p>Osmaniye Mahallesi&#8217;ndeki TORTEK merkezinde d\u00fczenlenen etkinlik, yo\u011fun ilgi g\u00f6rd\u00fc.<\/p>\n<p>&#8220;TORTEK KURS\u0130YERLER\u0130, D\u0130KT\u0130KLER\u0130 \u00dcR\u00dcNLER\u0130 DEF\u0130LEDE SERG\u0130LED\u0130&#8221;<\/p>\n<p>Toroslar Belediyesinin Anneler G\u00fcn\u00fc etkinli\u011fi; kad\u0131nlar\u0131n el eme\u011fi ve g\u00f6z nuru ile \u00fcrettikleri \u00fcr\u00fcnlerin sergisi, workshop ve y\u00f6r\u00fck kad\u0131n\u0131 temal\u0131 haz\u0131rlanan &#8220;Anadolu&#8217;dan Esintiler&#8221; adl\u0131 mini defile ile ta\u00e7land\u0131.<\/p>\n<p>Kursiyerler, diktikleri y\u00f6resel k\u0131yafetlerle defilede boy g\u00f6stererek, \u00fcnl\u00fc tasar\u0131mc\u0131lara ta\u015f \u00e7\u0131kard\u0131.<\/p>\n<p>Sergiyi gezerek \u00fcreten kad\u0131nlara te\u015fekk\u00fcr eden ve \u00f6zenle haz\u0131rlanan defileden dolay\u0131 t\u00fcm kursiyerlerini tebrik eden Ba\u015fkan Y\u0131ld\u0131z; &#8220;\u00dcretimde, e\u011fitimde, evde ve ya\u015fam\u0131n her alan\u0131nda ko\u015fulsuz g\u00fcvenin ad\u0131d\u0131r Anne. Anneler G\u00fcn\u00fc&#8217;n\u00fcz kutlu olsun&#8221; dedi.<\/p>\n<p>TORTEK Sa\u00e7 Bak\u0131m\u0131 ve G\u00fczellik kursunda e\u011fitim alarak ustal\u0131k belgelerini tamamlayan, Toroslar Belediyesince Dan\u0131\u015fmanl\u0131k Hizmetleri deste\u011fini alarak i\u015fyeri a\u00e7an kursiyerler de s\u00f6z alarak kendilerine sunulan bu desteklerden dolay\u0131 te\u015fekk\u00fcr etti.<\/p>\n<p>Etkinlikte Ba\u015fkan Y\u0131ld\u0131z&#8217;a, Alsancak TORTEK Seramik ve Heykel at\u00f6lyesinde tasarlanan Alada\u011f Mahallesi&#8217;ndeki tarihi K\u0131z\u0131lge\u00e7it K\u00f6pr\u00fcs\u00fc&#8217;n\u00fcn Tablosu ile Y\u00f6resel Kilim Dokuma Kurs Merkezi&#8217;nde dokunan kilim hediye edildi.<\/p>\n<p>&#8220;D\u00dcNYADAK\u0130 EN B\u00dcY\u00dcK SEVG\u0130 ANNE SEVG\u0130S\u0130D\u0130R&#8221;<\/p>\n<p>Etkinlikte konu\u015fan Toroslar Belediye Ba\u015fkan\u0131 Abdurrahman Y\u0131ld\u0131z, ya\u015fam\u0131n her an\u0131n\u0131 dokunu\u015flar\u0131yla g\u00fczelle\u015ftiren t\u00fcm annelerin ve anne adaylar\u0131n\u0131n Anneler G\u00fcn\u00fc&#8217;n\u00fc kutlayarak; &#8220;Belediyemizin \u00e7ok anlaml\u0131 i\u015flerinden biri olan TORTEK \u00f6\u011frencilerimizin \u00fcretti\u011fi \u00fcr\u00fcnlerin sergisini gezdik. Anneler G\u00fcn\u00fc dolay\u0131s\u0131yla haz\u0131rlanan bu etkinlik i\u00e7in hepsine ayr\u0131 ayr\u0131 te\u015fekk\u00fcr ediyorum. D\u00fcnyada hangi inanca, hangi d\u00fc\u015f\u00fcnceye, hangi ideolojiye sorarsan\u0131z sorun, en \u00f6nemli \u015fey annedir. Annelere dair ne s\u00f6ylense azd\u0131r. \u0130nsan\u0131n d\u00fcnyada belki kaybetti\u011fi en de\u011ferli varl\u0131k annesidir. Annesini kaybetmi\u015f bir arkada\u015f\u0131n\u0131z olarak, bunun k\u0131ymetini daha fazla biliyorum. Bazen vefas\u0131zl\u0131k ediyoruz, bazen \u00e7ok fazla \u00fcz\u00fcyoruz. Ama her \u015feye ra\u011fmen, ya\u015f\u0131m\u0131z ne olursa olsun onlar bizi sevmeye, korumaya devam ediyorlar&#8221; diye konu\u015ftu.<\/p>\n<p>Ba\u015fkan Y\u0131ld\u0131z&#8217;\u0131n konu\u015fmas\u0131n\u0131n ard\u0131ndan TORTEK kursiyerlerinin haz\u0131rlad\u0131\u011f\u0131 &#8220;Anadolu&#8217;dan Esintiler&#8221; adl\u0131 mini defile b\u00fcy\u00fck be\u011feni toplad\u0131.<\/p>\n<p>Belediye Meclis \u00dcyeleri ile kad\u0131n mahalle muhtarlar\u0131n\u0131n da kat\u0131ld\u0131\u011f\u0131 etkinlikte Ba\u015fkan Y\u0131ld\u0131z, t\u00fcm kat\u0131l\u0131mc\u0131lara \u00e7i\u00e7ek takdim ederek Anneler G\u00fcn\u00fc&#8217;n\u00fc kutlad\u0131.<\/p>\n","protected":false},"excerpt":{"rendered":"<p>Toroslar Belediye Ba\u015fkan\u0131 Abdurrahman Y\u0131ld\u0131z, Anneler G\u00fcn\u00fc program\u0131 \u00e7er\u00e7evesinde Toroslar Belediyesi Teknik ve Mesleki E\u011fitim Kurslar\u0131&#8217;n\u0131n (TORTEK) e\u011fitmenleri ve kursiyerleri ile bir araya geldi. Kad\u0131n \u00e7al\u0131\u015fanlar\u0131n\u0131 birimlerinde ziyaret ederek belediye seras\u0131nda yeti\u015ftirilen Anneler G\u00fcn\u00fc \u00e7i\u00e7eklerini takdim eden Ba\u015fkan Y\u0131ld\u0131z, daha sonra TORTEK kursiyerlerinin haz\u0131rlad\u0131\u011f\u0131 Anneler G\u00fcn\u00fc etkinli\u011fine e\u015fi Feride Y\u0131ld\u0131z ile birlikte kat\u0131ld\u0131. Osmaniye Mahallesi&#8217;ndeki [&hellip;]<\/p>\n","protected":false},"author":2,"featured_media":32491,"comment_status":"open","ping_status":"open","sticky":false,"template":"","format":"standard","meta":{"footnotes":""},"categories":[3,5],"tags":[],"class_list":["post-32490","post","type-post","status-publish","format-standard","has-post-thumbnail","hentry","category-manset","category-mersin"],"views":1,"_links":{"self":[{"href":"https:\/\/mersinkadingazetesi.com\/index.php?rest_route=\/wp\/v2\/posts\/32490"}],"collection":[{"href":"https:\/\/mersinkadingazetesi.com\/index.php?rest_route=\/wp\/v2\/posts"}],"about":[{"href":"https:\/\/mersinkadingazetesi.com\/index.php?rest_route=\/wp\/v2\/types\/post"}],"author":[{"embeddable":true,"href":"https:\/\/mersinkadingazetesi.com\/index.php?rest_route=\/wp\/v2\/users\/2"}],"replies":[{"embeddable":true,"href":"https:\/\/mersinkadingazetesi.com\/index.php?rest_route=%2Fwp%2Fv2%2Fcomments&post=32490"}],"version-history":[{"count":0,"href":"https:\/\/mersinkadingazetesi.com\/index.php?rest_route=\/wp\/v2\/posts\/32490\/revisions"}],"wp:featuredmedia":[{"embeddable":true,"href":"https:\/\/mersinkadingazetesi.com\/index.php?rest_route=\/wp\/v2\/media\/32491"}],"wp:attachment":[{"href":"https:\/\/mersinkadingazetesi.com\/index.php?rest_route=%2Fwp%2Fv2%2Fmedia&parent=32490"}],"wp:term":[{"taxonomy":"category","embeddable":true,"href":"https:\/\/mersinkadingazetesi.com\/index.php?rest_route=%2Fwp%2Fv2%2Fcategories&post=32490"},{"taxonomy":"post_tag","embeddable":true,"href":"https:\/\/mersinkadingazetesi.com\/index.php?rest_route=%2Fwp%2Fv2%2Ftags&post=32490"}],"curies":[{"name":"wp","href":"https:\/\/api.w.org\/{rel}","templated":true}]}}