{"id":32493,"date":"2024-05-12T10:01:08","date_gmt":"2024-05-12T07:01:08","guid":{"rendered":"http:\/\/mersinkadingazetesi.com\/?p=32493"},"modified":"2024-05-12T10:01:08","modified_gmt":"2024-05-12T07:01:08","slug":"buyuksehir-hayatin-her-aninda-ozel-bireylerin-yaninda","status":"publish","type":"post","link":"https:\/\/mersinkadingazetesi.com\/?p=32493","title":{"rendered":"B\u00dcY\u00dcK\u015eEH\u0130R HAYATIN HER ANINDA \u00d6ZEL B\u0130REYLER\u0130N YANINDA"},"content":{"rendered":"<p>Mersin B\u00fcy\u00fck\u015fehir Belediyesi Sa\u011fl\u0131k \u0130\u015fleri Dairesi Ba\u015fkanl\u0131\u011f\u0131 koordinesinde 10-16 May\u0131s Engelliler Haftas\u0131 kapsam\u0131nda &#8216;\u00c7ocu\u011fumun \u0130leti\u015fim, Dil ve Konu\u015fma Geli\u015fimini Nas\u0131l Desteklerim&#8217; ba\u015fl\u0131kl\u0131 bir seminer ger\u00e7ekle\u015ftirildi. Uzman Dil ve Konu\u015fma Terapisti Nida \u015eanl\u0131&#8217;n\u0131n konu\u015fmac\u0131 olarak kat\u0131l\u0131m sa\u011flad\u0131\u011f\u0131 seminer 2 oturumda d\u00fczenlendi.<\/p>\n<p>Ailelerin ilgisinin yo\u011fun oldu\u011fu seminerin ilk b\u00f6l\u00fcm\u00fcnde ileti\u015fim, dil, konu\u015fma geli\u015fimi basamaklar\u0131 ve dikkat edilmesi gereken davran\u0131\u015flar konular\u0131na dikkat \u00e7eken Uzman Dil ve Konu\u015fma Terapisti Nida \u015eanl\u0131, ikinci b\u00f6l\u00fcmde ise \u00f6zel gereksinimli bireylerin bu konularda nas\u0131l desteklenmesi gerekti\u011fi hakk\u0131nda aileleri hem teorik olarak, hem de uygulamalarla bilgilendirdi.  <\/p>\n<p>\u015eanl\u0131: &#8220;\u0130leti\u015fim, dil ve konu\u015fma k\u0131s\u0131mlar\u0131n\u0131 detaylar\u0131yla ele ald\u0131k&#8221;<\/p>\n<p>\u0130lk b\u00f6l\u00fcmde dili anlama, ifade etmede geli\u015fimsel basamaklar\u0131n neler oldu\u011fu k\u0131s\u0131mlar\u0131 hem videolarla, hem de kar\u015f\u0131l\u0131kl\u0131 anlat\u0131mla dile getirdiklerini belirten Uzman Dil ve Konu\u015fma Terapisti Nida \u015eanl\u0131, &#8220;Bunlar \u00e7ok \u00f6nemli, \u00e7\u00fcnk\u00fc bunlarda herhangi bir gerilik ya da gecikme varsa, konu\u015fma a\u00e7\u0131s\u0131ndan m\u00fcdahale etmemiz gereken durumlar a\u00e7\u0131\u011fa \u00e7\u0131k\u0131yor. \u0130lk b\u00f6l\u00fcmde daha normal geli\u015fimdeki ileti\u015fim dil ve konu\u015fma geli\u015fimi basamaklar\u0131n\u0131n neler oldu\u011funu payla\u015ft\u0131k. \u0130kinci b\u00f6l\u00fcmde ise; otizmli, down sendromlu, serebral palsili farkl\u0131 yetersizlikleri, farkl\u0131 deste\u011fe ihtiyac\u0131 olan bireylerde biz bu alanlar\u0131 nas\u0131l destekleriz k\u0131sm\u0131n\u0131 hem uygulamalarla, hem de videolarla tamamlad\u0131k&#8221; ifadelerine yer verdi. <\/p>\n<p>Y\u0131ld\u0131r\u0131m: &#8220;Bu hafta hem \u00e7ocuklar\u0131m\u0131z\u0131n sosyalle\u015febilece\u011fi, hem de ailelerimize y\u00f6nelik etkinliklerimiz olacak&#8221;<\/p>\n<p>B\u00fcy\u00fck\u015fehir Belediyesi Otizm Aile Dan\u0131\u015fma Merkezi Sorumlusu Bilge Y\u0131ld\u0131r\u0131m, 10-16 May\u0131s Engelliler Haftas\u0131 kapsam\u0131nda ilk etkinliklerini ger\u00e7ekle\u015ftirdiklerini belirterek, &#8220;\u00d6zellikle ilk etkinli\u011fi dil ve konu\u015fma alan\u0131nda yapmak istedik. Velilerimiz ile \u00e7ok interaktif bir \u015fekilde, \u00e7ocu\u011funun dil geli\u015fimini nas\u0131l destekleyece\u011fi hakk\u0131nda bir seminer d\u00fczenledik. Ailelerimiz aktif kat\u0131l\u0131m g\u00f6sterdi. Bu hafta hem \u00e7ocuklar\u0131m\u0131z\u0131n sosyalle\u015febilece\u011fi, hem de ailelerimize y\u00f6nelik pek \u00e7ok etkinli\u011fimiz var. 10-16 May\u0131s boyunca her g\u00fcn ortalama 2 etkinli\u011fimiz olacak&#8221; dedi.<\/p>\n<p>Aileler seminerden memnun kald\u0131<\/p>\n<p>Semineri dinlemeye gelen velilerden Fevziye Karao\u011flan, 2,5 ya\u015f\u0131nda \u00e7ocu\u011funa Otizm te\u015fhisi kondu\u011funu ve B\u00fcy\u00fck\u015fehir&#8217;in Otizm Aile Dan\u0131\u015fma Merkezi&#8217;nin hizmetlerinden yararland\u0131\u011f\u0131n\u0131 belirterek, &#8220;Kas\u0131m&#8217;dan bu yana e\u011fitim al\u0131yoruz. \u00c7ok memnunum. \u00c7e\u015fitli konularda bizi bilgilendiriyorlar. Bug\u00fcn de dil \u00fczerine yap\u0131lan seminer \u00e7ok g\u00fczeldi. De\u011ferli bilgiler edindik. Her kat\u0131ld\u0131\u011f\u0131m toplant\u0131da, her hocam\u0131z\u0131n verdi\u011fi bilgiyle, \u00e7ocu\u011fuma nas\u0131l yard\u0131mc\u0131 olabilece\u011fim hususunda kendimi geli\u015ftiriyorum&#8221; diye konu\u015ftu.<\/p>\n<p>Zelal Yi\u011fit de Otizm Aile Dan\u0131\u015fma Merkezi&#8217;nden yararland\u0131\u011f\u0131n\u0131 ve B\u00fcy\u00fck\u015fehir&#8217;in d\u00fczenledi\u011fi bilgilendirme ama\u00e7l\u0131 etkinliklere kat\u0131ld\u0131\u011f\u0131n\u0131 ifade ederek, &#8220;\u00c7ocu\u011fum 6 ya\u015f\u0131nda ve konu\u015fma g\u00fc\u00e7l\u00fc\u011f\u00fc \u00e7ekiyor. Nida Hoca&#8217;n\u0131n seminerine o y\u00fczden kat\u0131lmak istedim. Genel olarak terapistler kartlarla \u00e7al\u0131\u015ft\u0131\u011f\u0131 i\u00e7in evde o \u015fekilde ilerliyorduk; ama burada g\u00fcnl\u00fck ya\u015fam becerileriyle, yapt\u0131\u011f\u0131m\u0131z g\u00fcnl\u00fck i\u015flerle devam ettirmemiz gerekti\u011fini, \u00e7ocukta jest ve mimiklerimizi kullanmam\u0131z gerekti\u011fini anlad\u0131m. Seminerden gayet memnun kald\u0131m&#8221; ifadelerini kulland\u0131.<\/p>\n<p>\u00d6mer Ayd\u0131n ise \u00e7ocu\u011funa 20 ayl\u0131kken Otizm te\u015fhisi kondu\u011funu, tavsiye \u00fczerine B\u00fcy\u00fck\u015fehir&#8217;in Otizm Aile Dan\u0131\u015fma Merkezi&#8217;ne gittiklerini ve \u00e7ok memnun kald\u0131klar\u0131n\u0131 s\u00f6yleyerek, &#8220;Bu tarz seminerlerin \u00e7ok faydal\u0131 oldu\u011funu d\u00fc\u015f\u00fcn\u00fcyorum. S\u0131k olmas\u0131, bizim bilgilenmemiz a\u00e7\u0131s\u0131ndan da \u00e7ok faydal\u0131. Bir\u00e7ok yerden bilgi al\u0131yoruz, ama en do\u011fru bilgiyi en do\u011fru yerden almaya \u00e7al\u0131\u015f\u0131yoruz. Bu seminerin bize b\u00fcy\u00fck katk\u0131s\u0131 oldu\u011funa inan\u0131yorum&#8221; dedi.<\/p>\n","protected":false},"excerpt":{"rendered":"<p>Mersin B\u00fcy\u00fck\u015fehir Belediyesi Sa\u011fl\u0131k \u0130\u015fleri Dairesi Ba\u015fkanl\u0131\u011f\u0131 koordinesinde 10-16 May\u0131s Engelliler Haftas\u0131 kapsam\u0131nda &#8216;\u00c7ocu\u011fumun \u0130leti\u015fim, Dil ve Konu\u015fma Geli\u015fimini Nas\u0131l Desteklerim&#8217; ba\u015fl\u0131kl\u0131 bir seminer ger\u00e7ekle\u015ftirildi. Uzman Dil ve Konu\u015fma Terapisti Nida \u015eanl\u0131&#8217;n\u0131n konu\u015fmac\u0131 olarak kat\u0131l\u0131m sa\u011flad\u0131\u011f\u0131 seminer 2 oturumda d\u00fczenlendi. Ailelerin ilgisinin yo\u011fun oldu\u011fu seminerin ilk b\u00f6l\u00fcm\u00fcnde ileti\u015fim, dil, konu\u015fma geli\u015fimi basamaklar\u0131 ve dikkat edilmesi [&hellip;]<\/p>\n","protected":false},"author":2,"featured_media":32494,"comment_status":"open","ping_status":"open","sticky":false,"template":"","format":"standard","meta":{"footnotes":""},"categories":[3,9],"tags":[],"class_list":["post-32493","post","type-post","status-publish","format-standard","has-post-thumbnail","hentry","category-manset","category-saglik"],"views":1,"_links":{"self":[{"href":"https:\/\/mersinkadingazetesi.com\/index.php?rest_route=\/wp\/v2\/posts\/32493"}],"collection":[{"href":"https:\/\/mersinkadingazetesi.com\/index.php?rest_route=\/wp\/v2\/posts"}],"about":[{"href":"https:\/\/mersinkadingazetesi.com\/index.php?rest_route=\/wp\/v2\/types\/post"}],"author":[{"embeddable":true,"href":"https:\/\/mersinkadingazetesi.com\/index.php?rest_route=\/wp\/v2\/users\/2"}],"replies":[{"embeddable":true,"href":"https:\/\/mersinkadingazetesi.com\/index.php?rest_route=%2Fwp%2Fv2%2Fcomments&post=32493"}],"version-history":[{"count":0,"href":"https:\/\/mersinkadingazetesi.com\/index.php?rest_route=\/wp\/v2\/posts\/32493\/revisions"}],"wp:featuredmedia":[{"embeddable":true,"href":"https:\/\/mersinkadingazetesi.com\/index.php?rest_route=\/wp\/v2\/media\/32494"}],"wp:attachment":[{"href":"https:\/\/mersinkadingazetesi.com\/index.php?rest_route=%2Fwp%2Fv2%2Fmedia&parent=32493"}],"wp:term":[{"taxonomy":"category","embeddable":true,"href":"https:\/\/mersinkadingazetesi.com\/index.php?rest_route=%2Fwp%2Fv2%2Fcategories&post=32493"},{"taxonomy":"post_tag","embeddable":true,"href":"https:\/\/mersinkadingazetesi.com\/index.php?rest_route=%2Fwp%2Fv2%2Ftags&post=32493"}],"curies":[{"name":"wp","href":"https:\/\/api.w.org\/{rel}","templated":true}]}}