{"id":32499,"date":"2024-05-12T10:05:30","date_gmt":"2024-05-12T07:05:30","guid":{"rendered":"http:\/\/mersinkadingazetesi.com\/?p=32499"},"modified":"2024-05-12T10:05:30","modified_gmt":"2024-05-12T07:05:30","slug":"chpli-yilmaz-anneler-gununu-kutladi","status":"publish","type":"post","link":"https:\/\/mersinkadingazetesi.com\/?p=32499","title":{"rendered":"CHP&#8217;li Y\u0131lmaz, Anneler G\u00fcn\u00fc&#8217;n\u00fc kutlad\u0131"},"content":{"rendered":"<p>Cumhuriyet Halk Partisi Mezitli \u0130l\u00e7e Ba\u015fkan\u0131 Av. Ula\u015f Y\u0131lmaz, sa\u011fl\u0131kl\u0131 toplumun g\u00fc\u00e7l\u00fc kad\u0131nlarla olabilece\u011fine vurgu yaparak, Anneler G\u00fcn\u00fc&#8217;n\u00fc kutlad\u0131.<\/p>\n<p>Cumhuriyet Halk Partisi Mezitli \u0130l\u00e7e Ba\u015fkan\u0131 Av. Ula\u015f Y\u0131lmaz, Anneler G\u00fcn\u00fc mesaj\u0131nda, \u00e7ocu\u011fun yeti\u015fmesinde annelerin \u00f6nemine i\u015faret ederek, g\u00fc\u00e7l\u00fc toplum i\u00e7in kad\u0131n\u0131n her alanda g\u00fc\u00e7lendirilmesi gerekti\u011fini vurgulad\u0131. Kad\u0131n yoksullu\u011funun \u00e7ocuk yoksullu\u011funu da art\u0131rd\u0131\u011f\u0131na i\u015faret eden Y\u0131lmaz, kad\u0131nlar\u0131n i\u015f ya\u015fam\u0131ndan siyasete her alanda \u00f6n\u00fcndeki engellerin kald\u0131r\u0131lmas\u0131 gerekti\u011fini ifade etti.<br \/>\nKad\u0131nlar\u0131n i\u015f ya\u015fam\u0131na kat\u0131l\u0131mlar\u0131n\u0131 sa\u011flamak i\u00e7in Cumhuriyet Halk Partili belediyelerin a\u00e7t\u0131\u011f\u0131 kre\u015flerin \u00f6nemine i\u015faret eden Y\u0131lmaz, \u015fu \u00f6nerilerde bulundu: &#8220;\u00c7al\u0131\u015fma ya\u015fam\u0131nda kad\u0131nlara kar\u015f\u0131 mevcut her t\u00fcrl\u00fc ayr\u0131mc\u0131l\u0131k kald\u0131r\u0131lmal\u0131, i\u015f i\u00e7in de\u011ferlendirme ile i\u015fe giri\u015fte kad\u0131nlar\u0131n i\u015fe al\u0131nmas\u0131 te\u015fvik edilmelidir. \u0130\u015fyerlerinde kre\u015f olanaklar\u0131n\u0131n yayg\u0131nla\u015ft\u0131r\u0131lmal\u0131.  \u00c7ocuk ve ya\u015fl\u0131 bak\u0131m\u0131 i\u00e7in gerekli olan kurumlar geli\u015ftirilmeli, \u00e7al\u0131\u015fan annelerin i\u015f y\u00fckleri azalt\u0131lmal\u0131d\u0131r.  Anal\u0131k izni s\u0131ras\u0131nda zorunlu sigorta kaynaklar\u0131yla \u00f6denen \u00fccretler makul d\u00fczeye y\u00fckseltilmeli.<\/p>\n<p>\u00c7OCUK YA\u015eTA ERKEN EVL\u0130L\u0130K \u00d6NLENMEL\u0130<\/p>\n<p>Gebeli\u011fe, anal\u0131\u011fa, emzirmeye ve cinsiyete ba\u011fl\u0131 i\u015ften \u00e7\u0131karmalar ve do\u011fumdan sonra \u00e7al\u0131\u015fmaya d\u00f6nen kad\u0131nlara uygulanan ayr\u0131mc\u0131l\u0131k yasal ve idari yap\u0131lanmalarla \u00f6nlenmeli. Kad\u0131n sa\u011fl\u0131\u011f\u0131 konusunda koruyucu sa\u011fl\u0131k \u00f6nlemleri geli\u015ftirilmeli. Evlilikte, hem erkekler, hem kad\u0131nlarda 18 ya\u015f\u0131n\u0131 tamamlam\u0131\u015f olmas\u0131 ko\u015fulu \u00f6ng\u00f6r\u00fclmeli, \u00e7ocuk ya\u015fta erken evlilik \u00f6nlenmeli.&#8221;<br \/>\n&#8220;Bir anne t\u00fcm d\u00fcnyay\u0131 de\u011fi\u015ftirebilir&#8221; s\u00f6z\u00fcn\u00fc an\u0131msatan Y\u0131lmaz, &#8220;B\u00fcy\u00fck \u00f6nder Mustafa Kemal Atat\u00fcrk&#8217;\u00fcn sevgili annesi Z\u00fcbeyde Han\u0131m ba\u015fta olmak \u00fczere t\u00fcm annelerin Anneler G\u00fcn\u00fc kutlu olsun!&#8221; dedi.<\/p>\n","protected":false},"excerpt":{"rendered":"<p>Cumhuriyet Halk Partisi Mezitli \u0130l\u00e7e Ba\u015fkan\u0131 Av. Ula\u015f Y\u0131lmaz, sa\u011fl\u0131kl\u0131 toplumun g\u00fc\u00e7l\u00fc kad\u0131nlarla olabilece\u011fine vurgu yaparak, Anneler G\u00fcn\u00fc&#8217;n\u00fc kutlad\u0131. Cumhuriyet Halk Partisi Mezitli \u0130l\u00e7e Ba\u015fkan\u0131 Av. Ula\u015f Y\u0131lmaz, Anneler G\u00fcn\u00fc mesaj\u0131nda, \u00e7ocu\u011fun yeti\u015fmesinde annelerin \u00f6nemine i\u015faret ederek, g\u00fc\u00e7l\u00fc toplum i\u00e7in kad\u0131n\u0131n her alanda g\u00fc\u00e7lendirilmesi gerekti\u011fini vurgulad\u0131. Kad\u0131n yoksullu\u011funun \u00e7ocuk yoksullu\u011funu da art\u0131rd\u0131\u011f\u0131na i\u015faret eden Y\u0131lmaz, [&hellip;]<\/p>\n","protected":false},"author":2,"featured_media":32500,"comment_status":"open","ping_status":"open","sticky":false,"template":"","format":"standard","meta":{"footnotes":""},"categories":[3],"tags":[],"class_list":["post-32499","post","type-post","status-publish","format-standard","has-post-thumbnail","hentry","category-manset"],"views":2,"_links":{"self":[{"href":"https:\/\/mersinkadingazetesi.com\/index.php?rest_route=\/wp\/v2\/posts\/32499"}],"collection":[{"href":"https:\/\/mersinkadingazetesi.com\/index.php?rest_route=\/wp\/v2\/posts"}],"about":[{"href":"https:\/\/mersinkadingazetesi.com\/index.php?rest_route=\/wp\/v2\/types\/post"}],"author":[{"embeddable":true,"href":"https:\/\/mersinkadingazetesi.com\/index.php?rest_route=\/wp\/v2\/users\/2"}],"replies":[{"embeddable":true,"href":"https:\/\/mersinkadingazetesi.com\/index.php?rest_route=%2Fwp%2Fv2%2Fcomments&post=32499"}],"version-history":[{"count":0,"href":"https:\/\/mersinkadingazetesi.com\/index.php?rest_route=\/wp\/v2\/posts\/32499\/revisions"}],"wp:featuredmedia":[{"embeddable":true,"href":"https:\/\/mersinkadingazetesi.com\/index.php?rest_route=\/wp\/v2\/media\/32500"}],"wp:attachment":[{"href":"https:\/\/mersinkadingazetesi.com\/index.php?rest_route=%2Fwp%2Fv2%2Fmedia&parent=32499"}],"wp:term":[{"taxonomy":"category","embeddable":true,"href":"https:\/\/mersinkadingazetesi.com\/index.php?rest_route=%2Fwp%2Fv2%2Fcategories&post=32499"},{"taxonomy":"post_tag","embeddable":true,"href":"https:\/\/mersinkadingazetesi.com\/index.php?rest_route=%2Fwp%2Fv2%2Ftags&post=32499"}],"curies":[{"name":"wp","href":"https:\/\/api.w.org\/{rel}","templated":true}]}}