{"id":32508,"date":"2024-05-12T10:13:12","date_gmt":"2024-05-12T07:13:12","guid":{"rendered":"http:\/\/mersinkadingazetesi.com\/?p=32508"},"modified":"2024-05-12T10:13:12","modified_gmt":"2024-05-12T07:13:12","slug":"mersin-buyuksehir-ozel-gereksinimli-cocuklarin-her-gun-yaninda","status":"publish","type":"post","link":"https:\/\/mersinkadingazetesi.com\/?p=32508","title":{"rendered":"MERS\u0130N B\u00dcY\u00dcK\u015eEH\u0130R, \u00d6ZEL GEREKS\u0130N\u0130ML\u0130 \u00c7OCUKLARIN HER G\u00dcN YANINDA"},"content":{"rendered":"<p>\u00d6zel gereksinimli bireylerin toplumsal hayata daha \u00e7ok kat\u0131lmas\u0131n\u0131 sa\u011flamak ve hayat standartlar\u0131n\u0131 y\u00fckseltmek amac\u0131yla sosyal, k\u00fclt\u00fcrel ve sportif faaliyetler d\u00fczenleyen Mersin B\u00fcy\u00fck\u015fehir Belediyesi, &#8217;10-16 May\u0131s Engelliler Haftas\u0131&#8217; dolay\u0131s\u0131yla &#8216;\u00c7ocuk \u015eenli\u011fi&#8217; d\u00fczenledi. Sa\u011fl\u0131k \u0130\u015fleri Dairesi Ba\u015fkanl\u0131\u011f\u0131 taraf\u0131ndan Seyfi Alanya Spor Salonu&#8217;nda d\u00fczenlenen \u015fenlikte \u00f6zel gereksinimli \u00e7ocuklar ve aileleri hep birlikte yer ald\u0131. <\/p>\n<p>Spor Salonu&#8217;nun i\u00e7erisinde oynanan halat \u00e7ekme, \u00e7uval yar\u0131\u015f\u0131, ip atlama, ka\u015f\u0131kla top ta\u015f\u0131ma gibi geleneksel oyunlar\u0131 \u00f6\u011frenen \u00e7ocuklar; masa tenisi, curling, hemsball ve futbol gibi oyunlar ile de birbirleriyle rekabet ettiler. Spor Salonu bah\u00e7esinde kurulan \u015fi\u015fme oyun gruplar\u0131nda ise \u00e7ocuklar\u0131n sevinci ve mutlulu\u011fu doruklara \u00e7\u0131kt\u0131. \u00c7al\u0131nan m\u00fczik e\u015fli\u011finde dans eden \u00e7ocuklara s\u0131k s\u0131k aileleri de e\u015flik etti. B\u00fcy\u00fckten k\u00fc\u00e7\u00fc\u011fe herkesin \u00e7ok e\u011flendi\u011fi ve keyifli vakit ge\u00e7irdi\u011fi etkinlikte, ikraml\u0131klar da \u00e7ocuklar\u0131n a\u011f\u0131zlar\u0131n\u0131 tatland\u0131rd\u0131. Etraf\u0131 \u00e7ocuk ne\u015fesi ve kahkahalar\u0131n\u0131n sard\u0131\u011f\u0131, engellerin yaln\u0131zca zihinde oldu\u011funu g\u00f6stermeyi ama\u00e7layan fark\u0131ndal\u0131k etkinli\u011fi; hem \u00f6zel gereksinimli \u00e7ocuklar\u0131, hem de ailelerini olduk\u00e7a memnun etti.<\/p>\n<p>Gerbo\u011fa: &#8220;Hem fark\u0131ndal\u0131k yaratt\u0131k, hem de \u00e7ocuklar\u0131m\u0131z doyas\u0131ya e\u011flendi&#8221;<\/p>\n<p>Sa\u011fl\u0131k \u0130\u015fleri Dairesi Ba\u015fkanl\u0131\u011f\u0131&#8217;na ba\u011fl\u0131 Engelliler \u015eube M\u00fcd\u00fcr\u00fc Abdullah Gerbo\u011fa, &#8217;10-16 May\u0131s Engelliler Haftas\u0131&#8217; kapsam\u0131nda bir dizi etkinlik planlad\u0131klar\u0131n\u0131 dile getirerek, &#8220;Bir hafta boyunca 12 adet etkinli\u011fimiz var. Burada \u00f6zel gereksinimli \u00e7ocuklar ve \u00f6\u011frencilerle birlikte, \u00e7ok g\u00fczel bir oyun \u015fenli\u011fi ger\u00e7ekle\u015ftirdik. \u00c7ocuklar\u0131m\u0131z salonda sporlar\u0131 deneyimlerken, d\u0131\u015far\u0131da \u015fi\u015fme oyun gruplar\u0131nda m\u00fczik e\u015fli\u011finde e\u011flendiler. Sonraki g\u00fcnlerde de \u00e7e\u015fitli programlar\u0131m\u0131z olacak. Bu kapsamda hem fark\u0131ndal\u0131k yaratmak, hem de \u00e7ocuklar\u0131m\u0131z\u0131n e\u011flenmesi i\u00e7in b\u00f6yle bir etkinlik d\u00fczenledik&#8221; dedi.<\/p>\n<p>\u00d6zel gereksinimli bireylere destek olmak i\u00e7in B\u00fcy\u00fck\u015fehir&#8217;in yapm\u0131\u015f oldu\u011fu uygulamalar hakk\u0131nda da bilgi veren Gerbo\u011fa, &#8220;Amac\u0131m\u0131z; b\u00fcnyemizde yer alan tesis ve e\u011fitim merkezleri ile \u00f6zel gereksinimli bireylerin sosyal hayata kat\u0131l\u0131mlar\u0131n\u0131 sa\u011flamak, ailelerine de psikolojik dan\u0131\u015fmanl\u0131k hizmeti vermek. Onlar\u0131n e\u011fitimlerine katk\u0131 sunmak, ba\u011f\u0131ms\u0131z birer birey olarak toplumda yer almalar\u0131n\u0131 sa\u011flamak istiyoruz&#8221; diye konu\u015ftu.<\/p>\n<p>\u0130lerleyen g\u00fcnlerde yapmay\u0131 planlad\u0131klar\u0131 etkinlik dizisinden de bahseden Gerbo\u011fa, &#8220;\u00d6n\u00fcm\u00fczdeki g\u00fcnlerde \u00f6zel gereksinimli \u00e7ocuklar\u0131m\u0131z\u0131n, al\u0131\u015fveri\u015f merkezinde g\u00f6sterileri olacak. Daha sonras\u0131nda konser ve engelsiz sanat at\u00f6lyemiz ile Bocce turnuvam\u0131z olacak. Yine \u00f6zel \u00e7ocuklar\u0131m\u0131zla birlikte Tarsus&#8217;ta bir \u015fenlik d\u00fczenleyece\u011fiz. Anneler i\u00e7in de beden ve ruh sa\u011fl\u0131\u011f\u0131 at\u00f6lyelerimiz olacak. Bu haftay\u0131 dolu dolu ge\u00e7irmeyi d\u00fc\u015f\u00fcn\u00fcyoruz. Mersin B\u00fcy\u00fck\u015fehir Belediyesi olarak, y\u0131l boyunca \u00f6zel gereksinimli \u00e7ocuklar\u0131n talepleri do\u011frultusunda \u00e7e\u015fitli organizasyonlar ve etkinlikler d\u00fczenliyoruz&#8221; ifadelerini kulland\u0131.<\/p>\n<p>\u015eenlikte \u00e7ocuklar dans edip, bol bol oyun oynad\u0131lar<\/p>\n<p>Etkinli\u011fi \u00e7ok be\u011fendi\u011fini s\u00f6yleyen anne Elif Ensari, &#8220;Gayet g\u00fczel ve e\u011flenceli ge\u00e7ti. \u00c7ocuklar\u0131m\u0131z\u0131n zaman\u0131 genelde evde ge\u00e7iyordu ve ihtiya\u00e7lar\u0131 vard\u0131. \u00c7ok g\u00fczel bir parkur olu\u015fturulmu\u015f. G\u00fczel bir aktivite oldu&#8221; derken, Otizmli bir \u00e7ocu\u011fu bulunan Anne \u00d6zden S\u0131k\u0131k, &#8220;Onlar bug\u00fcn \u00e7ok mutlu oldular. \u00c7ok g\u00fczel bir g\u00fcn. Her zaman b\u00f6yle etkinliklerin olmas\u0131n\u0131 istiyoruz. \u00c7ocuklar hem sosyalle\u015ftiler, hem de enerjilerini att\u0131lar&#8221; dedi.<\/p>\n<p>Anne Nurdo\u011fan Karaduman, k\u0131z\u0131n\u0131n etkinli\u011fi duydu\u011fundan beri heyecandan uyumad\u0131\u011f\u0131n\u0131 dile getirerek, &#8220;Etkinlik ba\u015fl\u0131 ba\u015f\u0131na heyecan oldu bizim i\u00e7in. Burada bir bayram havas\u0131 vard\u0131. \u00c7ocuklar\u0131m\u0131z \u00e7ok keyif ald\u0131 ve de\u015farj oldular. Onlar mutlu olunca, biz de mutlu oluyoruz&#8221; diye konu\u015ftu.<\/p>\n<p>\u00d6zel gereksinimli \u00e7ocuklar\u0131n sosyal aktivitelere \u00e7ok s\u0131k kat\u0131lma imkan\u0131 bulamad\u0131klar\u0131n\u0131 belirten \u00d6zlem \u015eim\u015fek, &#8220;\u00c7ocuklar\u0131m\u0131z bu t\u00fcr etkinlikler sayesinde, biraz olsun d\u0131\u015far\u0131 \u00e7\u0131kabiliyor ve e\u011fleniyor. Eve \u00e7ok daha mutlu gidiyorlar ve bizlere daha \u00e7ok kat\u0131l\u0131m sa\u011fl\u0131yorlar. K\u0131sacas\u0131 her anlamda motive oluyorlar&#8221; ifadelerini kulland\u0131.<\/p>\n<p>B\u00fcy\u00fck\u015fehir taraf\u0131ndan d\u00fczenlenen etkinli\u011fe kat\u0131lan 17 ya\u015f\u0131ndaki Edanur Ta\u015f, &#8220;Buras\u0131 \u00e7ok g\u00fczeldi ve e\u011flenceliydi. Arkada\u015flar\u0131m\u0131zla \u00e7ok memnun kald\u0131k. Basket ve tenis oynad\u0131k. Kendimi iyi hissettim. 17 ya\u015f\u0131ma kadar ilk kez b\u00f6yle g\u00fczel bir g\u00fcn ge\u00e7irdim&#8221; dedi.<\/p>\n<p>\u00c7ocuklardan Do\u011fanay \u015eahin, &#8220;Etkinlik \u00e7ok g\u00fczel ge\u00e7ti. Basket ve voleybol oynad\u0131k, sonra Curlinge ge\u00e7tik. Arkada\u015flar\u0131mla i\u00e7 i\u00e7e bir g\u00fcn ge\u00e7irdim ve \u00e7ok mutlu oldum&#8221; derken, etkinli\u011fi \u00e7ok be\u011fendi\u011fini s\u00f6yleyen \u00e7ocuklardan Aysel Karaduman, &#8220;Burada olmaktan mutluluk duydum.  Annem ve babamla geldim. Oyunlar oynad\u0131m. M\u0131s\u0131r ve pamuklu \u015feker da\u011f\u0131t\u0131ld\u0131&#8221; dedi.  <\/p>\n<p>Berivan Yavuz da etkinlikte \u00e7ok e\u011flendi\u011fini s\u00f6yleyerek, &#8220;Bu etkinli\u011fi ger\u00e7ekle\u015ftirdi\u011fi i\u00e7in Belediye Ba\u015fkan\u0131m\u0131z Vahap Se\u00e7er&#8217;e \u00e7ok te\u015fekk\u00fcr ederim. O&#8217;nu g\u00f6rmek ve yan\u0131na gidip foto\u011fraf \u00e7ektirmek istiyorum&#8221; dedi.<\/p>\n","protected":false},"excerpt":{"rendered":"<p>\u00d6zel gereksinimli bireylerin toplumsal hayata daha \u00e7ok kat\u0131lmas\u0131n\u0131 sa\u011flamak ve hayat standartlar\u0131n\u0131 y\u00fckseltmek amac\u0131yla sosyal, k\u00fclt\u00fcrel ve sportif faaliyetler d\u00fczenleyen Mersin B\u00fcy\u00fck\u015fehir Belediyesi, &#8217;10-16 May\u0131s Engelliler Haftas\u0131&#8217; dolay\u0131s\u0131yla &#8216;\u00c7ocuk \u015eenli\u011fi&#8217; d\u00fczenledi. Sa\u011fl\u0131k \u0130\u015fleri Dairesi Ba\u015fkanl\u0131\u011f\u0131 taraf\u0131ndan Seyfi Alanya Spor Salonu&#8217;nda d\u00fczenlenen \u015fenlikte \u00f6zel gereksinimli \u00e7ocuklar ve aileleri hep birlikte yer ald\u0131. Spor Salonu&#8217;nun i\u00e7erisinde oynanan [&hellip;]<\/p>\n","protected":false},"author":2,"featured_media":32509,"comment_status":"open","ping_status":"open","sticky":false,"template":"","format":"standard","meta":{"footnotes":""},"categories":[3],"tags":[],"class_list":["post-32508","post","type-post","status-publish","format-standard","has-post-thumbnail","hentry","category-manset"],"views":1,"_links":{"self":[{"href":"https:\/\/mersinkadingazetesi.com\/index.php?rest_route=\/wp\/v2\/posts\/32508"}],"collection":[{"href":"https:\/\/mersinkadingazetesi.com\/index.php?rest_route=\/wp\/v2\/posts"}],"about":[{"href":"https:\/\/mersinkadingazetesi.com\/index.php?rest_route=\/wp\/v2\/types\/post"}],"author":[{"embeddable":true,"href":"https:\/\/mersinkadingazetesi.com\/index.php?rest_route=\/wp\/v2\/users\/2"}],"replies":[{"embeddable":true,"href":"https:\/\/mersinkadingazetesi.com\/index.php?rest_route=%2Fwp%2Fv2%2Fcomments&post=32508"}],"version-history":[{"count":0,"href":"https:\/\/mersinkadingazetesi.com\/index.php?rest_route=\/wp\/v2\/posts\/32508\/revisions"}],"wp:featuredmedia":[{"embeddable":true,"href":"https:\/\/mersinkadingazetesi.com\/index.php?rest_route=\/wp\/v2\/media\/32509"}],"wp:attachment":[{"href":"https:\/\/mersinkadingazetesi.com\/index.php?rest_route=%2Fwp%2Fv2%2Fmedia&parent=32508"}],"wp:term":[{"taxonomy":"category","embeddable":true,"href":"https:\/\/mersinkadingazetesi.com\/index.php?rest_route=%2Fwp%2Fv2%2Fcategories&post=32508"},{"taxonomy":"post_tag","embeddable":true,"href":"https:\/\/mersinkadingazetesi.com\/index.php?rest_route=%2Fwp%2Fv2%2Ftags&post=32508"}],"curies":[{"name":"wp","href":"https:\/\/api.w.org\/{rel}","templated":true}]}}