{"id":32511,"date":"2024-05-12T10:14:34","date_gmt":"2024-05-12T07:14:34","guid":{"rendered":"http:\/\/mersinkadingazetesi.com\/?p=32511"},"modified":"2024-05-12T10:14:34","modified_gmt":"2024-05-12T07:14:34","slug":"toroslarimizda-yerel-demokrasiyi-hep-birlikte-insa-edecegiz","status":"publish","type":"post","link":"https:\/\/mersinkadingazetesi.com\/?p=32511","title":{"rendered":"&#8220;TOROSLARIMIZDA YEREL DEMOKRAS\u0130Y\u0130 HEP B\u0130RL\u0130KTE \u0130N\u015eA EDECE\u011e\u0130Z&#8221;"},"content":{"rendered":"<p>Mersin&#8217;in merkez il\u00e7esi Toroslar Belediye Ba\u015fkan\u0131 Abdurrahman Y\u0131ld\u0131z, il\u00e7ede g\u00f6rev yapan mahalle muhtarlar\u0131yla kahvalt\u0131 program\u0131nda bulu\u015ftu.<\/p>\n<p>&#8220;Y\u00fcz\u00fc g\u00fclen, nefes alan Toroslar&#8221; i\u00e7in yap\u0131lacak \u00e7al\u0131\u015fmalarla ilgili fikir al\u0131\u015fveri\u015finde bulunulan &#8220;Muhtarlar Bulu\u015fmas\u0131&#8221; program\u0131 yo\u011fun ilgi g\u00f6rd\u00fc.<\/p>\n<p>T\u00fcrkiye Muhtarlar Federasyonu Mersin \u015eube Ba\u015fkan\u0131 Halil \u0130brahim Soysal, Toroslar Muhtarlar Derne\u011fi Ba\u015fkan\u0131 ve \u00c7aml\u0131dere Mahalle Muhtar\u0131 Ali Y\u0131lmaz, belediye meclis \u00fcyeleri ve mahalle muhtarlar\u0131n\u0131n kat\u0131ld\u0131\u011f\u0131 programda birlik ve beraberlik mesaj\u0131 veren Ba\u015fkan Y\u0131ld\u0131z, her bir muhtar\u0131n, her bir yurtta\u015f\u0131n sesine kulak vereceklerini, belediyeyi &#8220;ortak ak\u0131l&#8221; ile y\u00f6neteceklerini s\u00f6yledi.<\/p>\n<p>Program\u0131n a\u00e7\u0131l\u0131\u015f konu\u015fmas\u0131n\u0131 Toroslar Muhtarlar Derne\u011fi Ba\u015fkan\u0131 ve \u00c7aml\u0131dere Mahalle Muhtar\u0131 Ali Y\u0131lmaz yapt\u0131. Y\u0131lmaz, il\u00e7enin mahalle muhtarlar\u0131n\u0131 bir araya getiren Ba\u015fkan Y\u0131ld\u0131z&#8217;a te\u015fekk\u00fcr ederek, t\u00fcm mahalle muhtarlar\u0131na da g\u00f6revlerinde ba\u015far\u0131lar diledi.<\/p>\n<p>T\u00fcrkiye Muhtarlar Federasyonu Mersin \u015eube Ba\u015fkan\u0131 Halil \u0130brahim Soysal da Ba\u015fkan Y\u0131ld\u0131z&#8217;a te\u015fekk\u00fcr plaketi takdim ederek; &#8220;T\u00fcm muhtarlar\u0131m\u0131za hizmetlerinde ba\u015far\u0131lar diliyorum. Bizim derdimiz hizmet, g\u00fcc\u00fcm\u00fcz millet&#8221; dedi.<\/p>\n<p>&#8220;1 N\u0130SAN TAR\u0130H\u0130 \u0130LE TOROSLAR&#8217;DA C\u0130DD\u0130 B\u0130R DE\u011e\u0130\u015e\u0130M BA\u015eLADI&#8221;<\/p>\n<p>Programda konu\u015fan Toroslar Belediye Ba\u015fkan\u0131 Abdurrahman Y\u0131ld\u0131z ise t\u00fcm muhtarlara \u00f6n\u00fcm\u00fczdeki be\u015f y\u0131l boyunca ba\u015far\u0131lar dileyerek; &#8220;1 Nisan tarihi itibariyle Toroslar&#8217;da bir\u00e7ok \u015feyin ciddi bir \u015fekilde de\u011fi\u015fmeye ba\u015flad\u0131\u011f\u0131n\u0131, muhtarlar\u0131m\u0131z ve Toroslar\u0131m\u0131zda ya\u015fayan 330 bin hem\u015fehrimiz fark etmi\u015ftir. Toroslar\u0131m\u0131z, 30 y\u0131l \u00f6nce belediye oldu. En eski il\u00e7e olmas\u0131na ve Mersin&#8217;in merkezi olmas\u0131na ra\u011fmen belki bir vizyondan, belki de y\u00f6netme al\u0131\u015fkanl\u0131klar\u0131ndan kaynakl\u0131 hak etti\u011fi de\u011feri bir t\u00fcrl\u00fc bulamad\u0131. Toroslar&#8217;\u0131n y\u00fczde 50&#8217;sinden fazlas\u0131 herhangi bir mimari ya da m\u00fchendislik hizmeti almam\u0131\u015f y\u0131\u011fma binalardan olu\u015fuyor. Toroslar\u0131m\u0131zda halen \u00e7ocuklar\u0131m\u0131z\u0131n rahat\u00e7a gidip oynayabilecekleri yeterince park imar edilmemi\u015f. Asfaltlar ve kald\u0131r\u0131mlar problemli. Muhtarlar\u0131m\u0131z\u0131n da genel \u015fikayeti bu. Bunlar\u0131n mesele oldu\u011funu d\u00fc\u015f\u00fcnm\u00fcyorum. \u00c7ok \u00f6nceden \u00e7\u00f6z\u00fclmesi gerekti\u011fini d\u00fc\u015f\u00fcn\u00fcyorum. \u00c7ok basit meseleler, bug\u00fcne kadar \u00e7\u00f6z\u00fclememi\u015f. Yeni Toroslar&#8217;da, Toroslar&#8217;\u0131n yeni d\u00f6neminde bu konu\u015ftu\u011fumuz problemlerin hi\u00e7biri problem olarak g\u00f6sterilmeyecek. Bunlar\u0131n hepsi standart belediyecilik hizmetlerinin ba\u015f\u0131nda geliyor&#8221; ifadelerini kulland\u0131.<\/p>\n<p>&#8220;STANDART BELED\u0130YEC\u0130L\u0130K H\u0130ZMETLER\u0130N\u0130N DI\u015eINDA YERELDE DEMOKRAS\u0130Y\u0130 OLU\u015eTURAB\u0130LECEK B\u0130R Y\u00d6NET\u0130MLE DEVRALDIK&#8221;<\/p>\n<p>Ba\u015fkan Y\u0131ld\u0131z, 1 Nisan&#8217;dan sonra belediyeyi standart belediyecilik hizmetlerinin d\u0131\u015f\u0131nda yerelde demokrasiyi olu\u015fturabilecek bir y\u00f6netimle devrald\u0131klar\u0131n\u0131 kaydederek; &#8220;Belediyecilik dedi\u011fimiz \u015feyin kendisi, b\u00fcrokratik i\u015flemler toplam\u0131d\u0131r. Esas olan \u015feyin kendisi, yerel demokrasiyi in\u015fa etme halidir. Yani biz yerel demokrasiyi in\u015fa etmeye aday\u0131z. Demokrasinin yeniden in\u015fa edilmesi, yerelden in\u015fa edilmesi ve demokrasinin Toroslar&#8217;da i\u00e7selle\u015ftirilme meselesi, bizim derdimiz. Bu i\u00e7selle\u015ftirilme ya\u015fama ge\u00e7ilirse, problem diye g\u00f6sterilen bir dolu mesele kendili\u011finden \u00e7\u00f6z\u00fclm\u00fc\u015f olacak. Her birimiz di\u011fer birimizi dinlemeyi, hakk\u0131na hukukuna riayet etmeyi \u00f6\u011frenece\u011fiz. Bunlar\u0131 i\u00e7selle\u015ftirdi\u011fimiz andan itibaren yol yapmak, asfalt d\u00f6kmek, kald\u0131r\u0131m ve park yapmak da asl\u0131nda kendili\u011finden olabilecek bir meseledir&#8221; diye konu\u015ftu.<\/p>\n<p>&#8220;MUHTARLAR BEN\u0130M MESA\u0130 ARKADA\u015eLARIM&#8221;<\/p>\n<p>Muhtarlarla i\u015fbirli\u011fi i\u00e7inde \u00e7al\u0131\u015fman\u0131n \u00f6nemine de\u011finen Ba\u015fkan Y\u0131ld\u0131z, \u015fu ifadeleri kulland\u0131; &#8220;Yerelden demokrasi ya\u015fama ge\u00e7erse bu belediyeyi, muhtarlar\u0131m\u0131z ve 330 bin insan\u0131m\u0131zla beraber y\u00f6netece\u011fiz. Sorunlar\u0131m\u0131z\u0131 hep beraber masaya yat\u0131raca\u011f\u0131z. Buna ili\u015fkin b\u00fct\u00e7emiz ve kentimizin durumu belli. Bunlar\u0131 beraber olu\u015fturup, sorunlar\u0131 da \u00e7\u00f6z\u00fcmleriyle beraber bulaca\u011f\u0131z. Yerelden demokrasi diye anlatmaya \u00e7al\u0131\u015ft\u0131\u011f\u0131m\u0131z \u015feyin kendisi b\u00fct\u00e7e yapma hakk\u0131d\u0131r. Her bir muhtar\u0131n mahallesinde ya\u015fayan her bir yurtta\u015f, bu b\u00fct\u00e7enin sahibidir. Dolay\u0131s\u0131yla bu b\u00fct\u00e7enin nas\u0131l harcanabilece\u011fine ili\u015fkin fikir vermek, katk\u0131 sunmak da asl\u0131nda o mahallenin muhtar\u0131n\u0131n ve o kentte ya\u015fayan insan\u0131n hakk\u0131d\u0131r. Biz diyoruz ki Toroslar insan\u0131na b\u00fct\u00e7e hakk\u0131n\u0131 tan\u0131yaca\u011f\u0131z. Buradaki temel g\u00f6rev muhtarlar\u0131m\u0131za d\u00fc\u015f\u00fcyor. 67 mahallemiz var. Mersinimizin n\u00fcfusunun en kalabal\u0131k il\u00e7esi Toroslar&#8217;d\u0131r. En \u00e7ok g\u00f6rev de bizim muhtarlar\u0131m\u0131za ait. \u00d6n\u00fcm\u00fczdeki g\u00fcnlerde bir stratejik plan haz\u0131rlayaca\u011f\u0131z.  E\u011fer biz b\u00fct\u00e7e yapma hakk\u0131n\u0131 koruyacaksak, e\u011fer biz yurtta\u015f\u0131n akl\u0131n\u0131, fikrini ortak ak\u0131l ve kolektif y\u00f6netim haline getireceksek, o zaman stratejik plandan ba\u015flamal\u0131y\u0131z. \u00d6n\u00fcm\u00fczdeki be\u015f y\u0131l i\u00e7erisinde Toroslar&#8217;da ne yapacaksak, Toroslar halk\u0131yla birlikte karar vermeliyiz. Birlikte karar vermeliyiz ki b\u00fct\u00e7eyi nas\u0131l kullanaca\u011f\u0131m\u0131z\u0131 buradan \u00e7\u0131karal\u0131m. 67 mahallemizin tamam\u0131nda muhtarlar\u0131m\u0131zla birlikte mahalle sakinlerimizi \u00e7a\u011f\u0131ral\u0131m. Kat\u0131lmak isteyen herkes gelsin. O mahalleyi, o mahalleliyle birlikte ve o mahallenin muhtar\u0131n\u0131n nezaretinde konu\u015fal\u0131m. Tek tek mahallerimizi gezelim, eksiklerimizi tespit edelim. Biz demokratik belediyecilik yapmayaca\u011f\u0131z. Biz yerel demokrasiyi in\u015fa edece\u011fiz. E\u011fer yerel demokrasiyi in\u015fa etme iddiam\u0131z varsa, b\u00fct\u00e7e hakk\u0131n\u0131 yurtta\u015fa verme iddiam\u0131z varsa, yurtta\u015f\u0131n sadece fiziki ya da sosyal yard\u0131mlar konusundaki fikrini almak de\u011fil, bir b\u00fct\u00fcn olarak bu mahallede her bir bireyin belediye y\u00f6netimine nas\u0131l katk\u0131 sunaca\u011f\u0131n\u0131, nas\u0131l kendisini orada ifade edebilece\u011finin mekanizmalar\u0131n\u0131 olu\u015fturmam\u0131z laz\u0131m.  Belediyenin yetkisini, sadece belediye ba\u015fkan\u0131n\u0131n ve belediye meclis \u00fcyelerinin ukdesinden \u00e7\u0131kart\u0131p, yerel demokrasiyi in\u015fa etmek i\u00e7in, o yerelde ya\u015fayan ve katk\u0131 sunmak isteyen herkesin yetkisini almak laz\u0131m diye d\u00fc\u015f\u00fcn\u00fcyorum. Benim belediyeyi y\u00f6netme anlay\u0131\u015f\u0131m bu. Ortak fikir olu\u015fturmak dedi\u011fim, kolektif y\u00f6netim dedi\u011fim bu. Bunu se\u00e7imlerden \u00f6nce, kampanya d\u00f6neminde de defalarca b\u00fct\u00fcn konu\u015fmalar\u0131mda s\u00f6yledim. \u015eimdi bunu ya\u015fama ge\u00e7irme zaman\u0131. Belediyemizin kap\u0131s\u0131 herkese a\u00e7\u0131k. T\u00fcm muhtar arkada\u015flar\u0131ma mesai arkada\u015flar\u0131m diyorum. \u00c7\u00fcnk\u00fc muhtarl\u0131k kurumu, yerel demokrasinin i\u015fledi\u011fi alanlardan bir tanesidir. 1 Nisan&#8217;dan itibaren ba\u015fka bir Toroslar&#8217;a uyand\u0131k. Yerel demokrasinin in\u015fa edilece\u011fi, muhtarlar\u0131n 24 saat belediye hizmetlerinin i\u00e7erisinde olaca\u011f\u0131, fikrini s\u00f6yledi\u011fi bir mekanizmay\u0131 kurmak bizim temel hedefimiz. 330 bin insan\u0131n kendini ifade edebilece\u011fi bir belediye olu\u015fturmaya \u00e7al\u0131\u015f\u0131yoruz. Stratejik Plan\u0131m\u0131z\u0131n haz\u0131rl\u0131k toplant\u0131s\u0131n\u0131n ilkini muhtarlar\u0131m\u0131zla yapm\u0131\u015f olduk. Bu toplant\u0131, &#8220;Muhtarl\u0131k \u00c7al\u0131\u015ftay\u0131&#8221; olarak da de\u011ferlendirilmelidir&#8221; \u015feklinde konu\u015ftu.<\/p>\n","protected":false},"excerpt":{"rendered":"<p>Mersin&#8217;in merkez il\u00e7esi Toroslar Belediye Ba\u015fkan\u0131 Abdurrahman Y\u0131ld\u0131z, il\u00e7ede g\u00f6rev yapan mahalle muhtarlar\u0131yla kahvalt\u0131 program\u0131nda bulu\u015ftu. &#8220;Y\u00fcz\u00fc g\u00fclen, nefes alan Toroslar&#8221; i\u00e7in yap\u0131lacak \u00e7al\u0131\u015fmalarla ilgili fikir al\u0131\u015fveri\u015finde bulunulan &#8220;Muhtarlar Bulu\u015fmas\u0131&#8221; program\u0131 yo\u011fun ilgi g\u00f6rd\u00fc. T\u00fcrkiye Muhtarlar Federasyonu Mersin \u015eube Ba\u015fkan\u0131 Halil \u0130brahim Soysal, Toroslar Muhtarlar Derne\u011fi Ba\u015fkan\u0131 ve \u00c7aml\u0131dere Mahalle Muhtar\u0131 Ali Y\u0131lmaz, belediye meclis [&hellip;]<\/p>\n","protected":false},"author":2,"featured_media":32512,"comment_status":"open","ping_status":"open","sticky":false,"template":"","format":"standard","meta":{"footnotes":""},"categories":[1,2,3],"tags":[],"class_list":["post-32511","post","type-post","status-publish","format-standard","has-post-thumbnail","hentry","category-genel","category-gundem","category-manset"],"views":1,"_links":{"self":[{"href":"https:\/\/mersinkadingazetesi.com\/index.php?rest_route=\/wp\/v2\/posts\/32511"}],"collection":[{"href":"https:\/\/mersinkadingazetesi.com\/index.php?rest_route=\/wp\/v2\/posts"}],"about":[{"href":"https:\/\/mersinkadingazetesi.com\/index.php?rest_route=\/wp\/v2\/types\/post"}],"author":[{"embeddable":true,"href":"https:\/\/mersinkadingazetesi.com\/index.php?rest_route=\/wp\/v2\/users\/2"}],"replies":[{"embeddable":true,"href":"https:\/\/mersinkadingazetesi.com\/index.php?rest_route=%2Fwp%2Fv2%2Fcomments&post=32511"}],"version-history":[{"count":0,"href":"https:\/\/mersinkadingazetesi.com\/index.php?rest_route=\/wp\/v2\/posts\/32511\/revisions"}],"wp:featuredmedia":[{"embeddable":true,"href":"https:\/\/mersinkadingazetesi.com\/index.php?rest_route=\/wp\/v2\/media\/32512"}],"wp:attachment":[{"href":"https:\/\/mersinkadingazetesi.com\/index.php?rest_route=%2Fwp%2Fv2%2Fmedia&parent=32511"}],"wp:term":[{"taxonomy":"category","embeddable":true,"href":"https:\/\/mersinkadingazetesi.com\/index.php?rest_route=%2Fwp%2Fv2%2Fcategories&post=32511"},{"taxonomy":"post_tag","embeddable":true,"href":"https:\/\/mersinkadingazetesi.com\/index.php?rest_route=%2Fwp%2Fv2%2Ftags&post=32511"}],"curies":[{"name":"wp","href":"https:\/\/api.w.org\/{rel}","templated":true}]}}