{"id":32517,"date":"2024-05-12T10:23:52","date_gmt":"2024-05-12T07:23:52","guid":{"rendered":"http:\/\/mersinkadingazetesi.com\/?p=32517"},"modified":"2024-05-12T10:23:52","modified_gmt":"2024-05-12T07:23:52","slug":"temsili-askerlik-yapan-engelli-vatandaslarimiz-icin-yemin-ve-terhis-toreni-duzenlendi","status":"publish","type":"post","link":"https:\/\/mersinkadingazetesi.com\/?p=32517","title":{"rendered":"TEMS\u0130L\u0130 ASKERL\u0130K YAPAN ENGELL\u0130 VATANDA\u015eLARIMIZ \u0130\u00c7\u0130N YEM\u0130N VE TERH\u0130S T\u00d6REN\u0130 D\u00dcZENLEND\u0130"},"content":{"rendered":"<p>Valimiz Ali Hamza Pehlivan, Engelliler Haftas\u0131 etkinlikleri kapsam\u0131nda Akdeniz B\u00f6lge ve Garnizon Komutanl\u0131\u011f\u0131 taraf\u0131ndan organize edilen \u2018Temsili Askerlik Yemin ve Terhis T\u00f6reni\u2019ne kat\u0131ld\u0131.<\/p>\n<p>Akdeniz B\u00f6lge ve Garnizon Komutanl\u0131\u011f\u0131\u2019nda sayg\u0131 duru\u015funda bulunulmas\u0131 ve \u0130stiklal Mar\u015f\u0131\u2019n\u0131n okunmas\u0131yla ba\u015flayan t\u00f6rende bir konu\u015fma ger\u00e7ekle\u015ftiren Vali Pehlivan; \u201cBiz, b\u00fcy\u00fck ve tarihe damga vurmu\u015f \u015fanl\u0131 bir orduya sahibiz. Hepimizin bildi\u011fi ve zaman zaman tekrarlad\u0131\u011f\u0131 \u00f6zellikle de askeri faaliyetler vesilesiyle \u00e7ok dile getirilen bir s\u00f6z vard\u0131r:<br \/>\n\u2018Her T\u00fcrk asker do\u011far.\u201d <\/p>\n<p>\u201cAsker oca\u011f\u0131n\u0131 ayn\u0131 zamanda Peygamber oca\u011f\u0131 olarak kabul ederiz. Tarih boyunca da b\u00f6yle kabul edilmi\u015ftir. Bu ocak, nice kahraman evlatlar yeti\u015ftirmi\u015ftir ve yeti\u015ftirmektedir. Tarih sahnesine \u00e7\u0131kt\u0131\u011f\u0131 g\u00fcnden bug\u00fcne kadar mensubu olmaktan gurur duydu\u011fumuz necip milletimiz t\u00fcrl\u00fc zorluklar\u0131n \u00fcstesinden gelmi\u015f ve bu zorluklar\u0131n \u00fcstesinden gelirken ordumuz \u00e7ok b\u00fcy\u00fck, \u00f6zverili bir \u015fekilde fedakarca, \u00fcst\u00fcn gayretle, takdire \u015fayan ba\u015far\u0131lar elde etmi\u015ftir. Bu yolda ilerlerken milletimizin, devletimizin, medeniyet yolculu\u011funda \u00e7ok b\u00fcy\u00fck katk\u0131lar sa\u011flam\u0131\u015ft\u0131r.\u201d dedi. <\/p>\n<p>Vali Pehlivan s\u00f6zlerinin devam\u0131nda; \u201cBug\u00fcn bir g\u00fcnl\u00fck sembolik askerlik yapmak \u00fczere \u00f6zel bireylerimizle, karde\u015flerimiz ve siz k\u0131ymetli aileleriyle bir araday\u0131z. Ordumuzla milletimizle, devletimizle gurur duyuyoruz. Bu sevgili karde\u015flerimiz ile ayr\u0131ca gurur duyuyoruz. Onlar sizlere de bizlere de emanettir. Bu sevgili karde\u015flerimiz ailelerimizin, toplumumuzun, \u00fclkemizin bereketidir. Ve bug\u00fcn g\u00f6r\u00fcyoruz ki bu k\u0131yafetler onlara ziyadesiyle yak\u0131\u015ft\u0131. Hem jandarma k\u0131yafetleri hem deniz kuvvetlerimize ait k\u0131yafetleri \u00e7ok da g\u00fczel bir \u015fekilde ta\u015f\u0131yorlar.\u201d<\/p>\n<p>\u201cKendileri, aileleri ve biz de unutulmaz bir g\u00fcn ya\u015f\u0131yoruz. \u0130nan\u0131yorum ki bu hat\u0131ralar \u00f6m\u00fcr boyunca sizler taraf\u0131ndan da bizler taraf\u0131ndan da unutulmayacakt\u0131r. Bu karde\u015flerimizin g\u00f6n\u00fcllerindeki o g\u00fczellik kadar g\u00fczel ya\u015famlar\u0131 olmas\u0131n\u0131 temenni ediyorum.\u201d <\/p>\n<p>\u201cEtkinli\u011fe ev sahipli\u011fi yapan ba\u015fta k\u0131ymetli Garnizon Komutan\u0131m\u0131z olmak \u00fczere eme\u011fi ge\u00e7en herkese te\u015fekk\u00fcr ediyorum. G\u00fcn\u00fcm\u00fcz\u00fcn t\u00f6renimizin hay\u0131rlara vesile olmas\u0131n\u0131 diliyor, askerli\u011finiz hay\u0131rl\u0131 olsun diyor, sizleri sevgiyle, sayg\u0131yla selaml\u0131yorum.\u201d dedi.<\/p>\n<p>Programda, Akdeniz B\u00f6lge ve Garnizon Komutan\u0131 Tu\u011famiral Murat F\u0131rat\u2019\u0131n konu\u015fmas\u0131n\u0131n ard\u0131ndan konu\u015fan Engelli Denizci Er Beytullah G\u00fcven; vatani g\u00f6revi bir g\u00fcn dahi yapman\u0131n gurur verici oldu\u011funu, bu duyguyu en \u00fcst derecede ya\u015fad\u0131klar\u0131n\u0131 belirtti.<\/p>\n<p>Vali Pehlivan ve protokol \u00fcyeleri yemin t\u00f6reninde, 56 denizci ve 19 Jandarma Er olarak temsili askerlik yapan 75 engelli vatanda\u015f\u0131m\u0131z\u0131n terhis heyecan\u0131na ortak olup, omuz omuza silah ve bayrak \u00fczerine el basarak yemin eden engelli vatanda\u015flar\u0131m\u0131za terhis belgelerini verdi.<\/p>\n<p>Vali Pehlivan, yap\u0131lan t\u00f6renin akabinde engelli vatanda\u015flar\u0131m\u0131z ve aileleriyle yak\u0131ndan ilgilendi.<\/p>\n<p>T\u00f6rene; Cumhuriyet Ba\u015fsavc\u0131s\u0131 Tolgahan \u00d6ztoprak, Tarsus \u00dcniversitesi Rekt\u00f6r\u00fc Prof. Dr. Orhan Ayd\u0131n, Vali Yard\u0131mc\u0131s\u0131 Adem Y\u0131lmaz, Akdeniz Kaymakam\u0131 Zeyit \u015eener, \u0130l Emniyet M\u00fcd\u00fcr\u00fc Kamil Karab\u00f6rk, \u0130l Jandarma Komutan\u0131 Tu\u011fgeneral Ercan Atasoy, Sahil G\u00fcvenlik Akdeniz B\u00f6lge Komutan\u0131 Tu\u011famiral O\u011fuz Bavbek ve engelli vatanda\u015flar\u0131m\u0131z\u0131n aileleri kat\u0131ld\u0131.<\/p>\n","protected":false},"excerpt":{"rendered":"<p>Valimiz Ali Hamza Pehlivan, Engelliler Haftas\u0131 etkinlikleri kapsam\u0131nda Akdeniz B\u00f6lge ve Garnizon Komutanl\u0131\u011f\u0131 taraf\u0131ndan organize edilen \u2018Temsili Askerlik Yemin ve Terhis T\u00f6reni\u2019ne kat\u0131ld\u0131. Akdeniz B\u00f6lge ve Garnizon Komutanl\u0131\u011f\u0131\u2019nda sayg\u0131 duru\u015funda bulunulmas\u0131 ve \u0130stiklal Mar\u015f\u0131\u2019n\u0131n okunmas\u0131yla ba\u015flayan t\u00f6rende bir konu\u015fma ger\u00e7ekle\u015ftiren Vali Pehlivan; \u201cBiz, b\u00fcy\u00fck ve tarihe damga vurmu\u015f \u015fanl\u0131 bir orduya sahibiz. Hepimizin bildi\u011fi ve [&hellip;]<\/p>\n","protected":false},"author":2,"featured_media":32518,"comment_status":"open","ping_status":"open","sticky":false,"template":"","format":"standard","meta":{"footnotes":""},"categories":[2,3],"tags":[],"class_list":["post-32517","post","type-post","status-publish","format-standard","has-post-thumbnail","hentry","category-gundem","category-manset"],"views":3,"_links":{"self":[{"href":"https:\/\/mersinkadingazetesi.com\/index.php?rest_route=\/wp\/v2\/posts\/32517"}],"collection":[{"href":"https:\/\/mersinkadingazetesi.com\/index.php?rest_route=\/wp\/v2\/posts"}],"about":[{"href":"https:\/\/mersinkadingazetesi.com\/index.php?rest_route=\/wp\/v2\/types\/post"}],"author":[{"embeddable":true,"href":"https:\/\/mersinkadingazetesi.com\/index.php?rest_route=\/wp\/v2\/users\/2"}],"replies":[{"embeddable":true,"href":"https:\/\/mersinkadingazetesi.com\/index.php?rest_route=%2Fwp%2Fv2%2Fcomments&post=32517"}],"version-history":[{"count":0,"href":"https:\/\/mersinkadingazetesi.com\/index.php?rest_route=\/wp\/v2\/posts\/32517\/revisions"}],"wp:featuredmedia":[{"embeddable":true,"href":"https:\/\/mersinkadingazetesi.com\/index.php?rest_route=\/wp\/v2\/media\/32518"}],"wp:attachment":[{"href":"https:\/\/mersinkadingazetesi.com\/index.php?rest_route=%2Fwp%2Fv2%2Fmedia&parent=32517"}],"wp:term":[{"taxonomy":"category","embeddable":true,"href":"https:\/\/mersinkadingazetesi.com\/index.php?rest_route=%2Fwp%2Fv2%2Fcategories&post=32517"},{"taxonomy":"post_tag","embeddable":true,"href":"https:\/\/mersinkadingazetesi.com\/index.php?rest_route=%2Fwp%2Fv2%2Ftags&post=32517"}],"curies":[{"name":"wp","href":"https:\/\/api.w.org\/{rel}","templated":true}]}}